{"id":15903,"date":"2018-01-19T16:30:49","date_gmt":"2018-01-19T16:30:49","guid":{"rendered":"http:\/\/granadacostanacional.es\/?p=15903"},"modified":"2018-01-19T16:30:49","modified_gmt":"2018-01-19T16:30:49","slug":"amresorts-apuesta-por-el-turista-espanol","status":"publish","type":"post","link":"https:\/\/granadacostaglobal.es\/?p=15903","title":{"rendered":"AMRESORTS APUESTA POR EL TURISTA ESPA\u00d1OL"},"content":{"rendered":"<p style=\"text-align: justify;\">La colecci\u00f3n de resorts de lujo l\u00edder en M\u00e9xico, Caribe y Centroam\u00e9rica cierra 2017 con una ocupaci\u00f3n media del 80% e ingresos de m\u00e1s de 1.500 millones de d\u00f3lares.<\/p>\n<p style=\"text-align: justify;\">AMResorts\u00ae, una de las compa\u00f1\u00edas integrantes de Apple Leisure Group\u00ae dedicada a la operaci\u00f3n de sus seis marcas de hoteles de lujo <em>All Inclusive<\/em> en las playas del Caribe, M\u00e9xico y Centroam\u00e9rica, ha presentado el balance de resultados de 2017 y ha dado a conocer las l\u00edneas de actuaci\u00f3n para 2018 en FITUR, una de las grandes citas de referencia en el sector tur\u00edstico.<\/p>\n<p style=\"text-align: justify;\">Los m\u00e1ximos dirigentes de las compa\u00f1\u00edas han querido estar presentes en esta feria para mostrar su inter\u00e9s por el mercado espa\u00f1ol, ya que para AMResorts resulta un p\u00fablico cada vez m\u00e1s atractivo gracias a la recuperaci\u00f3n de su poder adquisitivo y a la creciente b\u00fasqueda de experiencias de lujo.<\/p>\n<p style=\"text-align: justify;\">FITUR ha contado con la presencia de \u00c1lex Zozaya, Consejero Delegado de Apple Leisure Group; John Hutchinson, Presidente de Apple Leisure Group; Javier Coll, Vicepresidente Ejecutivo y Director de Estrategias del grupo; y Gonzalo del Pe\u00f3n, Presidente de AMResorts y Unlimited Vacation Club, que adem\u00e1s han querido tomar contacto con inversionistas dispuestos a colaborar con la compa\u00f1\u00eda para incrementar su cartera hotelera.<\/p>\n<p style=\"text-align: justify;\">AMResorts cerr\u00f3 el ejercicio de 2017 con ingresos de m\u00e1s de 1.500 millones de d\u00f3lares \u2013un 20% m\u00e1s que en 2016\u2013 y una ocupaci\u00f3n media del 80%.<\/p>\n<p style=\"text-align: justify;\">El futuro de la compa\u00f1\u00eda dentro del mercado espa\u00f1ol se centra en la desestacionalizaci\u00f3n de sus ocupaciones, atrayendo a un turismo que viaja principalmente en verano, periodo en el que su principal hu\u00e9sped, el norteamericano, disminuye.<\/p>\n<p style=\"text-align: justify;\">Seg\u00fan Gonzalo del Pe\u00f3n, Presidente de AMResorts, \u201clos espa\u00f1oles, fans del Todo Incluido, escogen, cada vez m\u00e1s, pasar sus vacaciones en destinos de playa como los que propone AMResorts, con nuevas experiencias que cumplan expectativas m\u00e1s altas\u201d.<\/p>\n<p style=\"text-align: justify;\">Desde su fundaci\u00f3n en 2001, AMResorts ha tenido una trayectoria de gran crecimiento y \u00e9xito en ventas, marketing y servicios de<em> brand management<\/em>, proponiendo productos de alta calidad\u00a0dirigidos al mercado del ocio de lujo. Actualmente cuenta con 52 resorts y m\u00e1s de 19.000 habitaciones repartidos en 23 destinos de Costa Rica, Cura\u00e7ao, Jamaica, M\u00e9xico, Panam\u00e1 y Rep\u00fablica Dominicana.<\/p>\n","protected":false},"excerpt":{"rendered":"<p>La colecci\u00f3n de resorts de lujo l\u00edder en M\u00e9xico, Caribe y Centroam\u00e9rica cierra 2017 con una ocupaci\u00f3n media del 80%&hellip;<\/p>\n","protected":false},"author":2,"featured_media":15904,"comment_status":"open","ping_status":"open","sticky":false,"template":"","format":"standard","meta":{"om_disable_all_campaigns":false,"_mi_skip_tracking":false,"_monsterinsights_sitenote_active":false,"_monsterinsights_sitenote_note":"","_monsterinsights_sitenote_category":0,"footnotes":""},"categories":[22],"tags":[],"aioseo_notices":[],"_links":{"self":[{"href":"https:\/\/granadacostaglobal.es\/index.php?rest_route=\/wp\/v2\/posts\/15903"}],"collection":[{"href":"https:\/\/granadacostaglobal.es\/index.php?rest_route=\/wp\/v2\/posts"}],"about":[{"href":"https:\/\/granadacostaglobal.es\/index.php?rest_route=\/wp\/v2\/types\/post"}],"author":[{"embeddable":true,"href":"https:\/\/granadacostaglobal.es\/index.php?rest_route=\/wp\/v2\/users\/2"}],"replies":[{"embeddable":true,"href":"https:\/\/granadacostaglobal.es\/index.php?rest_route=%2Fwp%2Fv2%2Fcomments&post=15903"}],"version-history":[{"count":0,"href":"https:\/\/granadacostaglobal.es\/index.php?rest_route=\/wp\/v2\/posts\/15903\/revisions"}],"wp:featuredmedia":[{"embeddable":true,"href":"https:\/\/granadacostaglobal.es\/index.php?rest_route=\/"}],"wp:attachment":[{"href":"https:\/\/granadacostaglobal.es\/index.php?rest_route=%2Fwp%2Fv2%2Fmedia&parent=15903"}],"wp:term":[{"taxonomy":"category","embeddable":true,"href":"https:\/\/granadacostaglobal.es\/index.php?rest_route=%2Fwp%2Fv2%2Fcategories&post=15903"},{"taxonomy":"post_tag","embeddable":true,"href":"https:\/\/granadacostaglobal.es\/index.php?rest_route=%2Fwp%2Fv2%2Ftags&post=15903"}],"curies":[{"name":"wp","href":"https:\/\/api.w.org\/{rel}","templated":true}]}}