{"id":15900,"date":"2018-01-19T16:27:17","date_gmt":"2018-01-19T16:27:17","guid":{"rendered":"http:\/\/granadacostanacional.es\/?p=15900"},"modified":"2018-01-19T16:27:17","modified_gmt":"2018-01-19T16:27:17","slug":"fallo-del-jurado-del-i-certamen-de-poesia-publicada-en-el-periodico-granada-costa","status":"publish","type":"post","link":"https:\/\/granadacostaglobal.es\/?p=15900","title":{"rendered":"Fallo del jurado del I Certamen de Poes\u00eda publicada en el Peri\u00f3dico Granada Costa"},"content":{"rendered":"<p style=\"text-align: justify;\">Reunido el jurado del I Certamen de Poes\u00eda publicada en el Peri\u00f3dico Granada Costa durante el ejercicio 2017 en sus 12 n\u00fameros, comenzando en el n\u00famero 456 y finalizando en el n\u00famero 467, despu\u00e9s de haber valorado la puntuaci\u00f3n mes a mes, el jurado acuerda por unanimidad conceder los siguientes premios entre premiados y finalistas:<\/p>\n<p style=\"text-align: justify;\">Primer premio:<\/p>\n<ul style=\"text-align: justify;\">\n<li>D. Jos\u00e9 Luis Ruiz Vidal<\/li>\n<\/ul>\n<p style=\"text-align: justify;\">Segundos premios:<\/p>\n<ul style=\"text-align: justify;\">\n<li>D\u00f1a. Amparo Bonet Alc\u00f3n<\/li>\n<li>D. Jos\u00e9 Mar\u00eda Guti\u00e9rrez<\/li>\n<li>D\u00f1a. Victoria Cuenca G\u00f1ecco<\/li>\n<\/ul>\n<p style=\"text-align: justify;\">Siendo finalistas todos los poetas que han tomado parte en el Certamen y que, asimismo, tambi\u00e9n han sido votados.<\/p>\n<p style=\"text-align: justify;\">D\u00f1a. Mar\u00eda Dolores Alabarces<\/p>\n<p style=\"text-align: justify;\">D\u00f1a. Mar\u00eda Jos\u00e9 Alem\u00e1n<\/p>\n<p style=\"text-align: justify;\">D\u00f1a. Ester Alonso<\/p>\n<p style=\"text-align: justify;\">D\u00f1a. Madic Aguil\u00f3<\/p>\n<p style=\"text-align: justify;\">D. H\u00e9ctor Balbona<\/p>\n<p style=\"text-align: justify;\">D\u00f1a. Ben Al\u00ed<\/p>\n<p style=\"text-align: justify;\">D. Jos\u00e9 Antonio Bueno<\/p>\n<p style=\"text-align: justify;\">D\u00f1a. Mari Carmen Bono<\/p>\n<p style=\"text-align: justify;\">D. J. Bosco Faner<\/p>\n<p style=\"text-align: justify;\">D\u00f1a. Mar\u00eda Elo\u00edsa Bonet S\u00e1nchez<\/p>\n<p style=\"text-align: justify;\">D. Francisco Jim\u00e9nez Ballesteros<\/p>\n<p style=\"text-align: justify;\">D\u00f1a. Pepi Cano<\/p>\n<p style=\"text-align: justify;\">D. Antonio Cerc\u00f3s Esteve<\/p>\n<p style=\"text-align: justify;\">D. Ricardo Campos Urbaneja<\/p>\n<p style=\"text-align: justify;\">D. Rafael Camacho<\/p>\n<p style=\"text-align: justify;\">D\u00f1a. Concepci\u00f3n Coll<\/p>\n<p style=\"text-align: justify;\">D. Jos\u00e9 Jaime Capel Molina<\/p>\n<p style=\"text-align: justify;\">D. Juan Jes\u00fas D\u00edaz<\/p>\n<p style=\"text-align: justify;\">D\u00f1a. Mar\u00eda Elena De Val L\u00f3pez<\/p>\n<p style=\"text-align: justify;\">D\u00f1a. Soledad Durnes Casa\u00f1al<\/p>\n<p style=\"text-align: justify;\">D\u00f1a. Victoria Exp\u00f3sito Conde<\/p>\n<p style=\"text-align: justify;\">D\u00f1a. Inocencia Frisuelo<\/p>\n<p style=\"text-align: justify;\">D\u00f1a. Catalina Gay\u00e1 Riera<\/p>\n<p style=\"text-align: justify;\">D. Rogelio Garrido Monta\u00f1ana<\/p>\n<p style=\"text-align: justify;\">D\u00f1a. Mercedes Guasp Rovira<\/p>\n<p style=\"text-align: justify;\">D. Enrique G\u00f3mez Gil<\/p>\n<p style=\"text-align: justify;\">D. Alejandro Garc\u00eda Boyano<\/p>\n<p style=\"text-align: justify;\">D. Francisco Jim\u00e9nez Rodr\u00edguez<\/p>\n<p style=\"text-align: justify;\">D\u00f1a. Catalina Jim\u00e9nez Salv\u00e1<\/p>\n<p style=\"text-align: justify;\">D. Ren\u00e9 Le\u00f3n<\/p>\n<p style=\"text-align: justify;\">D. Rafael L\u00f3pez Gallardo<\/p>\n<p style=\"text-align: justify;\">D\u00f1a. Ana L\u00f3pez C\u00f3zar<\/p>\n<p style=\"text-align: justify;\">D\u00f1a. Fina L\u00f3pez Mart\u00ednez<\/p>\n<p style=\"text-align: justify;\">D\u00f1a. Clementa L\u00f3pez P\u00e9rez<\/p>\n<p style=\"text-align: justify;\">D\u00f1a. Aurora Llodr\u00e1 Rodr\u00edguez<\/p>\n<p style=\"text-align: justify;\">D\u00f1a. Mari \u00c1ngeles Molpeceres<\/p>\n<p style=\"text-align: justify;\">D\u00f1a. Gloria de M\u00e1laga<\/p>\n<p style=\"text-align: justify;\">D\u00f1a. Loli Molina<\/p>\n<p style=\"text-align: justify;\">D\u00f1a. Pepa Moreno<\/p>\n<p style=\"text-align: justify;\">D\u00f1a. Jacinta Mart\u00ednez Bellido<\/p>\n<p style=\"text-align: justify;\">D. Jos\u00e9 Luis Mart\u00edn Correa<\/p>\n<p style=\"text-align: justify;\">D. Enrique Mart\u00ednez de Barrax<\/p>\n<p style=\"text-align: justify;\">D\u00f1a. Marisi Moreau<\/p>\n<p style=\"text-align: justify;\">D\u00f1a. Jacinta Ortiz Mesa<\/p>\n<p style=\"text-align: justify;\">D. Baldomero Palomares<\/p>\n<p style=\"text-align: justify;\">D. Antonio Prima Manzano<\/p>\n<p style=\"text-align: justify;\">D\u00f1a. Francelina Robin<\/p>\n<p style=\"text-align: justify;\">D\u00f1a. Hortensia Rioja de Carlos<\/p>\n<p style=\"text-align: justify;\">D\u00f1a. Mari Carmen Roca Salv\u00e1<\/p>\n<p style=\"text-align: justify;\">D. Tony Rojas<\/p>\n<p style=\"text-align: justify;\">D\u00f1a. Elisa Rem\u00f3n<\/p>\n<p style=\"text-align: justify;\">D\u00f1a. Mari Carmen Sastre<\/p>\n<p style=\"text-align: justify;\">D\u00f1a. Paquita Sayas Pastor<\/p>\n<p style=\"text-align: justify;\">D\u00f1a. Mari Paz Sainz Angulo<\/p>\n<p style=\"text-align: justify;\">D. Francisco Teodoro S\u00e1nchez<\/p>\n<p style=\"text-align: justify;\">D. Antonio S\u00e1nchez Castillo<\/p>\n<p style=\"text-align: justify;\">D\u00f1a. Mar\u00eda Isabel S\u00e1nchez Gea<\/p>\n<p style=\"text-align: justify;\">D\u00f1a. Mar\u00eda Eugenia Santandreu<\/p>\n<p style=\"text-align: justify;\">D. Jaime Santandreu<\/p>\n<p style=\"text-align: justify;\">D\u00f1a. Alicia Veracruz<\/p>\n<p style=\"text-align: justify;\">D. Jorge Varas V\u00e1squez<\/p>\n<p style=\"text-align: justify;\">D. Manuel Zamora Buenafuente<\/p>\n<p style=\"text-align: justify;\">El premio consistir\u00e1 en la publicaci\u00f3n de un libro conteniendo los poemas, tanto de los ganadores como los de todos los finalistas. El primer premio recibir\u00e1 cuarenta ejemplares del libro. Los segundos, veinte y los finalistas, dos ejemplares cada uno m\u00e1s los diplomas correspondientes.<\/p>\n<p style=\"text-align: justify;\">Dichos premios se entregar\u00e1n el d\u00eda 9 de junio de 2018 de 19 a 21 horas en el centro cultural La Caixa de Ontinyent, Valencia.<\/p>\n<p style=\"text-align: justify;\">Y para que conste, se firma este documento en valencia a 8 de enero de 2018.<\/p>\n<p style=\"text-align: center;\">Carmen Carrasco Ramos<\/p>\n<p style=\"text-align: center;\">Delegada Nacional de Poes\u00eda Granada Costa y Presidenta del Jurado<\/p>\n<p>&nbsp;<\/p>\n","protected":false},"excerpt":{"rendered":"<p>Reunido el jurado del I Certamen de Poes\u00eda publicada en el Peri\u00f3dico Granada Costa durante el ejercicio 2017 en sus&hellip;<\/p>\n","protected":false},"author":2,"featured_media":3699,"comment_status":"open","ping_status":"open","sticky":false,"template":"","format":"standard","meta":{"om_disable_all_campaigns":false,"_mi_skip_tracking":false,"_monsterinsights_sitenote_active":false,"_monsterinsights_sitenote_note":"","_monsterinsights_sitenote_category":0,"footnotes":""},"categories":[20],"tags":[],"aioseo_notices":[],"_links":{"self":[{"href":"https:\/\/granadacostaglobal.es\/index.php?rest_route=\/wp\/v2\/posts\/15900"}],"collection":[{"href":"https:\/\/granadacostaglobal.es\/index.php?rest_route=\/wp\/v2\/posts"}],"about":[{"href":"https:\/\/granadacostaglobal.es\/index.php?rest_route=\/wp\/v2\/types\/post"}],"author":[{"embeddable":true,"href":"https:\/\/granadacostaglobal.es\/index.php?rest_route=\/wp\/v2\/users\/2"}],"replies":[{"embeddable":true,"href":"https:\/\/granadacostaglobal.es\/index.php?rest_route=%2Fwp%2Fv2%2Fcomments&post=15900"}],"version-history":[{"count":0,"href":"https:\/\/granadacostaglobal.es\/index.php?rest_route=\/wp\/v2\/posts\/15900\/revisions"}],"wp:featuredmedia":[{"embeddable":true,"href":"https:\/\/granadacostaglobal.es\/index.php?rest_route=\/"}],"wp:attachment":[{"href":"https:\/\/granadacostaglobal.es\/index.php?rest_route=%2Fwp%2Fv2%2Fmedia&parent=15900"}],"wp:term":[{"taxonomy":"category","embeddable":true,"href":"https:\/\/granadacostaglobal.es\/index.php?rest_route=%2Fwp%2Fv2%2Fcategories&post=15900"},{"taxonomy":"post_tag","embeddable":true,"href":"https:\/\/granadacostaglobal.es\/index.php?rest_route=%2Fwp%2Fv2%2Ftags&post=15900"}],"curies":[{"name":"wp","href":"https:\/\/api.w.org\/{rel}","templated":true}]}}