{"id":15897,"date":"2018-01-19T07:40:15","date_gmt":"2018-01-19T07:40:15","guid":{"rendered":"http:\/\/granadacostanacional.es\/?p=15897"},"modified":"2018-01-19T07:40:15","modified_gmt":"2018-01-19T07:40:15","slug":"el-espacio-natural-de-sierra-nevada-acogera-el-i-congreso-internacional-de-las-montanas-cimas-2018","status":"publish","type":"post","link":"https:\/\/granadacostaglobal.es\/?p=15897","title":{"rendered":"El Espacio Natural de Sierra Nevada acoger\u00e1 el I Congreso Internacional de las Monta\u00f1as CIMAS 2018"},"content":{"rendered":"<p style=\"text-align: justify;\">Francisco Javier Fern\u00e1ndez y Jos\u00e9 Fiscal han presentado en Fitur\u00a0este encuentro, que tendr\u00e1 lugar del 5 al 11 de marzo.<\/p>\n<p style=\"text-align: justify;\">Los consejeros de Turismo y Deporte, Francisco Javier Fern\u00e1ndez, y de Medio Ambiente y Ordenaci\u00f3n del Territorio, Jos\u00e9 Fiscal, han presentado el I Congreso Internacional de las Monta\u00f1as, CIMAS 2018, en un acto en la Feria Internacional de Turismo de Madrid que ha contado tambi\u00e9n con la presencia del director del programa &#8216;Al Filo de lo imposible&#8217;, Sebasti\u00e1n \u00c1lvaro, en representaci\u00f3n de los ponentes y del director del espacio, Javier S\u00e1nchez.<\/p>\n<p style=\"text-align: justify;\">\u00a0\u00a0\u00a0\u00a0\u00a0\u00a0\u00a0\u00a0\u00a0\u00a0\u00a0 El consejero de Medio Ambiente y Ordenaci\u00f3n del Territorio, Jos\u00e9\u00a0 Fiscal, ha afirmado que Sierra Nevada es un ejemplo perfecto de la confluencia entre un espacio protegido muy singular y una zona clave para el desarrollo econ\u00f3mico de la regi\u00f3n. Fiscal ha sostenido que en la actualidad las zonas de monta\u00f1a se enfrentan a importantes cambios. En ese sentido, ha destacado que es necesario lograr compatibilizar desarrollo econ\u00f3mico y conservaci\u00f3n como garant\u00eda de futuro de estos enclaves. El titular de Medio Ambiente tambi\u00e9n se ha referido a la vulnerabilidad de estos espacios a los efectos del cambio clim\u00e1tico, por lo que ha indicado que \u201cexigen una especial atenci\u00f3n para adaptarnos y lograr ser resilientes\u201d.<\/p>\n<p style=\"text-align: justify;\">\u00a0En su intervenci\u00f3n, el consejero ha recordado la trayectoria del Espacio Natural de Sierra Nevada como \u00e1rea protegida. Sierra Nevada es punta de lanza tambi\u00e9n en el \u00e1mbito de la investigaci\u00f3n, a trav\u00e9s del Observatorio de Cambio Global, y en el tur\u00edstico, gracias, entre otras cuestiones, a la adhesi\u00f3n de empresas de su \u00e1rea de influencia en la Carta Europea de Turismo Sostenible, distintivo otorgado por la Fundaci\u00f3n Europarc.<\/p>\n<p style=\"text-align: justify;\">\u00a0Fiscal ha incidido en la necesidad de involucrar a todos los actores implicados en la preservaci\u00f3n de estos ecosistemas, ya que de ello depender\u00e1 el futuro de la conservaci\u00f3n de los espacios naturales de la comunidad. Por eso, ha destacado la importancia de que este encuentro se tenga un enfoque tan abierto y multidisciplinar.<\/p>\n<p style=\"text-align: justify;\"><strong>Atractivo tur\u00edstico<\/strong><\/p>\n<p style=\"text-align: justify;\">Precisamente en este sentido, el consejero de Turismo y Deporte, Francisco Javier Fern\u00e1ndez, ha subrayado que este Congreso &#8216;Cimas 2018&#8217; va a ser un espacio para la exposici\u00f3n, reflexi\u00f3n y debate de diferentes trabajos de investigaci\u00f3n relacionados con las estaciones de esqu\u00ed y el monta\u00f1ismo, donde se van a encontrar los cient\u00edficos, investigadores, deportistas del m\u00e1s alto nivel.<\/p>\n<p style=\"text-align: justify;\">Asimismo, ha valorado que esta cita permitir\u00e1 analizar el aprovechamiento los recursos naturales y las monta\u00f1as como una oportunidad para impulsar el crecimiento econ\u00f3mico y la creaci\u00f3n de empleo en el territorio bajo criterios de sostenibilidad, adem\u00e1s de sus posibilidades para convertirse en un atractivo para los viajeros.<\/p>\n<p style=\"text-align: justify;\">Fern\u00e1ndez ha incidido que este tipo de oferta de turismo deportivo, rural o de aventura en los entornos naturales responde a las nuevas demandas de experiencias de los viajeros actuales, y contribuye a crear una alternativa econ\u00f3mica en determinas zonas. Tambi\u00e9n ha destacado la necesidad de conjugar el desarrollo de la actividad tur\u00edstica con la preservaci\u00f3n del medio ambiente.<\/p>\n<p style=\"text-align: justify;\">CIMAS, que se celebrar\u00e1 del 5 al 11 de marzo de 2018 en el Espacio Natural de Sierra Nevada, nace con la vocaci\u00f3n de constituirse en un congreso de referencia en su \u00e1mbito a escala internacional por la calidad de sus contenidos, el prestigio de sus ponentes y, sobre todo, por defender la transversalidad en sus propuestas cient\u00edficas. Una oportunidad estrat\u00e9gica para el desarrollo sostenible del Espacio Natural de Sierra Nevada que podr\u00e1 mostrar al mundo sus buenas pr\u00e1cticas y sus logros en este \u00e1mbito.<\/p>\n","protected":false},"excerpt":{"rendered":"<p>Francisco Javier Fern\u00e1ndez y Jos\u00e9 Fiscal han presentado en Fitur\u00a0este encuentro, que tendr\u00e1 lugar del 5 al 11 de marzo.&hellip;<\/p>\n","protected":false},"author":2,"featured_media":15898,"comment_status":"open","ping_status":"open","sticky":false,"template":"","format":"standard","meta":{"om_disable_all_campaigns":false,"_mi_skip_tracking":false,"_monsterinsights_sitenote_active":false,"_monsterinsights_sitenote_note":"","_monsterinsights_sitenote_category":0,"footnotes":""},"categories":[22],"tags":[],"aioseo_notices":[],"_links":{"self":[{"href":"https:\/\/granadacostaglobal.es\/index.php?rest_route=\/wp\/v2\/posts\/15897"}],"collection":[{"href":"https:\/\/granadacostaglobal.es\/index.php?rest_route=\/wp\/v2\/posts"}],"about":[{"href":"https:\/\/granadacostaglobal.es\/index.php?rest_route=\/wp\/v2\/types\/post"}],"author":[{"embeddable":true,"href":"https:\/\/granadacostaglobal.es\/index.php?rest_route=\/wp\/v2\/users\/2"}],"replies":[{"embeddable":true,"href":"https:\/\/granadacostaglobal.es\/index.php?rest_route=%2Fwp%2Fv2%2Fcomments&post=15897"}],"version-history":[{"count":0,"href":"https:\/\/granadacostaglobal.es\/index.php?rest_route=\/wp\/v2\/posts\/15897\/revisions"}],"wp:featuredmedia":[{"embeddable":true,"href":"https:\/\/granadacostaglobal.es\/index.php?rest_route=\/"}],"wp:attachment":[{"href":"https:\/\/granadacostaglobal.es\/index.php?rest_route=%2Fwp%2Fv2%2Fmedia&parent=15897"}],"wp:term":[{"taxonomy":"category","embeddable":true,"href":"https:\/\/granadacostaglobal.es\/index.php?rest_route=%2Fwp%2Fv2%2Fcategories&post=15897"},{"taxonomy":"post_tag","embeddable":true,"href":"https:\/\/granadacostaglobal.es\/index.php?rest_route=%2Fwp%2Fv2%2Ftags&post=15897"}],"curies":[{"name":"wp","href":"https:\/\/api.w.org\/{rel}","templated":true}]}}