{"id":15890,"date":"2018-01-18T17:00:47","date_gmt":"2018-01-18T17:00:47","guid":{"rendered":"http:\/\/granadacostanacional.es\/?p=15890"},"modified":"2018-01-18T17:00:47","modified_gmt":"2018-01-18T17:00:47","slug":"carta-a-los-reyes","status":"publish","type":"post","link":"https:\/\/granadacostaglobal.es\/?p=15890","title":{"rendered":"CARTA A LOS REYES"},"content":{"rendered":"<p style=\"text-align: justify;\">Buenas tardes soy Antonio Pieralli Yag\u00fce, estudiante de segundo de la E.S.O. Nos\u00a0gustar\u00eda a\u00a0 mi hermana, Elena, a mi abuela, Mar\u00eda Teresa G\u00f3mez-Reino Alonso y a m\u00ed, tener una foto de do\u00f1a Letizia y don Felipe.<\/p>\n<p style=\"text-align: justify;\">Do\u00f1a Letizia, un gran ejemplo del momento. \u00bfC\u00f3mo se puede demostrar tan bien, que siendo una persona viviendo en una familia sin ser descendiente de una familia monarca, puedes llegar a pertenecer a la monarqu\u00eda y hacer lo que tiene que hacer tan bien? Que no nos falte Don Felipe, un ejemplo de valent\u00eda y coraje para sacar al pueblo catal\u00e1n de su confusi\u00f3n.<\/p>\n<p style=\"text-align: justify;\">Pues bueno, ahora les explico la historia del porqu\u00e9 querer las fotos. Hay muchas coincidencias, mi abuela me est\u00e1 explicando la familia real. Estamos viviendo mis padres y mis hermanos en el hogar de mis abuelos, mientras tanto nos citan un traslado a otra casa que se encuentra en obras. En el piso de mis abuelos, hay fotos dedicadas a mis bisabuelos, de cuando antes de que Juan Carlos y Sof\u00eda fuesen majestades, eran pr\u00edncipes. Mi t\u00edo Manuel Yag\u00fce G\u00f3mez-Reino, cumplir\u00e1 los a\u00f1os de Don Felipe, y da la casualidad, de que Don Juan Carlos cumple los mismos que mi abuelo. \u00a0\u00a0Hay y tenemos fotos de mis bisabuelos, por cierto muy entra\u00f1ables, cuando tomaron posesi\u00f3n en el tribunal supremo. Otra de cuando se inaugura el a\u00f1o judicial y se encuentra mi bisabuela con un peculiar cari\u00f1o hacia el rey. Finalmente, la m\u00e1s tierna para nosotros como familia es la que est\u00e1n mis bisabuelos, Pili y Antonio G\u00f3mez-Reno y Pedreira con mis abuelos Manuel Yag\u00fce y mi abuela, con motivo de la jubilaci\u00f3n de mi bisabuelo como magistrado, del Tribunal Supremo. Me narra mi abuela que de la misma forma que se present\u00f3 al pr\u00edncipe heredero Don Juan Carlos de la corona cuando fue\u00a0nombrado, de la misma forma que se present\u00f3, tambi\u00e9n quiso despedirse del rey, ya en el palacio real con toda mi familia de forma particular. Dice que fue una audiencia muy cari\u00f1osa y cercana hacia mi familia y\u00a0mis bisabuelos en particular.\u00a0 En resumen, les apoyaremos, en los momentos que necesiten. Viva los reyes, el orden y la ley. Y VIVA ESPA\u00d1A.<\/p>\n<figure id=\"attachment_15891\" aria-describedby=\"caption-attachment-15891\" style=\"width: 200px\" class=\"wp-caption alignright\"><a href=\"http:\/\/granadacostanacional.es\/wp-content\/uploads\/2018\/01\/Antonio-Pieralli-Yag\u00fce-copia.jpg\"><img decoding=\"async\" loading=\"lazy\" class=\"wp-image-15891 size-medium\" src=\"http:\/\/granadacostanacional.es\/wp-content\/uploads\/2018\/01\/Antonio-Pieralli-Yag\u00fce-copia-200x300.jpg\" alt=\"Antonio Pieralli Yag\u00fce - copia\" width=\"200\" height=\"300\" \/><\/a><figcaption id=\"caption-attachment-15891\" class=\"wp-caption-text\"><em>Antonio Pieralli Yag\u00fce <\/em><\/figcaption><\/figure>\n","protected":false},"excerpt":{"rendered":"<p>Buenas tardes soy Antonio Pieralli Yag\u00fce, estudiante de segundo de la E.S.O. Nos\u00a0gustar\u00eda a\u00a0 mi hermana, Elena, a mi abuela,&hellip;<\/p>\n","protected":false},"author":2,"featured_media":15892,"comment_status":"open","ping_status":"open","sticky":false,"template":"","format":"standard","meta":{"om_disable_all_campaigns":false,"_mi_skip_tracking":false,"_monsterinsights_sitenote_active":false,"_monsterinsights_sitenote_note":"","_monsterinsights_sitenote_category":0,"footnotes":""},"categories":[21],"tags":[],"aioseo_notices":[],"_links":{"self":[{"href":"https:\/\/granadacostaglobal.es\/index.php?rest_route=\/wp\/v2\/posts\/15890"}],"collection":[{"href":"https:\/\/granadacostaglobal.es\/index.php?rest_route=\/wp\/v2\/posts"}],"about":[{"href":"https:\/\/granadacostaglobal.es\/index.php?rest_route=\/wp\/v2\/types\/post"}],"author":[{"embeddable":true,"href":"https:\/\/granadacostaglobal.es\/index.php?rest_route=\/wp\/v2\/users\/2"}],"replies":[{"embeddable":true,"href":"https:\/\/granadacostaglobal.es\/index.php?rest_route=%2Fwp%2Fv2%2Fcomments&post=15890"}],"version-history":[{"count":0,"href":"https:\/\/granadacostaglobal.es\/index.php?rest_route=\/wp\/v2\/posts\/15890\/revisions"}],"wp:featuredmedia":[{"embeddable":true,"href":"https:\/\/granadacostaglobal.es\/index.php?rest_route=\/"}],"wp:attachment":[{"href":"https:\/\/granadacostaglobal.es\/index.php?rest_route=%2Fwp%2Fv2%2Fmedia&parent=15890"}],"wp:term":[{"taxonomy":"category","embeddable":true,"href":"https:\/\/granadacostaglobal.es\/index.php?rest_route=%2Fwp%2Fv2%2Fcategories&post=15890"},{"taxonomy":"post_tag","embeddable":true,"href":"https:\/\/granadacostaglobal.es\/index.php?rest_route=%2Fwp%2Fv2%2Ftags&post=15890"}],"curies":[{"name":"wp","href":"https:\/\/api.w.org\/{rel}","templated":true}]}}