{"id":15862,"date":"2018-01-17T12:49:35","date_gmt":"2018-01-17T12:49:35","guid":{"rendered":"http:\/\/granadacostanacional.es\/?p=15862"},"modified":"2018-01-17T12:49:35","modified_gmt":"2018-01-17T12:49:35","slug":"andalucia-alcanza-los-402-ejemplares-de-lince-iberico-en-2017-y-el-resto-de-la-peninsula-llega-a-los-145-individuos","status":"publish","type":"post","link":"https:\/\/granadacostaglobal.es\/?p=15862","title":{"rendered":"Andaluc\u00eda alcanza los 402 ejemplares de lince ib\u00e9rico en 2017 y el resto de la pen\u00ednsula llega a los 145 individuos"},"content":{"rendered":"<p style=\"text-align: justify;\"><strong>El consejero de Medio Ambiente destaca el resultado de la conexi\u00f3n entre las \u00e1reas de reintroducci\u00f3n del proyecto Life+Iberlince<\/strong><\/p>\n<p style=\"text-align: justify;\">El consejero de Medio Ambiente y Ordenaci\u00f3n del Territorio, Jos\u00e9 Fiscal, ha presentado los datos provisionales del censo de lince ib\u00e9rico en Andaluc\u00eda y en la pen\u00ednsula ib\u00e9rica. Durante el pasado a\u00f1o se registr\u00f3 un recuento total de 547 ejemplares, de los que 402 estaban en territorio andaluz. El censo es a\u00fan provisional, ya que en Andaluc\u00eda los datos est\u00e1n cerrados al 90 por ciento debido tanto al n\u00famero de ejemplares que ha de controlar, como a la extensi\u00f3n de la superficie en la que viven los linces.<\/p>\n<p style=\"text-align: justify;\">\u00a0\u00a0\u00a0\u00a0\u00a0\u00a0\u00a0\u00a0\u00a0\u00a0\u00a0 Jos\u00e9 Fiscal ha se\u00f1alado que con estos datos se confirma la buena evoluci\u00f3n de las poblaciones del felino m\u00e1s amenazado del planeta, que han pasado de los 94 ejemplares en 2002 con presencia solo en Andaluc\u00eda, a los 547 en 2017 ya en la pen\u00ednsula. En este sentido, ha recalcado que la Junta de Andaluc\u00eda se volc\u00f3 en la conservaci\u00f3n de este patrimonio natural, \u00fanico de nuestra pen\u00ednsula, primero consolidando las poblaciones de Do\u00f1ana y Sierra Morena y posteriormente iniciando reintroducciones en \u00e1reas de presencia hist\u00f3rica de la especie.<\/p>\n<p style=\"text-align: justify;\">\u00a0\u00a0\u00a0\u00a0\u00a0\u00a0\u00a0\u00a0\u00a0\u00a0\u00a0 Fiscal ha entendido que los resultados del censo del lince en los \u00faltimos a\u00f1os suponen un \u00e9xito en la conservaci\u00f3n, y la propia Uni\u00f3n Internacional para la Conservaci\u00f3n de la Naturaleza (UICN), viendo la positiva evoluci\u00f3n de las poblaciones de Lince ib\u00e9rico, rebaj\u00f3 en 2015 su categor\u00eda de amenaza de \u201cen peligro cr\u00edtico\u201d a \u201cen peligro\u201d.<\/p>\n<p style=\"text-align: justify;\">\u00a0\u00a0\u00a0\u00a0\u00a0\u00a0\u00a0\u00a0\u00a0\u00a0\u00a0 Los resultados de 2017 muestran la consolidaci\u00f3n del incremento de las poblaciones de lince ib\u00e9rico. En estos momentos se ha multiplicado por m\u00e1s de 5 el n\u00famero de ejemplares. El titular de Medio Ambiente ha valorado los trabajos del proyecto Life+Iberlince en las \u00e1reas de reintroducci\u00f3n nuevas de Portugal, Extremadura y Castilla-La Mancha; donde la poblaci\u00f3n va creciendo seg\u00fan lo previsto, y donde se est\u00e1n consolidando los objetivos dise\u00f1ados 5 hembras territoriales por zona de reintroducci\u00f3n.<\/p>\n<p style=\"text-align: justify;\">Junto a ello se han iniciado las conexiones entre las diferentes \u00e1reas de reintroducci\u00f3n, lo que indica que es viable el objetivo que se va a plantear en el futuro proyecto Life Naturaleza de conectar las diferentes \u00e1reas de presencia y reintroducci\u00f3n. En este sentido ya existe un intercambio fluido de ejemplares entre Guadalmellato-Carde\u00f1a-And\u00fajar-Guarrizas y de esta \u00faltima zona con Sierra Morena oriental, en Ciudad Real.\u00a0 Adem\u00e1s, algunos ejemplares se han movido entre el Valle de Matachel, Badajoz y Montes de Toledo y Sierra Norte de Sevilla; y entre Do\u00f1ana y Vale do Guadiana, M\u00e9rtola, en Portugal.<\/p>\n<p style=\"text-align: justify;\">En Andaluc\u00eda, a pesar de no estar totalmente terminado el censo, se observa la tendencia estable de toda la poblaci\u00f3n, manteni\u00e9ndose en los cerca de 400 linces ib\u00e9ricos. El crecimiento poblacional de los \u00faltimos a\u00f1os se ha visto ralentizado por la influencia de la enfermedad hemorr\u00e1gica, que afecta de forma negativa las poblaciones de conejo de monte.<\/p>\n<p style=\"text-align: justify;\">\u00a0\u00a0\u00a0\u00a0\u00a0\u00a0\u00a0\u00a0\u00a0\u00a0\u00a0 En 2017 han sufrido un repunte las muertes de lince ib\u00e9rico que precisan de un an\u00e1lisis en profundidad para adoptar las medidas oportunas. El pasado a\u00f1o se cerr\u00f3 con un total de 58 linces muertos, 41 de ellos en Andaluc\u00eda. En la pen\u00ednsula han tenido lugar 31 atropellos, de los que 18 han sido en Andaluc\u00eda, lo que supone 5 m\u00e1s que en 2016. Jos\u00e9 Fiscal ha indicado que el factor atropello seguir\u00e1 conviviendo con el programa, pero la Consejer\u00eda de Medio Ambiente y Ordenaci\u00f3n del Territorio no se va a resignar y seguir\u00e1 trabajando por minimizar este factor de mortandad.<\/p>\n","protected":false},"excerpt":{"rendered":"<p>El consejero de Medio Ambiente destaca el resultado de la conexi\u00f3n entre las \u00e1reas de reintroducci\u00f3n del proyecto Life+Iberlince El&hellip;<\/p>\n","protected":false},"author":2,"featured_media":15863,"comment_status":"open","ping_status":"open","sticky":false,"template":"","format":"standard","meta":{"om_disable_all_campaigns":false,"_mi_skip_tracking":false,"_monsterinsights_sitenote_active":false,"_monsterinsights_sitenote_note":"","_monsterinsights_sitenote_category":0,"footnotes":""},"categories":[22],"tags":[],"aioseo_notices":[],"_links":{"self":[{"href":"https:\/\/granadacostaglobal.es\/index.php?rest_route=\/wp\/v2\/posts\/15862"}],"collection":[{"href":"https:\/\/granadacostaglobal.es\/index.php?rest_route=\/wp\/v2\/posts"}],"about":[{"href":"https:\/\/granadacostaglobal.es\/index.php?rest_route=\/wp\/v2\/types\/post"}],"author":[{"embeddable":true,"href":"https:\/\/granadacostaglobal.es\/index.php?rest_route=\/wp\/v2\/users\/2"}],"replies":[{"embeddable":true,"href":"https:\/\/granadacostaglobal.es\/index.php?rest_route=%2Fwp%2Fv2%2Fcomments&post=15862"}],"version-history":[{"count":0,"href":"https:\/\/granadacostaglobal.es\/index.php?rest_route=\/wp\/v2\/posts\/15862\/revisions"}],"wp:featuredmedia":[{"embeddable":true,"href":"https:\/\/granadacostaglobal.es\/index.php?rest_route=\/"}],"wp:attachment":[{"href":"https:\/\/granadacostaglobal.es\/index.php?rest_route=%2Fwp%2Fv2%2Fmedia&parent=15862"}],"wp:term":[{"taxonomy":"category","embeddable":true,"href":"https:\/\/granadacostaglobal.es\/index.php?rest_route=%2Fwp%2Fv2%2Fcategories&post=15862"},{"taxonomy":"post_tag","embeddable":true,"href":"https:\/\/granadacostaglobal.es\/index.php?rest_route=%2Fwp%2Fv2%2Ftags&post=15862"}],"curies":[{"name":"wp","href":"https:\/\/api.w.org\/{rel}","templated":true}]}}