{"id":15842,"date":"2018-01-13T07:36:23","date_gmt":"2018-01-13T07:36:23","guid":{"rendered":"http:\/\/granadacostanacional.es\/?p=15842"},"modified":"2018-01-13T07:36:23","modified_gmt":"2018-01-13T07:36:23","slug":"la-costa-tropical-estara-presente-en-fitur-2018","status":"publish","type":"post","link":"https:\/\/granadacostaglobal.es\/?p=15842","title":{"rendered":"La Costa Tropical estar\u00e1 presente en FITUR 2018."},"content":{"rendered":"<p style=\"text-align: justify;\"><em>La Mancomunidad de Municipios de la Costa Tropical llevar\u00e1 a cabo una extensa labor de promoci\u00f3n de nuestra comarca en la Feria Internacional de Turismo que se celebrar\u00e1 en Madrid entre el 17 y el 21 de enero.<\/em><\/p>\n<p style=\"text-align: justify;\">La agenda program\u00e1tica de la labor de la Mancomunidad en FITUR dar\u00e1 comienzo el jueves 18 a las 10.30 con la firma de un convenio entre el ente comarcal y Motril Port para actividades de promoci\u00f3n y seguidamente la presentaci\u00f3n de un Plan Especial de Promoci\u00f3n de Cruceros. \u201cEstas acciones pretenden crear, desarrollar y fomentar la oferta tur\u00edstica de nuestra comarca en el turismo por v\u00eda mar\u00edtima en el Puerto de Motril, tanto para los pasajeros de l\u00edneas regulares como los de cruceros\u201d, explic\u00f3 el Presidente de la Mancomunidad, Sergio Garc\u00eda Alabarce.<\/p>\n<p style=\"text-align: justify;\">\u201cSon varias las l\u00edneas de actuaci\u00f3n dentro de este programa. Por un lado, se llevar\u00e1n acciones de promoci\u00f3n en el destino dirigidas a mostrar nuestra variedad de productos y artesan\u00eda, de nuestro patrimonio musical, de nuestra gastronom\u00eda etc. Por otro lado, se incluir\u00e1 la rica oferta de la Costa Tropical en el Catalogo y Presentaciones del Puerto de Motril y se visibilizara adem\u00e1s en ferias especializadas\u201d, prosigui\u00f3 exponiendo Garc\u00eda Alabarce.<\/p>\n<p style=\"text-align: justify;\">Seguidamente, desde el ente mancomunado y en coordinaci\u00f3n con Diputaci\u00f3n de Granada, Junta de Andaluc\u00eda, Puerto de Motril, ayuntamientos y la propia organizaci\u00f3n, se proceder\u00e1 a la presentaci\u00f3n del Ciclo Flamenco \u201cLa Ca\u00f1a Flamenca\u201d.<\/p>\n<p style=\"text-align: justify;\">\u201cEste ciclo flamenco se desarrollar\u00e1 en nuestra comarca durante los meses de julio y agosto. Con esto tratamos de ordenar las agendas culturales de los diferentes municipios para que los eventos no se solapen entre s\u00ed. Lo que buscamos es conseguir el mayor nivel de calidad en todos ellos y colocar este proyecto en primera l\u00ednea del panorama cultural porque hay calidad y potencialidad de sobra para ello\u201d, se\u00f1al\u00f3 Sergio Garc\u00eda que a\u00f1adi\u00f3 que \u201ces fundamental reunir todas nuestras fuerzas para hacer de este ciclo flamenco un referente musical y cultural. Para ello se ha elaborado una programaci\u00f3n original y novedosa con artistas de renombre medi\u00e1tico, actuales y otros artistas de nuestra tierra\u201d.<\/p>\n<p style=\"text-align: justify;\">La programaci\u00f3n prevista para \u201cLa Ca\u00f1a Flamenca\u201d se prev\u00e9 del siguiente modo.<\/p>\n<p style=\"text-align: justify;\">Julio:<\/p>\n<ul style=\"text-align: justify;\">\n<li>F\u00e1brica del Pilar. Tres conciertos los d\u00edas 7, 13 y 21.<\/li>\n<li>D\u00eda 7: Noche de J\u00f3venes Flamencos con David de Jacoba, Kiki Morente y Sara S\u00e1nchez.<\/li>\n<li>D\u00eda 13: Presentaci\u00f3n del nuevo disco de Manuel Lombo \u201cLombo X Bambino\u201d<\/li>\n<li>D\u00eda 21: Arc\u00e1ngel en concierto. \u201cDesde la Tierra\u201d.<\/li>\n<\/ul>\n<ul style=\"text-align: justify;\">\n<li>Almu\u00f1\u00e9car. El Majuelo. D\u00eda 22. Eva Yerbabuena.<\/li>\n<\/ul>\n<p style=\"text-align: justify;\">Agosto:<\/p>\n<ul style=\"text-align: justify;\">\n<li>Salobre\u00f1a. Polideportivo. D\u00eda 4. Festival Lucero del Alba. 50 Aniversario.<\/li>\n<\/ul>\n<ul style=\"text-align: justify;\">\n<li>Almu\u00f1\u00e9car. El Majuelo. D\u00eda 12. \u201cEsencias\u201d con Dorantes y Marina Heredia. Colaboraci\u00f3n especial de Farruquito.<\/li>\n<\/ul>\n<p style=\"text-align: justify;\">La tercera de las actividades en las que participar\u00e1 Mancomunidad ser\u00e1 a las 13.30, momento en que se presentar\u00e1 la Guia de los Chiringuitos de La Costa Tropical. \u201cSe trata de una gu\u00eda de unas 135 paginas que recoge de manera unificada por primera vez la excelente oferta que muestran los 61 chiringuitos de nuestro litoral. De esta manera contamos con un manual que se erige como un magnifico escaparate para la oferta de playa de nuestra comarca en tanto que recoge im\u00e1genes y caracter\u00edsticas de nuestra franja costera, de nuestra gastronom\u00eda y de nuestra oferta de ocio que ofrecen los chiringuitos. En definitiva, viene a mostrar de la mejor manera, la amplia y rica oferta tur\u00edstica que ofrecemos desde la Costa Tropical\u201d, resalt\u00f3 el Presidente de la Mancomunidad.<\/p>\n<p style=\"text-align: justify;\">Ya en el fin de semana, desde la Delegaci\u00f3n de Turismo de la Mancomunidad en coordinaci\u00f3n con las \u00e1reas de turismo de los ayuntamientos y con 42 empresas colaboradoras, se llevaran a cabo diferentes actividades entre las que destacan la Ruleta de los Premios, mediante la cual los visitantes pueden obtener estancias gratuitas en hoteles y campings, bonos para actividades acu\u00e1ticas, paseos en velero, vuelos en helic\u00f3ptero, visitas a nuestros monumentos etc. y el Taller de Elaboraci\u00f3n de platos con Frutas Tropicales en el que los participantes aprender a elaborar platos y degustar nuestros frutos y que utilizar\u00e1 el show cooking para ello.<\/p>\n","protected":false},"excerpt":{"rendered":"<p>La Mancomunidad de Municipios de la Costa Tropical llevar\u00e1 a cabo una extensa labor de promoci\u00f3n de nuestra comarca en&hellip;<\/p>\n","protected":false},"author":2,"featured_media":15843,"comment_status":"open","ping_status":"open","sticky":false,"template":"","format":"standard","meta":{"om_disable_all_campaigns":false,"_mi_skip_tracking":false,"_monsterinsights_sitenote_active":false,"_monsterinsights_sitenote_note":"","_monsterinsights_sitenote_category":0,"footnotes":""},"categories":[22],"tags":[],"aioseo_notices":[],"_links":{"self":[{"href":"https:\/\/granadacostaglobal.es\/index.php?rest_route=\/wp\/v2\/posts\/15842"}],"collection":[{"href":"https:\/\/granadacostaglobal.es\/index.php?rest_route=\/wp\/v2\/posts"}],"about":[{"href":"https:\/\/granadacostaglobal.es\/index.php?rest_route=\/wp\/v2\/types\/post"}],"author":[{"embeddable":true,"href":"https:\/\/granadacostaglobal.es\/index.php?rest_route=\/wp\/v2\/users\/2"}],"replies":[{"embeddable":true,"href":"https:\/\/granadacostaglobal.es\/index.php?rest_route=%2Fwp%2Fv2%2Fcomments&post=15842"}],"version-history":[{"count":0,"href":"https:\/\/granadacostaglobal.es\/index.php?rest_route=\/wp\/v2\/posts\/15842\/revisions"}],"wp:featuredmedia":[{"embeddable":true,"href":"https:\/\/granadacostaglobal.es\/index.php?rest_route=\/"}],"wp:attachment":[{"href":"https:\/\/granadacostaglobal.es\/index.php?rest_route=%2Fwp%2Fv2%2Fmedia&parent=15842"}],"wp:term":[{"taxonomy":"category","embeddable":true,"href":"https:\/\/granadacostaglobal.es\/index.php?rest_route=%2Fwp%2Fv2%2Fcategories&post=15842"},{"taxonomy":"post_tag","embeddable":true,"href":"https:\/\/granadacostaglobal.es\/index.php?rest_route=%2Fwp%2Fv2%2Ftags&post=15842"}],"curies":[{"name":"wp","href":"https:\/\/api.w.org\/{rel}","templated":true}]}}