{"id":15835,"date":"2018-01-13T07:26:05","date_gmt":"2018-01-13T07:26:05","guid":{"rendered":"http:\/\/granadacostanacional.es\/?p=15835"},"modified":"2018-01-13T07:26:05","modified_gmt":"2018-01-13T07:26:05","slug":"jose-fiscal-asegura-que-la-nueva-ley-de-urbanismo-de-andalucia-tendra-un-marcado-caracter-municipalista","status":"publish","type":"post","link":"https:\/\/granadacostaglobal.es\/?p=15835","title":{"rendered":"Jos\u00e9 Fiscal asegura que la nueva ley de urbanismo de Andaluc\u00eda tendr\u00e1 un marcado car\u00e1cter municipalista"},"content":{"rendered":"<h5>El consejero de Medio Ambiente y Ordenaci\u00f3n del Territorio inaugura en Huelva una jornada para analizar el nuevo texto legal.<\/h5>\n<p>El consejero de Medio Ambiente y Ordenaci\u00f3n del Territorio, Jos\u00e9 Fiscal, inaugur\u00f3 ayer\u00a0en Huelva junto al presidente de la Diputaci\u00f3n Provincial, Ignacio Caraballo, una jornada para abordar la nueva ley de urbanismo. Durante la apertura del acto, Jos\u00e9 Fiscal recalc\u00f3 que los ayuntamientos andaluces ser\u00e1n uno de los grandes beneficiados de la entrada en vigor de la futura ley de urbanismo, ya que la nueva norma tendr\u00e1 un marcado car\u00e1cter municipalista.<\/p>\n<p>Fiscal se\u00f1al\u00f3 que el nuevo texto profundiza en la autonom\u00eda local; de manera que las corporaciones locales van a tener con esta ley mayor poder de decisi\u00f3n. El consejero se mostr\u00f3 convencido de que en estos momentos los ayuntamientos sufren la tediosa tramitaci\u00f3n de los procedimientos urban\u00edsticos, que se prolongan una media de m\u00e1s de ocho a\u00f1os desde su aprobaci\u00f3n inicial hasta su aprobaci\u00f3n definitiva; por lo que el objetivo es reducir los plazos.\u00a0En este sentido recalc\u00f3 que la intenci\u00f3n es que los ayuntamientos puedan, en un tiempo que ronde los 4 a\u00f1os, tener aprobado su planeamiento urban\u00edstico; hacerlo en lo que dura un mandato. Jos\u00e9 Fiscal record\u00f3 que los objetivos principales que se persiguen con el nuevo texto son tres, la simplificaci\u00f3n y agilizaci\u00f3n de la tramitaci\u00f3n administrativa, la sostenibilidad urban\u00edstica y contribuir desde el urbanismo a la reactivaci\u00f3n de la econom\u00eda de los municipios andaluces.\u00a0El titular de Medio Ambiente y Ordenaci\u00f3n del Territorio invit\u00f3 a los ayuntamientos a que realicen las alegaciones y las aportaciones que crean convenientes, ya que muchas de ellas enriquecer\u00e1n el texto final de la ley; y la vocaci\u00f3n de la Junta de Andaluc\u00eda es la de recorrer junto a las corporaciones locales un camino de di\u00e1logo y entendimiento. \u00a0Por su parte, el presidente de la Diputaci\u00f3n, Ignacio Caraballo, agradeci\u00f3 a la Junta &#8220;el camino de consenso, participaci\u00f3n y transparencia que ha elegido para la tramitaci\u00f3n de la nueva Ley&#8221; y se\u00f1al\u00f3 que esta jornada contribuye al conocimiento de una norma &#8220;que marcar\u00e1 el futuro urban\u00edstico en Andaluc\u00eda y que va a suponer una mejora cualitativa y pr\u00e1ctica del procedimiento urban\u00edstico y, por tanto, va a redundar en beneficio de administraciones y ciudadanos&#8221;.<br \/>\nSeg\u00fan Caraballo el anteproyecto de la Ley contempla aspectos fundamentales para una provincia como Huelva, por cuanto la Ley incide en la Autonom\u00eda Local en los aspectos de simplificaci\u00f3n y agilizaci\u00f3n: &#8220;El 50 por ciento de los municipios de Huelva tienen menos de 2.000 habitantes y carecen de equipos t\u00e9cnicos, con lo que la agilizaci\u00f3n y simplificaci\u00f3n no puede ser m\u00e1s que bienvenida&#8221;, se\u00f1al\u00f3.<\/p>\n","protected":false},"excerpt":{"rendered":"<p>El consejero de Medio Ambiente y Ordenaci\u00f3n del Territorio inaugura en Huelva una jornada para analizar el nuevo texto legal.&hellip;<\/p>\n","protected":false},"author":2,"featured_media":15836,"comment_status":"open","ping_status":"open","sticky":false,"template":"","format":"standard","meta":{"om_disable_all_campaigns":false,"_mi_skip_tracking":false,"_monsterinsights_sitenote_active":false,"_monsterinsights_sitenote_note":"","_monsterinsights_sitenote_category":0,"footnotes":""},"categories":[22],"tags":[],"aioseo_notices":[],"_links":{"self":[{"href":"https:\/\/granadacostaglobal.es\/index.php?rest_route=\/wp\/v2\/posts\/15835"}],"collection":[{"href":"https:\/\/granadacostaglobal.es\/index.php?rest_route=\/wp\/v2\/posts"}],"about":[{"href":"https:\/\/granadacostaglobal.es\/index.php?rest_route=\/wp\/v2\/types\/post"}],"author":[{"embeddable":true,"href":"https:\/\/granadacostaglobal.es\/index.php?rest_route=\/wp\/v2\/users\/2"}],"replies":[{"embeddable":true,"href":"https:\/\/granadacostaglobal.es\/index.php?rest_route=%2Fwp%2Fv2%2Fcomments&post=15835"}],"version-history":[{"count":0,"href":"https:\/\/granadacostaglobal.es\/index.php?rest_route=\/wp\/v2\/posts\/15835\/revisions"}],"wp:featuredmedia":[{"embeddable":true,"href":"https:\/\/granadacostaglobal.es\/index.php?rest_route=\/"}],"wp:attachment":[{"href":"https:\/\/granadacostaglobal.es\/index.php?rest_route=%2Fwp%2Fv2%2Fmedia&parent=15835"}],"wp:term":[{"taxonomy":"category","embeddable":true,"href":"https:\/\/granadacostaglobal.es\/index.php?rest_route=%2Fwp%2Fv2%2Fcategories&post=15835"},{"taxonomy":"post_tag","embeddable":true,"href":"https:\/\/granadacostaglobal.es\/index.php?rest_route=%2Fwp%2Fv2%2Ftags&post=15835"}],"curies":[{"name":"wp","href":"https:\/\/api.w.org\/{rel}","templated":true}]}}