{"id":15807,"date":"2018-01-11T07:21:11","date_gmt":"2018-01-11T07:21:11","guid":{"rendered":"http:\/\/granadacostanacional.es\/?p=15807"},"modified":"2018-01-11T07:21:11","modified_gmt":"2018-01-11T07:21:11","slug":"junta-de-andalucia-y-ministerio-de-fomento-firman-el-convenio-iberlince-para-la-proteccion-del-lince-iberico","status":"publish","type":"post","link":"https:\/\/granadacostaglobal.es\/?p=15807","title":{"rendered":"Junta de Andaluc\u00eda y Ministerio de Fomento firman  el convenio \u2018Iberlince\u2019 para la protecci\u00f3n del lince ib\u00e9rico"},"content":{"rendered":"<p style=\"text-align: justify;\">La Junta de Andaluc\u00eda y el Ministerio de Fomento y han firmado el convenio de\u00a0 que tiene por objeto la colaboraci\u00f3n en la ejecuci\u00f3n del Proyecto Life \u2018Iberlince\u2019, para la \u201cRecuperaci\u00f3n de la distribuci\u00f3n hist\u00f3rica de lince ib\u00e9rico en Espa\u00f1a y Portugal\u201d.<\/p>\n<p style=\"text-align: justify;\">Dicho convenio de colaboraci\u00f3n ha sido suscrito por el secretario de Estado de Infraestructuras, Transporte y Vivienda del Ministerio de Fomento, Julio G\u00f3mez-Pomar, y por el consejero de Medio Ambiente y Ordenaci\u00f3n del Territorio de la Junta de Andaluc\u00eda, Jos\u00e9 Fiscal L\u00f3pez.<\/p>\n<p style=\"text-align: justify;\">Las acciones que se enmarcan dentro del convenio son las siguientes: actuaciones de desfragmentaci\u00f3n en h\u00e1bitat en v\u00edas asfaltadas en las zonas prioritarias, edici\u00f3n de un informe final divulgativo ( informe Layman) y de un bolet\u00edn de difusi\u00f3n del proyecto, puesta a punto y funcionamiento de la red transnacional Iberlince, y plan de conservaci\u00f3n para el proyecto LIFE en el futuro.<\/p>\n<p style=\"text-align: justify;\">La valoraci\u00f3n de este conjunto de acciones es de 1,95 millones de euros, de los que 1,12 millones de euros son objeto de este convenio.<\/p>\n<p style=\"text-align: justify;\">La Consejer\u00eda de Medio Ambiente y Ordenaci\u00f3n del Territorio de la Junta de Andaluc\u00eda pagar\u00e1 un m\u00e1ximo de 0,67 millones de euros en concepto de contribuci\u00f3n financiera de la Comisi\u00f3n Europea (CE). El resto, 0,45 millones de euros, ser\u00e1n aportados por la Direcci\u00f3n General de Carreteras del Ministerio de Fomento.<\/p>\n<p style=\"text-align: justify;\">Con el fin de hacer un seguimiento del cumplimiento del convenio de colaboraci\u00f3n se establece una Comisi\u00f3n de Seguimiento que estar\u00e1 formada por un representante de cada una de las partes.<\/p>\n","protected":false},"excerpt":{"rendered":"<p>La Junta de Andaluc\u00eda y el Ministerio de Fomento y han firmado el convenio de\u00a0 que tiene por objeto la&hellip;<\/p>\n","protected":false},"author":2,"featured_media":15808,"comment_status":"open","ping_status":"open","sticky":false,"template":"","format":"standard","meta":{"om_disable_all_campaigns":false,"_mi_skip_tracking":false,"_monsterinsights_sitenote_active":false,"_monsterinsights_sitenote_note":"","_monsterinsights_sitenote_category":0,"footnotes":""},"categories":[22],"tags":[],"aioseo_notices":[],"_links":{"self":[{"href":"https:\/\/granadacostaglobal.es\/index.php?rest_route=\/wp\/v2\/posts\/15807"}],"collection":[{"href":"https:\/\/granadacostaglobal.es\/index.php?rest_route=\/wp\/v2\/posts"}],"about":[{"href":"https:\/\/granadacostaglobal.es\/index.php?rest_route=\/wp\/v2\/types\/post"}],"author":[{"embeddable":true,"href":"https:\/\/granadacostaglobal.es\/index.php?rest_route=\/wp\/v2\/users\/2"}],"replies":[{"embeddable":true,"href":"https:\/\/granadacostaglobal.es\/index.php?rest_route=%2Fwp%2Fv2%2Fcomments&post=15807"}],"version-history":[{"count":0,"href":"https:\/\/granadacostaglobal.es\/index.php?rest_route=\/wp\/v2\/posts\/15807\/revisions"}],"wp:featuredmedia":[{"embeddable":true,"href":"https:\/\/granadacostaglobal.es\/index.php?rest_route=\/"}],"wp:attachment":[{"href":"https:\/\/granadacostaglobal.es\/index.php?rest_route=%2Fwp%2Fv2%2Fmedia&parent=15807"}],"wp:term":[{"taxonomy":"category","embeddable":true,"href":"https:\/\/granadacostaglobal.es\/index.php?rest_route=%2Fwp%2Fv2%2Fcategories&post=15807"},{"taxonomy":"post_tag","embeddable":true,"href":"https:\/\/granadacostaglobal.es\/index.php?rest_route=%2Fwp%2Fv2%2Ftags&post=15807"}],"curies":[{"name":"wp","href":"https:\/\/api.w.org\/{rel}","templated":true}]}}