{"id":15731,"date":"2018-01-08T12:15:28","date_gmt":"2018-01-08T12:15:28","guid":{"rendered":"http:\/\/granadacostanacional.es\/?p=15731"},"modified":"2018-01-08T12:15:28","modified_gmt":"2018-01-08T12:15:28","slug":"ciudadanos-reivindica-el-desarrollo-de-los-grandes-proyectos-pendientes-de-granada-como-motores-imprescindibles-para-generar-empleo","status":"publish","type":"post","link":"https:\/\/granadacostaglobal.es\/?p=15731","title":{"rendered":"Ciudadanos reivindica el desarrollo de los grandes proyectos pendientes de Granada como \u201cmotores imprescindibles\u201d para generar empleo ."},"content":{"rendered":"<p class=\"gmail-m-4868268877036268392gmail-m4865334200375403566gmail-m2424867761076869463m3964066035742294060gmail-m2898525604964511262m2333922625247091593m6324313922600643048m-6074076335251496095gmail-m6394013581410975890m7612831067093413818m822070341\" style=\"text-align: justify;\"><span style=\"color: #000000;\"><b><span style=\"font-family: Arial, sans-serif;\">\u201cLa llegada del AVE, la construcci\u00f3n de la presa de Rules, la puesta en marcha de la l\u00ednea 400kw o proyectos como el acelerador de part\u00edculas son prioritarios para sacar a Granada de la cola de Andaluc\u00eda en la creaci\u00f3n de empleo y conseguir transformar peque\u00f1os contratos eventuales en contratos indefinidos de empleos de calidad\u201d<\/span><\/b><span style=\"font-family: Arial, sans-serif;\">, se\u00f1ala el portavoz de Cs Granada, Luis Salvador.<\/span><\/span><\/p>\n<p class=\"gmail-m-4868268877036268392gmail-m4865334200375403566gmail-m2424867761076869463m3964066035742294060gmail-m2898525604964511262m2333922625247091593m6324313922600643048m-6074076335251496095gmail-m6394013581410975890m7612831067093413818m822070341\" style=\"margin-bottom: 0.0001pt; text-align: justify;\"><span style=\"font-family: 'Arial',sans-serif;\">El portavoz provincial de Ciudadanos en Granada y diputado nacional en el Congreso por la formaci\u00f3n, Luis Salvador, reivindic\u00f3 la importancia del desarrollo urgente de los grandes proyectos actualmente pendientes que tiene Granada, como la llegada del AVE, la construcci\u00f3n de las conducciones de la presa de Rules, el acelerador de part\u00edculas o la puesta en marcha de la l\u00ednea 400kv en el eje el\u00e9ctrico Caparacena-Baza-La Ribina, como\u00a0<b>\u201cmotores imprescindibles\u201d<\/b>\u00a0para conseguir el desarrollo econ\u00f3mico de la provincia, y con \u00e9l, dejar de estar situada en el pen\u00faltimo puesto de las provincias andaluzas donde se genera empleo.<\/span><\/p>\n<p class=\"gmail-m-4868268877036268392gmail-m4865334200375403566gmail-m2424867761076869463m3964066035742294060gmail-m2898525604964511262m2333922625247091593m6324313922600643048m-6074076335251496095gmail-m6394013581410975890m7612831067093413818m822070341\" style=\"margin-bottom: 0.0001pt; background-image: initial; background-position: initial; background-size: initial; background-repeat: initial; background-origin: initial; background-clip: initial; text-align: justify;\"><b><span style=\"font-family: 'Arial',sans-serif;\">\u201cNos sentimos satisfechos de la bajada del desempleo del 4,72 por ciento en la provincia de Granada, pero ni mucho menos consideramos que las cifras actuales son buenas; queda mucho por hacer\u201d<\/span><\/b><span style=\"font-family: 'Arial',sans-serif;\">, asegur\u00f3 Salvador tras conocer los datos aportados por el Instituto Nacional de Empleo (INEM).\u00a0<\/span><\/p>\n<p class=\"gmail-m-4868268877036268392gmail-m4865334200375403566gmail-m2424867761076869463m3964066035742294060gmail-m2898525604964511262m2333922625247091593m6324313922600643048m-6074076335251496095gmail-m6394013581410975890m7612831067093413818m822070341\" style=\"margin-bottom: 0.0001pt; background-image: initial; background-position: initial; background-size: initial; background-repeat: initial; background-origin: initial; background-clip: initial; text-align: justify;\"><span style=\"font-family: 'Arial',sans-serif;\">Seg\u00fan explico\u00b4el portavoz, los grandes retos actuales pasan principalmente por combatir la temporalidad del trabajo en la provincia de Granada en particular, donde este a\u00f1o el 95,68 por ciento de los contratos han sido temporales, ya que la estacionalidad es uno de los grandes obst\u00e1culos para la creaci\u00f3n estructural de empleo.\u00a0<b>\u201cLa entrada en funcionamiento del AVE no solo supondr\u00e1 una importante mejora de las comunicaciones de la provincia, sino que facilitar\u00e1 el desarrollo de otros tipos de turismo, m\u00e1s ligados al acad\u00e9mico, al de congresos y al cultural, y contrarrestando as\u00ed la estacionalidad del turismo tradicional de sol y playa\u201d<\/b>, ha valorado.<\/span><\/p>\n<p class=\"gmail-m-4868268877036268392gmail-m4865334200375403566gmail-m2424867761076869463m3964066035742294060gmail-m2898525604964511262m2333922625247091593m6324313922600643048m-6074076335251496095gmail-m6394013581410975890m7612831067093413818m822070341\" style=\"margin-bottom: 0.0001pt; background-image: initial; background-position: initial; background-size: initial; background-repeat: initial; background-origin: initial; background-clip: initial; text-align: justify;\"><span style=\"font-family: 'Arial',sans-serif;\">Igualmente, Salvador ha abogado por la necesidad de generar m\u00e1s empleos de calidad y acabar con la precariedad y los bajos salarios, algo que indiscutiblemente se relaciona con el desarrollo de proyectos tan ambiciosos en la provincia como son el acelerador de part\u00edculas, cuyas estimaciones menos optimistas se\u00f1alan que supondr\u00eda la creaci\u00f3n de m\u00e1s de 12.000 empleos de alta cualificaci\u00f3n; la creaci\u00f3n de la l\u00ednea 400kw, que permitir\u00eda poner en marcha iniciativas empresariales que servir\u00edan para generar m\u00e1s de 15.000 empleos directos en la comarca y en el resto de la provincia; o la construcci\u00f3n de las conducciones de la presa de Rules hasta la cota 400, prioridad para la agricultura local y hacer realidad los 10.000 puestos de trabajo que dependen de ellas.\u00a0<\/span><\/p>\n<p class=\"gmail-m-4868268877036268392gmail-m4865334200375403566gmail-m2424867761076869463m3964066035742294060gmail-m2898525604964511262m2333922625247091593m6324313922600643048m-6074076335251496095gmail-m6394013581410975890m7612831067093413818m822070341\" style=\"margin-bottom: 0.0001pt; background-image: initial; background-position: initial; background-size: initial; background-repeat: initial; background-origin: initial; background-clip: initial; text-align: justify;\"><b><span style=\"font-family: 'Arial',sans-serif;\">\u201cEstamos hablando de grandes proyectos para sacar a Granada de la cola de Andaluc\u00eda en la creaci\u00f3n de empleo y de conseguir transformar peque\u00f1os contratos eventuales en contratos indefinidos de empleos de calidad, as\u00ed que nuestro camino va a ser seguir trabajando y buscando consensos y acuerdos de partidos y administraciones para sacar adelante estas iniciativas y lograr el importante salto cualitativo y cuantitativo de empleo que Granada merece\u201d<\/span><\/b><span style=\"font-family: 'Arial',sans-serif;\">, concluy\u00f3.\u00a0<\/span><\/p>\n","protected":false},"excerpt":{"rendered":"<p>\u201cLa llegada del AVE, la construcci\u00f3n de la presa de Rules, la puesta en marcha de la l\u00ednea 400kw o&hellip;<\/p>\n","protected":false},"author":2,"featured_media":15732,"comment_status":"open","ping_status":"open","sticky":false,"template":"","format":"standard","meta":{"om_disable_all_campaigns":false,"_mi_skip_tracking":false,"_monsterinsights_sitenote_active":false,"_monsterinsights_sitenote_note":"","_monsterinsights_sitenote_category":0,"footnotes":""},"categories":[22],"tags":[],"aioseo_notices":[],"_links":{"self":[{"href":"https:\/\/granadacostaglobal.es\/index.php?rest_route=\/wp\/v2\/posts\/15731"}],"collection":[{"href":"https:\/\/granadacostaglobal.es\/index.php?rest_route=\/wp\/v2\/posts"}],"about":[{"href":"https:\/\/granadacostaglobal.es\/index.php?rest_route=\/wp\/v2\/types\/post"}],"author":[{"embeddable":true,"href":"https:\/\/granadacostaglobal.es\/index.php?rest_route=\/wp\/v2\/users\/2"}],"replies":[{"embeddable":true,"href":"https:\/\/granadacostaglobal.es\/index.php?rest_route=%2Fwp%2Fv2%2Fcomments&post=15731"}],"version-history":[{"count":0,"href":"https:\/\/granadacostaglobal.es\/index.php?rest_route=\/wp\/v2\/posts\/15731\/revisions"}],"wp:featuredmedia":[{"embeddable":true,"href":"https:\/\/granadacostaglobal.es\/index.php?rest_route=\/"}],"wp:attachment":[{"href":"https:\/\/granadacostaglobal.es\/index.php?rest_route=%2Fwp%2Fv2%2Fmedia&parent=15731"}],"wp:term":[{"taxonomy":"category","embeddable":true,"href":"https:\/\/granadacostaglobal.es\/index.php?rest_route=%2Fwp%2Fv2%2Fcategories&post=15731"},{"taxonomy":"post_tag","embeddable":true,"href":"https:\/\/granadacostaglobal.es\/index.php?rest_route=%2Fwp%2Fv2%2Ftags&post=15731"}],"curies":[{"name":"wp","href":"https:\/\/api.w.org\/{rel}","templated":true}]}}