{"id":15721,"date":"2017-12-29T13:17:46","date_gmt":"2017-12-29T13:17:46","guid":{"rendered":"http:\/\/granadacostanacional.es\/?p=15721"},"modified":"2017-12-29T13:17:46","modified_gmt":"2017-12-29T13:17:46","slug":"los-tres-magos-de-oriente","status":"publish","type":"post","link":"https:\/\/granadacostaglobal.es\/?p=15721","title":{"rendered":"LOS TRES MAGOS DE ORIENTE"},"content":{"rendered":"<p style=\"text-align: justify;\">Hermosa Estrella de Bel\u00e9n que viniendo de los espacios celestes descendi\u00f3 a la tierra y se pos\u00f3 en el portal para alumbrar al Ni\u00f1o Dios. M\u00edtica Estrella que en su camino gui\u00f3 a los <strong>Reyes Magos<\/strong> hasta Bel\u00e9n para adorar al reci\u00e9n nacido y ofrecerle sus presentes: oro, incienso y mirra. Oro, como Rey. Incienso como Dios. Mirra, como Hombre.<\/p>\n<p style=\"text-align: justify;\">\u00a0\u00a0\u00a0\u00a0\u00a0\u00a0\u00a0\u00a0\u00a0 Eso, al menos, dice la santa tradici\u00f3n. Hermosa tradici\u00f3n que ha hecho so\u00f1ar a tantos ni\u00f1os a lo largo de la historia la noche del 5 de enero de cualquier a\u00f1o, en la v\u00edspera de Reyes, festividad de la Epifan\u00eda, ya que la iglesia tambi\u00e9n celebra el 6 de enero la fiesta de los Santos Reyes Magos. \u00a1Qu\u00e9 noche de ilusi\u00f3n! Y aqu\u00ed meto a ni\u00f1os y puede que, incluso\u2026 a muchos mayores pues el coraz\u00f3n siempre es joven y tambi\u00e9n se alegra al recibir su regalo.<\/p>\n<p style=\"text-align: justify;\">\u00a0\u00a0\u00a0\u00a0\u00a0\u00a0\u00a0\u00a0\u00a0 \u00a1Qu\u00e9 vistosas las cabalgatas que en cada ciudad espa\u00f1ola se celebran! Como nota curiosa, la primera cabalgata que se celebr\u00f3 en Espa\u00f1a fue la muy famosa de Alcoy, en el a\u00f1o 1866, tradici\u00f3n que se extendi\u00f3 al resto del pa\u00eds incluyendo algunos pa\u00edses de cultura hispana.<\/p>\n<p style=\"text-align: justify;\">\u00a0\u00a0\u00a0\u00a0\u00a0\u00a0\u00a0\u00a0\u00a0 Impresionantes carrozas engalanadas de guirnaldas, flores, luces de mil colores, cada una representando un motivo distinto y, sobre ellas, personajes ataviados con vistosos ropajes lanzando miles de caramelos para alborozo de los ni\u00f1os, y los menos ni\u00f1os, tratando de alcanzarlos. Y como apoteosis final, la aparici\u00f3n de las majestuosas carrozas portando a los Reyes con rica pompa y ceremonia haciendo las delicias de los peque\u00f1os.<\/p>\n<p style=\"text-align: justify;\">\u00a0\u00a0 \u00a0\u00a0\u00a0\u00a0\u00a0\u00a0\u00a0Recuerdo, cuando era ni\u00f1a, aquellas genuinas cabalgatas que organizaban en mi querida <strong>Melilla <\/strong>con los tres Reyes montados en aut\u00e9nticos camellos, nada de carrozas. Mi preferido, Baltasar, era \u201cde verdad\u201d, no pintarrajeado de negro, caricatura rid\u00edcula del personaje que no enga\u00f1a ni al m\u00e1s ingenuo de los ni\u00f1os. Esa noche, hasta cre\u00eda verlos aparecer en mi habitaci\u00f3n, como sombras silenciosas, y dejar los regalos bajo mi cama. El a\u00f1o que por fin me trajeron la mu\u00f1eca <strong>Gisela <\/strong>\u2013m\u00e1s bonita que la Mariquita P\u00e9rez, aunque no tan famosa-, me pareci\u00f3 un sue\u00f1o. \u00a1Era casi m\u00e1s grande que yo! A\u00fan la conservo como viva presencia de mi ni\u00f1ez.<\/p>\n<p style=\"text-align: justify;\">\n<p style=\"text-align: justify;\">\u00a0\u00a0\u00a0\u00a0\u00a0\u00a0\u00a0\u00a0\u00a0 Pero, \u00bfqui\u00e9nes eran en realidad aquellos hombres? No eran reyes, por supuesto. Ni magos. Ni siquiera eran tres. Eran unos hombres sabios, nobles de nacimiento, ricos e influyentes, estudiosos de los astros e, incluso, consejeros de la realeza. Ellos hab\u00edan estudiado las escrituras hebreas y supieron de la profec\u00eda de Daniel prediciendo la llegada del Mes\u00edas y sab\u00edan que su hora ya se acercaba.<\/p>\n<p style=\"text-align: justify;\">\u00a0\u00a0\u00a0\u00a0\u00a0\u00a0\u00a0\u00a0\u00a0 La noche en que naci\u00f3 Jes\u00fas (que tampoco era una noche fr\u00eda ni cubierta de nieve, puesto que en Palestina no nieva), los sabios divisaron una luz misteriosa que apareci\u00f3 en el cielo \u2013un cometa probablemente-, que se volvi\u00f3 una estrella luminosa, y sabedores de los escritos sagrados, se pusieron en camino guiados por la estrella hasta llegar a Bel\u00e9n. Y, seg\u00fan la tradici\u00f3n, hicieron un alto en su camino ante el palacio del malvado rey Herodes, aquel rey envidioso de Jes\u00fas reci\u00e9n nacido, pensando que le arrebatar\u00eda su trono y, por eso, mand\u00f3 degollar a todos los ni\u00f1os menores de dos a\u00f1os. De ah\u00ed proviene el D\u00eda de los Santos Inocentes y las \u201cinocentadas\u201d que se dan ese d\u00eda a los amigos.<\/p>\n<p style=\"text-align: justify;\">\u00a0\u00a0\u00a0\u00a0\u00a0\u00a0\u00a0\u00a0\u00a0 En los Evangelios, s\u00f3lo el de San Mateo hace menci\u00f3n de estos \u201cmagos\u201d, sin precisar sus nombres ni el n\u00famero de ellos. M\u00e1s tarde, en el siglo III, se estableci\u00f3 que podr\u00edan ser reyes y en n\u00famero de tres, ya que hasta entonces se los representaba como dos, tres, cuatro e, incluso, hasta doce, como los ap\u00f3stoles y las doce Tribus de Israel. En cuanto a sus nombres, no se conocer\u00edan hasta el siglo VI en que aparecen por primera vez en el mosaico de San Apollinaire Nuovo, en R\u00e1vena, en el que ya vienen representados con ricos ropajes persas, distintas edades y con los nombres escritos sobre sus im\u00e1genes: Melchor, Gaspar y Baltasar. Sin embargo, el rey Baltasar, mi preferido, no aparece con su tez negra hasta el siglo XV. Se dice que, de este modo, se representaban a las tres razas de la Edad Media: europea, asi\u00e1tica y africana. Y los tres Reyes, en perfecta armon\u00eda y concordia, aunando a las mismas.<\/p>\n<p style=\"text-align: justify;\">\u00a0\u00a0\u00a0\u00a0\u00a0\u00a0\u00a0\u00a0\u00a0 En Espa\u00f1a se inici\u00f3 la tradici\u00f3n de convertir la noche de Reyes a partir del siglo XIX. No se sabe, al menos yo no lo s\u00e9, de qui\u00e9n parti\u00f3 la feliz idea pero es una tradici\u00f3n que no debe desaparecer, as\u00ed como la de montar belenes en las ciudades. Y digo esto porque, desgraciadamente, los est\u00e1n suprimiendo en bastantes localidades.<\/p>\n<p style=\"text-align: justify;\">\n<p style=\"text-align: justify;\">\u00a0\u00a0\u00a0\u00a0\u00a0\u00a0\u00a0\u00a0\u00a0 Y hasta aqu\u00ed, lo que sabemos sobre los Reyes Magos, pero no necesitamos m\u00e1s. Con su aureola m\u00edtica y la ilusi\u00f3n con que los ni\u00f1os los han envuelto, se han convertido en personajes legendarios y, junto al Ni\u00f1o Dios, en protagonistas de nuestra Navidad, pese a ese \u201cpersonaje\u201d importado que nos han impuesto, que no tiene nada que ver con nuestra sagrada tradici\u00f3n. Antiguo mu\u00f1eco color verde anunciando un refresco de cola, que luego vistieron de rojo, tratando de desplazar a nuestros entra\u00f1ables <strong>Reyes Magos<\/strong> <strong>de Oriente.<\/strong><\/p>\n<p style=\"text-align: justify;\">\u00a0\u00a0\u00a0\u00a0\u00a0\u00a0\u00a0\u00a0\u00a0 Espero que, al paso que vamos, con los a\u00f1os no lo consigan y que podamos seguir celebrando ilusionados muchas noches de Reyes y los ni\u00f1os no olviden que a quien hemos de adorar es al <strong>Ni\u00f1o Jes\u00fas<\/strong>, protagonista absoluto de la <strong>Navidad.<\/strong><\/p>\n<p style=\"text-align: justify;\">\n<p style=\"text-align: justify;\">\u00a0\u00a0\u00a0\u00a0\u00a0\u00a0\u00a0\u00a0\u00a0 En honor de los Reyes Magos incluyo este tierno poema na\u00eff de <strong>Gloria Fuertes<\/strong>, la amiga de los ni\u00f1os. Poema que representaron un a\u00f1o mis peque\u00f1os alumnos de 1\u00ba, recitando de memoria sus versos y actuando como grandes \u201cprofesionales\u201d.<\/p>\n<p>&nbsp;<\/p>\n<p style=\"text-align: center;\">EL CAMELLO COJITO<\/p>\n<p style=\"text-align: center;\">(Auto de los Reyes Magos)<\/p>\n<p style=\"text-align: center;\">\n<p style=\"text-align: center;\">El camello se pinch\u00f3<\/p>\n<p style=\"text-align: center;\">con un cardo en el camino<\/p>\n<p style=\"text-align: center;\">y el mec\u00e1nico Melchor<\/p>\n<p style=\"text-align: center;\">le dio vino.<\/p>\n<p style=\"text-align: center;\">\n<p style=\"text-align: center;\">Baltasar fue a repostar<\/p>\n<p style=\"text-align: center;\">m\u00e1s all\u00e1 del quinto pino\u2026<\/p>\n<p style=\"text-align: center;\">E intranquilo el gran Melchor<\/p>\n<p style=\"text-align: center;\">consultaba su \u201cLonginos\u201d.<\/p>\n<p style=\"text-align: center;\">\n<p style=\"text-align: center;\">-\u00a1No llegamos,<\/p>\n<p style=\"text-align: center;\">no llegamos<\/p>\n<p style=\"text-align: center;\">y el santo parto ha venido!<\/p>\n<p style=\"text-align: center;\">Son las doce y tres minutos<\/p>\n<p style=\"text-align: center;\">y tres reyes se han perdido.<\/p>\n<p style=\"text-align: center;\">\n<p style=\"text-align: center;\">El camello cojeando<\/p>\n<p style=\"text-align: center;\">m\u00e1s medio muerto que vivo<\/p>\n<p style=\"text-align: center;\">va espeluchando su felpa<\/p>\n<p style=\"text-align: center;\">entre los troncos de olivo.<\/p>\n<p style=\"text-align: center;\">\n<p style=\"text-align: center;\">Acerc\u00e1ndose a Gaspar,<\/p>\n<p style=\"text-align: center;\">Melchor le dijo al o\u00eddo:<\/p>\n<p style=\"text-align: center;\">-Vaya birria de camello<\/p>\n<p style=\"text-align: center;\">que en Oriente te han vendido.<\/p>\n<p style=\"text-align: center;\">\n<p style=\"text-align: center;\">A la entrada de Bel\u00e9n<\/p>\n<p style=\"text-align: center;\">al camello le dio hipo.<\/p>\n<p style=\"text-align: center;\">\u00a1Ay, qu\u00e9 tristeza tan grande<\/p>\n<p style=\"text-align: center;\">en su belfo y en su tipo!<\/p>\n<p style=\"text-align: center;\">\n<p style=\"text-align: center;\">Se iba cayendo la mirra<\/p>\n<p style=\"text-align: center;\">a lo largo del camino,<\/p>\n<p style=\"text-align: center;\">Baltasar lleva los cofres,<\/p>\n<p style=\"text-align: center;\">Melchor empujaba el bicho.<\/p>\n<p style=\"text-align: center;\">\n<p style=\"text-align: center;\">Y a las tantas ya del alba<\/p>\n<p style=\"text-align: center;\">-ya cantaban pajarillos-<\/p>\n<p style=\"text-align: center;\">los tres reyes se quedaron<\/p>\n<p style=\"text-align: center;\">boquiabiertos e indecisos,<\/p>\n<p style=\"text-align: center;\">oyendo hablar como a un Hombre<\/p>\n<p style=\"text-align: center;\">a un Ni\u00f1o reci\u00e9n nacido.<\/p>\n<p style=\"text-align: center;\">\n<p style=\"text-align: center;\">-No quiero oro ni incienso<\/p>\n<p style=\"text-align: center;\">ni esos tesoros tan fr\u00edos,<\/p>\n<p style=\"text-align: center;\">quiero al camello, le quiero.<\/p>\n<p style=\"text-align: center;\">Le quiero, repiti\u00f3 el Ni\u00f1o.<\/p>\n<p style=\"text-align: center;\">\n<p style=\"text-align: center;\">A pie vuelven los tres reyes<\/p>\n<p style=\"text-align: center;\">cabizbajos y afligidos.<\/p>\n<p style=\"text-align: center;\">Mientras el camello echado<\/p>\n<p style=\"text-align: center;\">le hace cosquillas al Ni\u00f1o.<\/p>\n<p style=\"text-align: center;\">\n<p style=\"text-align: center;\"><a href=\"http:\/\/granadacostanacional.es\/wp-content\/uploads\/2017\/12\/Etrella-poema-carmen.jpg\"><img decoding=\"async\" loading=\"lazy\" class=\"aligncenter size-large wp-image-15722\" src=\"http:\/\/granadacostanacional.es\/wp-content\/uploads\/2017\/12\/Etrella-poema-carmen-767x1024.jpg\" alt=\"Etrella poema carmen\" width=\"767\" height=\"1024\" \/><\/a><\/p>\n<p style=\"text-align: center;\"><span style=\"color: #3366ff;\"><em>LA ESTRELLA\u00a0 Y EL NI\u00d1O<\/em><\/span><\/p>\n<p style=\"text-align: center;\"><span style=\"color: #3366ff;\"><em>\u00a0<\/em><\/span><\/p>\n<p style=\"text-align: center;\"><span style=\"color: #3366ff;\"><em>Baj\u00f3 una nueva estrella, un nuevo sol<\/em><\/span><\/p>\n<p style=\"text-align: center;\"><span style=\"color: #3366ff;\"><em>nacido en el azul, obra de Dios,<\/em><\/span><\/p>\n<p style=\"text-align: center;\"><span style=\"color: #3366ff;\"><em>para anunciar a todo el universo<\/em><\/span><\/p>\n<p style=\"text-align: center;\"><span style=\"color: #3366ff;\"><em>la llegada al mundo del Mes\u00edas.<\/em><\/span><\/p>\n<p style=\"text-align: center;\"><span style=\"color: #3366ff;\"><em>El nacimiento de un Ni\u00f1o Redentor.<\/em><\/span><\/p>\n<p style=\"text-align: center;\"><span style=\"color: #3366ff;\"><em>\u00a0<\/em><\/span><\/p>\n<p style=\"text-align: center;\"><span style=\"color: #3366ff;\"><em>El peque\u00f1o Jes\u00fas, desde su cuna,<\/em><\/span><\/p>\n<p style=\"text-align: center;\"><span style=\"color: #3366ff;\"><em>entreabri\u00f3 los ojos y mir\u00f3 a la estrella.<\/em><\/span><\/p>\n<p style=\"text-align: center;\"><span style=\"color: #3366ff;\"><em>Y sonriendo le dijo agradecido:<\/em><\/span><\/p>\n<p style=\"text-align: center;\"><span style=\"color: #3366ff;\"><em>Tu luz brillar\u00e1 por siempre junto a m\u00ed<\/em><\/span><\/p>\n<p style=\"text-align: center;\"><span style=\"color: #3366ff;\"><em>luciendo en el portal eternamente.<\/em><\/span><\/p>\n<p style=\"text-align: center;\"><span style=\"color: #3366ff;\"><em>\u00a0<\/em><\/span><\/p>\n<p style=\"text-align: center;\"><span style=\"color: #3366ff;\"><em>Y el Ni\u00f1o-Dios, feliz desde el pesebre,<\/em><\/span><\/p>\n<p style=\"text-align: center;\"><span style=\"color: #3366ff;\"><em>iluminado por la luz divina<\/em><\/span><\/p>\n<p style=\"text-align: center;\"><span style=\"color: #3366ff;\"><em>que envi\u00f3 su Padre desde el cielo,<\/em><\/span><\/p>\n<p style=\"text-align: center;\"><span style=\"color: #3366ff;\"><em>con sus santas manitas bendec\u00eda<\/em><\/span><\/p>\n<p style=\"text-align: center;\"><span style=\"color: #3366ff;\"><em>a su querida Estrella del Oriente.<\/em><\/span><\/p>\n<p style=\"text-align: center;\">Feliz a\u00f1o 2018. Vuestra amiga Carmen Carrasco<\/p>\n<p style=\"text-align: center;\">\n<p>&nbsp;<\/p>\n","protected":false},"excerpt":{"rendered":"<p>Hermosa Estrella de Bel\u00e9n que viniendo de los espacios celestes descendi\u00f3 a la tierra y se pos\u00f3 en el portal&hellip;<\/p>\n","protected":false},"author":2,"featured_media":13856,"comment_status":"open","ping_status":"open","sticky":false,"template":"","format":"standard","meta":{"om_disable_all_campaigns":false,"_mi_skip_tracking":false,"_monsterinsights_sitenote_active":false,"_monsterinsights_sitenote_note":"","_monsterinsights_sitenote_category":0,"footnotes":""},"categories":[24,21],"tags":[],"aioseo_notices":[],"_links":{"self":[{"href":"https:\/\/granadacostaglobal.es\/index.php?rest_route=\/wp\/v2\/posts\/15721"}],"collection":[{"href":"https:\/\/granadacostaglobal.es\/index.php?rest_route=\/wp\/v2\/posts"}],"about":[{"href":"https:\/\/granadacostaglobal.es\/index.php?rest_route=\/wp\/v2\/types\/post"}],"author":[{"embeddable":true,"href":"https:\/\/granadacostaglobal.es\/index.php?rest_route=\/wp\/v2\/users\/2"}],"replies":[{"embeddable":true,"href":"https:\/\/granadacostaglobal.es\/index.php?rest_route=%2Fwp%2Fv2%2Fcomments&post=15721"}],"version-history":[{"count":0,"href":"https:\/\/granadacostaglobal.es\/index.php?rest_route=\/wp\/v2\/posts\/15721\/revisions"}],"wp:featuredmedia":[{"embeddable":true,"href":"https:\/\/granadacostaglobal.es\/index.php?rest_route=\/"}],"wp:attachment":[{"href":"https:\/\/granadacostaglobal.es\/index.php?rest_route=%2Fwp%2Fv2%2Fmedia&parent=15721"}],"wp:term":[{"taxonomy":"category","embeddable":true,"href":"https:\/\/granadacostaglobal.es\/index.php?rest_route=%2Fwp%2Fv2%2Fcategories&post=15721"},{"taxonomy":"post_tag","embeddable":true,"href":"https:\/\/granadacostaglobal.es\/index.php?rest_route=%2Fwp%2Fv2%2Ftags&post=15721"}],"curies":[{"name":"wp","href":"https:\/\/api.w.org\/{rel}","templated":true}]}}