{"id":1548,"date":"2015-06-03T17:00:41","date_gmt":"2015-06-03T17:00:41","guid":{"rendered":"http:\/\/granadacosta.es\/?p=1548"},"modified":"2015-06-03T17:00:41","modified_gmt":"2015-06-03T17:00:41","slug":"la-capacidad-de-adaptacion-de-los-destinos-a-los-cambios-vertiginosos-del-mercado-y-los-habitos-de-los-viajeros-condicionara-su-competitividad","status":"publish","type":"post","link":"https:\/\/granadacostaglobal.es\/?p=1548","title":{"rendered":"La capacidad de adaptaci\u00f3n de los destinos a los \u2018cambios vertiginosos\u2019 del mercado y los h\u00e1bitos de los viajeros condicionar\u00e1 su competitividad"},"content":{"rendered":"<p style=\"text-align: justify;\">La capacidad que tengan los destinos tur\u00edsticos de ofrecer una experiencia global al turista incorporando productos adaptados por segmentos marcar\u00e1 su capacidad competitiva en un mercado que experimenta \u2018cambios vertiginosos\u2019 y\u00a0 en el que la interactuaci\u00f3n del cliente\u00a0 cada vez es m\u00e1s creciente.<\/p>\n<p style=\"text-align: justify;\">\n<p style=\"text-align: justify;\">La Organizaci\u00f3n Mundial de Turismo (OMT) y la Secretar\u00eda de Estado de Turismo del Gobierno de Espa\u00f1a han coincidido en el argumento durante la inauguraci\u00f3n del 10\u00ba Sal\u00f3n internacional de Turismo \u2018EUROAL 2015\u2019, que se celebra hasta el viernes 5 de junio en el Palacio de Congresos y Exposiciones de Torremolinos-Costa del Sol y en que converge la celebraci\u00f3n de la 3\u00aa Conferencia Internacional sobre Desestacionalizaci\u00f3n Tur\u00edstica de la OMT-UNWTO.<\/p>\n<p style=\"text-align: justify;\">\n<p style=\"text-align: justify;\">Torremolinos es sede desde hoy de este foro de promoci\u00f3n y comercializaci\u00f3n tur\u00edstica , y a la vez de an\u00e1lisis y debate profesional de los cambios que se operan en el mercado tur\u00edstico. \u00a036 delegaciones internacionales y 161 empresas de servicios tur\u00edsticos, agencias receptivas, turoperadores, destinos tur\u00edsticos y entes e instituciones de promoci\u00f3n tur\u00edstica de Europa, \u00c1frica, Am\u00e9rica, Asia y Oriente Medio participan como expositores y coexpositores en esta feria, reconocida como referente en el arco mediterr\u00e1neo por los mercados internacionales.<\/p>\n<p style=\"text-align: justify;\">\u00a0<a href=\"http:\/\/granadacosta.es\/wp-content\/uploads\/2015\/06\/Euroal13.jpg\"><img decoding=\"async\" loading=\"lazy\" class=\"aligncenter size-large wp-image-1551\" src=\"http:\/\/granadacosta.es\/wp-content\/uploads\/2015\/06\/Euroal13-1024x683.jpg\" alt=\"Euroal13\" width=\"1024\" height=\"683\" \/><\/a><\/p>\n<p style=\"text-align: justify;\">El alcalde de Torremolinos, ciudad anfitriona, ha presidido la inauguraci\u00f3n de EUROAL, acompa\u00f1ado \u2013entre otros representantes y autoridades nacionales e internacionales- por la secretaria de estado de Turismo, Isabel Mar\u00eda Borrego; la viceconsejera de Turismo de la Junta de Andaluc\u00eda, Antonia Moro; el ministro de Turismo del El Salvador, Jos\u00e9 Napole\u00f3n Duarte; y la directora del programa de Miembros Afiliados de la OMT, Yolanda Perdomo.<\/p>\n<p style=\"text-align: justify;\">\n<p style=\"text-align: justify;\">Fern\u00e1ndez Montes ha hecho alusi\u00f3n al a\u00f1o 2006 como el de origen de EUROAL, un proyecto cuyo \u00e9xito residi\u00f3 al ocupar un vac\u00edo existente como v\u00ednculo de relaciones tur\u00edsticas y comerciales, inicialmente entre Am\u00e9rica Latina y Europa, en un punto com\u00fan y una cita \u00fanica, suponiendo un gran ahorro de costes para los destinos y operadores. El mandatario ha tenido palabras de agradecimiento al secretario general la OMT, Taleb Rifai, por la elecci\u00f3n de Torremolinos para celebrar la 3\u00aa Conferencia Internacional de Desestacionalizaci\u00f3n Tur\u00edstica, que re\u00fane por espacio de dos d\u00edas a miembros afiliados de esta organizaci\u00f3n mundial y foro en que se abordan las innovaciones y medidas a aplicar por los destinos tur\u00edsticos en la lucha contra la estacionalidad.<\/p>\n<p style=\"text-align: justify;\">\n<p style=\"text-align: justify;\">La secretaria de Estado de Turismo se ha referido e EUROAL como \u2018uno de los salones m\u00e1s efectivos del calendario europeo de ferias\u2019 y a Torremolinos, su sede como \u2018destino tur\u00edstico paradigma del sol y playa, y prototipo de modernizaci\u00f3n y adapataci\u00f3n a la calidad\u2019.<\/p>\n<p style=\"text-align: justify;\">\n<p style=\"text-align: justify;\">Isabel Borrego ha hecho \u00e9nfasis en la lucha contra la estacionalidad como \u2018un reto para todos los destinos, pero para Espa\u00f1a m\u00e1s\u2019. \u2018Trabajar en el desarrollo de productos de turismo complementarios al sol y playa; la priorizaci\u00f3n de productos por mercado y segmentos m\u00e1s enfocados al turismo experiencial que viaja en baja y media temporada\u2019 se convierte, a su juicio, en esencial para la consecuci\u00f3n de ese objetivo.<\/p>\n<p style=\"text-align: justify;\">\n<p style=\"text-align: justify;\">Espa\u00f1a, que ha pasado a liderar el ranking de competitividad tur\u00edstica del Foro de Econom\u00eda Mundial, atraviesa en lo que se refiere a la industria tur\u00edstica \u2018 la mejor coyuntura de la secuencia hist\u00f3rica\u2019; tendencia que se refueza en el cuarto trimestre de 2014 con la entrada de \u00a016 millones de turistas internacionales (un \u00a04,4% m\u00e1s que el mismo periodo del a\u00f1o anterior) y un aumento del gasto del 7,2%, ha se\u00f1alado.<\/p>\n<p style=\"text-align: justify;\">\n<p style=\"text-align: justify;\">En id\u00e9nticos t\u00e9rminos sobre el auge del sector tur\u00edstico se ha expresado la directora del Programa de Afiliados de la Organizaci\u00f3n Mundial de Turismo, Yolanda Perdomo. Cifras mundiales que ha calificado de \u2018espectaculares\u2019, seg\u00fan el \u00faltimo bar\u00f3metro del mes de abril de esa organizaci\u00f3n internacional que revela un incremento del 3\u20196% del n\u00famero de turistas en todas las regiones y del 4% del gasto tur\u00edstico.<\/p>\n<p style=\"text-align: justify;\">\u00a0<a href=\"http:\/\/granadacosta.es\/wp-content\/uploads\/2015\/06\/Euroal10.jpg\"><img decoding=\"async\" loading=\"lazy\" class=\"aligncenter size-large wp-image-1550\" src=\"http:\/\/granadacosta.es\/wp-content\/uploads\/2015\/06\/Euroal10-1024x683.jpg\" alt=\"Euroal10\" width=\"1024\" height=\"683\" \/><\/a><\/p>\n<p style=\"text-align: justify;\">Perdomo ha asistido a la Conferencia Internacional de Desestacionalizaci\u00f3n Tur\u00edstica de la OMT, que se celebra en paralelo a EUROAL. La directiva de esta organizaci\u00f3n tur\u00edstica ha hecho \u00e9nfasis en la necesaria generaci\u00f3n de conocimiento por parte de los destinos reto para su competitividad. \u2018Ya no s\u00f3lo vale contar con\u00a0 los recursos (tur\u00edsticos), sino que los destinos tienen que ser capaces de generar conocimiento para contar con una ventaja competitiva\u2019.<\/p>\n<p style=\"text-align: justify;\">\n<p style=\"text-align: justify;\"><strong><em>3\u00aa Conferencia Internacional sobre Desestacionalizaci\u00f3n<\/em><\/strong><\/p>\n<p style=\"text-align: justify;\"><strong><em>\u00a0<\/em><\/strong><\/p>\n<p style=\"text-align: justify;\">En este foro, el presidente de la Junta Directiva de los Miembros Afiliados de la OMT, Miguel Mirones, ha abogado por la colaboraci\u00f3n p\u00fablico-privada para luchar contra la desestacionalizaci\u00f3n. \u201cLa simbiosis entre el sector p\u00fablico y el privado es clave para el desarrollo del turismo sostenido, para atraer al turista durante todo el a\u00f1o\u201d, afirm\u00f3.<\/p>\n<p style=\"text-align: justify;\">\n<p style=\"text-align: justify;\">Una de las claves del \u00e9xito de proyectos para erradicar la temporalidad est\u00e1 en que los proyectos \u2018trasciendan de los vaivenes pol\u00edticos\u2019. \u2018Abandonar la apuesta significa, adem\u00e1s de un perjuicio econ\u00f3mico, tirar por la borda las aspiraciones de la poblaci\u00f3n que ha encontrado expectativas y proyectos de futuro\u2019.<\/p>\n<p style=\"text-align: justify;\">\n<p style=\"text-align: justify;\">Seg\u00fan el representante de la OMT, la voluntad de transformar las poblaciones ha permitido que destinos puramente tur\u00edsticos se mantengan en el tiempo, y que no se desaprovechen recursos materiales, financieros ni humanos. \u2018La clave del \u00e9xito del modelo de gobernanza sostenible est\u00e1 en manos de los responsables de cada destino, argument\u00f3 Mirones.<\/p>\n<p style=\"text-align: justify;\">\u00a0<a href=\"http:\/\/granadacosta.es\/wp-content\/uploads\/2015\/06\/Euroal1.jpg\"><img decoding=\"async\" loading=\"lazy\" class=\"aligncenter size-large wp-image-1549\" src=\"http:\/\/granadacosta.es\/wp-content\/uploads\/2015\/06\/Euroal1-1024x683.jpg\" alt=\"Euroal1\" width=\"1024\" height=\"683\" \/><\/a><\/p>\n<p style=\"text-align: justify;\">Altura de miras, gozar de una visi\u00f3n a largo plazo y trabajo en equipo. En esta triada sintetiz\u00f3 en su intervenci\u00f3n Yolanda Perdomo las claves para desarrollar un proyecto contra la estacionalidad. \u2018Todos dependemos los unos de los otros. Hay que decidir qui\u00e9n hile todo y encontrar un \u00fanico hilo conductor. Para ello, a\u00f1adi\u00f3, es fundamental la \u2018gesti\u00f3n colaborativa\u2019, un acto de generosidad entre las partes implicadas.<\/p>\n<p style=\"text-align: justify;\">\n<p style=\"text-align: justify;\">La innovaci\u00f3n, adem\u00e1s de propuestas unificadas y diversificadas, son claves en el turismo, que se ha visto potenciado en nuestro pa\u00eds en sectores como el turismo de compras y el de salud. \u2018Hay que trabajar m\u00e1s en los mercados asi\u00e1ticos, puesto que a ellos no les importa la estacionalidad, reflexion\u00f3.<\/p>\n<p style=\"text-align: justify;\">\n<p style=\"text-align: justify;\">Torremolinos, sede de EUROAL 2015, es foco de la atenci\u00f3n tur\u00edstica internacional durante tres d\u00edas. La edici\u00f3n de este a\u00f1o viene marcada por el esfuerzo de los pa\u00edses emergentes por posicionarse en los mercados internacionales y mejorar el ingreso de turistas, sobre todo del mercado europeo. Dos pa\u00edses: El Salvador, como \u2018Pa\u00eds Estrella\u2019; y Argelia, como \u2018Pa\u00eds Invitado\u2019, centrar\u00e1n el foco de atenci\u00f3n del 10\u00ba Sal\u00f3n internacional de Turismo \u2018EUROAL 2015\u2019, y la\u00a0 India y Mali har\u00e1n su presentaci\u00f3n de destino ante los turoperadores y agentes de viajes reunidos en la feria.<\/p>\n<p style=\"text-align: justify;\">\n<p style=\"text-align: justify;\">Cuba, Paraguay, Argentina, Rep\u00fablica Dominicana, Puerto Rico, Per\u00fa, Guatemala, Bolivia, Reino Unido, Polonia, Alemania, Austria, Marruecos, Reino Unido, Francia, Portugal, Camer\u00fan, Egipto, Qatar y Espa\u00f1a, entre otros, estar\u00e1n tambi\u00e9n entre los destinos que promocionan en el Sal\u00f3n de Turismo.<\/p>\n<p style=\"text-align: justify;\">\n<p style=\"text-align: justify;\">EUROAL abrir\u00e1 sus puertas del 3 al 5 de junio en el Palacio de Congresos y Exposiciones de Torremolinos-Costa del Sol, en horario de 10\u201900 a 19\u201900 horas.<\/p>\n<p style=\"text-align: justify;\">\n<p style=\"text-align: justify;\">La feria estar\u00e1 abierta a la visita del p\u00fablico, con acceso libre.<\/p>\n","protected":false},"excerpt":{"rendered":"<p>La capacidad que tengan los destinos tur\u00edsticos de ofrecer una experiencia global al turista incorporando productos adaptados por segmentos marcar\u00e1&hellip;<\/p>\n","protected":false},"author":2,"featured_media":1552,"comment_status":"open","ping_status":"open","sticky":false,"template":"","format":"standard","meta":{"om_disable_all_campaigns":false,"_mi_skip_tracking":false,"_monsterinsights_sitenote_active":false,"_monsterinsights_sitenote_note":"","_monsterinsights_sitenote_category":0,"footnotes":""},"categories":[21,22],"tags":[],"aioseo_notices":[],"_links":{"self":[{"href":"https:\/\/granadacostaglobal.es\/index.php?rest_route=\/wp\/v2\/posts\/1548"}],"collection":[{"href":"https:\/\/granadacostaglobal.es\/index.php?rest_route=\/wp\/v2\/posts"}],"about":[{"href":"https:\/\/granadacostaglobal.es\/index.php?rest_route=\/wp\/v2\/types\/post"}],"author":[{"embeddable":true,"href":"https:\/\/granadacostaglobal.es\/index.php?rest_route=\/wp\/v2\/users\/2"}],"replies":[{"embeddable":true,"href":"https:\/\/granadacostaglobal.es\/index.php?rest_route=%2Fwp%2Fv2%2Fcomments&post=1548"}],"version-history":[{"count":0,"href":"https:\/\/granadacostaglobal.es\/index.php?rest_route=\/wp\/v2\/posts\/1548\/revisions"}],"wp:featuredmedia":[{"embeddable":true,"href":"https:\/\/granadacostaglobal.es\/index.php?rest_route=\/"}],"wp:attachment":[{"href":"https:\/\/granadacostaglobal.es\/index.php?rest_route=%2Fwp%2Fv2%2Fmedia&parent=1548"}],"wp:term":[{"taxonomy":"category","embeddable":true,"href":"https:\/\/granadacostaglobal.es\/index.php?rest_route=%2Fwp%2Fv2%2Fcategories&post=1548"},{"taxonomy":"post_tag","embeddable":true,"href":"https:\/\/granadacostaglobal.es\/index.php?rest_route=%2Fwp%2Fv2%2Ftags&post=1548"}],"curies":[{"name":"wp","href":"https:\/\/api.w.org\/{rel}","templated":true}]}}