{"id":15478,"date":"2017-12-13T07:12:12","date_gmt":"2017-12-13T07:12:12","guid":{"rendered":"http:\/\/granadacostanacional.es\/?p=15478"},"modified":"2017-12-13T07:12:12","modified_gmt":"2017-12-13T07:12:12","slug":"el-consejo-de-ordenacion-del-territorio-y-urbanismo-trabaja-en-la-nueva-ley-que-regulara-el-urbanismo-en-andalucia","status":"publish","type":"post","link":"https:\/\/granadacostaglobal.es\/?p=15478","title":{"rendered":"El Consejo de Ordenaci\u00f3n del Territorio y Urbanismo trabaja en la nueva ley que regular\u00e1 el urbanismo en Andaluc\u00eda"},"content":{"rendered":"<p style=\"text-align: justify;\"><strong>Jos\u00e9 Fiscal recalca que la nueva norma agilizar\u00e1 los tr\u00e1mites administrativos para dar respuestas a los problemas actuales.<\/strong><\/p>\n<p style=\"text-align: justify;\">El consejero de Medio Ambiente y Ordenaci\u00f3n del Territorio, Jos\u00e9 Fiscal, ha presidido hoy el Consejo de Ordenaci\u00f3n del Territorio y Urbanismo en el que se han abordado aspectos de la futura ley de urbanismo de Andaluc\u00eda. Jos\u00e9 Fiscal ha adelantado que, en breve, esta nueva ley llegar\u00e1 al Consejo de Gobierno para que se inicien los tr\u00e1mites administrativos de una norma que sustituir\u00e1 a la actual Ley de Ordenaci\u00f3n Urban\u00edstica de Andaluc\u00eda (LOUA).<\/p>\n<p style=\"text-align: justify;\">Fiscal ha se\u00f1alado que \u201ctodos los sectores relacionados con el urbanismo tenemos bastantes expectativas en esta nueva ley; ya que esperamos que contribuya a resolver problemas que existen en el urbanismo en nuestra comunidad auton\u00f3mica\u201d.<\/p>\n<p style=\"text-align: justify;\">En este sentido, el titular de Medio Ambiente y Ordenaci\u00f3n del Territorio ha recalcado que la nueva ley \u201cpretende resolver algunos asuntos de trascendencia, como la agilizaci\u00f3n de los tr\u00e1mites administrativos, que ser\u00e1 uno de los ejes fundamentales de la nueva norma\u201d.<\/p>\n<p style=\"text-align: justify;\">Jos\u00e9 Fiscal se ha mostrado convencido de que con la nueva ley \u201cvamos a fomentar un crecimiento sostenible; un crecimiento que se lleve a cabo sin poner en riesgo el propio urbanismo y la econom\u00eda; y con el que si nos tuvi\u00e9ramos que enfrentar a una crisis, el urbanismo no fuera un agravante\u201d.<\/p>\n<p style=\"text-align: justify;\">\u00a0Por \u00faltimo, el consejero ha pedido la colaboraci\u00f3n de los agentes implicados con el urbanismo para, entre todos, hacer una buena ley que garantice el futuro.<\/p>\n","protected":false},"excerpt":{"rendered":"<p>Jos\u00e9 Fiscal recalca que la nueva norma agilizar\u00e1 los tr\u00e1mites administrativos para dar respuestas a los problemas actuales. El consejero&hellip;<\/p>\n","protected":false},"author":2,"featured_media":15479,"comment_status":"open","ping_status":"open","sticky":false,"template":"","format":"standard","meta":{"om_disable_all_campaigns":false,"_mi_skip_tracking":false,"_monsterinsights_sitenote_active":false,"_monsterinsights_sitenote_note":"","_monsterinsights_sitenote_category":0,"footnotes":""},"categories":[22],"tags":[],"aioseo_notices":[],"_links":{"self":[{"href":"https:\/\/granadacostaglobal.es\/index.php?rest_route=\/wp\/v2\/posts\/15478"}],"collection":[{"href":"https:\/\/granadacostaglobal.es\/index.php?rest_route=\/wp\/v2\/posts"}],"about":[{"href":"https:\/\/granadacostaglobal.es\/index.php?rest_route=\/wp\/v2\/types\/post"}],"author":[{"embeddable":true,"href":"https:\/\/granadacostaglobal.es\/index.php?rest_route=\/wp\/v2\/users\/2"}],"replies":[{"embeddable":true,"href":"https:\/\/granadacostaglobal.es\/index.php?rest_route=%2Fwp%2Fv2%2Fcomments&post=15478"}],"version-history":[{"count":0,"href":"https:\/\/granadacostaglobal.es\/index.php?rest_route=\/wp\/v2\/posts\/15478\/revisions"}],"wp:featuredmedia":[{"embeddable":true,"href":"https:\/\/granadacostaglobal.es\/index.php?rest_route=\/"}],"wp:attachment":[{"href":"https:\/\/granadacostaglobal.es\/index.php?rest_route=%2Fwp%2Fv2%2Fmedia&parent=15478"}],"wp:term":[{"taxonomy":"category","embeddable":true,"href":"https:\/\/granadacostaglobal.es\/index.php?rest_route=%2Fwp%2Fv2%2Fcategories&post=15478"},{"taxonomy":"post_tag","embeddable":true,"href":"https:\/\/granadacostaglobal.es\/index.php?rest_route=%2Fwp%2Fv2%2Ftags&post=15478"}],"curies":[{"name":"wp","href":"https:\/\/api.w.org\/{rel}","templated":true}]}}