{"id":1545,"date":"2015-06-03T16:57:57","date_gmt":"2015-06-03T16:57:57","guid":{"rendered":"http:\/\/granadacosta.es\/?p=1545"},"modified":"2015-06-03T16:57:57","modified_gmt":"2015-06-03T16:57:57","slug":"junta-y-universidades-dan-luz-verde-a-la-figura-de-profesor-contratado-doctor-con-plaza-vinculada","status":"publish","type":"post","link":"https:\/\/granadacostaglobal.es\/?p=1545","title":{"rendered":"Junta y Universidades dan luz verde a la figura de profesor contratado doctor con plaza vinculada"},"content":{"rendered":"<p style=\"text-align: justify;\">Administraci\u00f3n y rectores ampl\u00edan a los profesionales del SAS la posibilidad de compaginar actividad asistencial con docencia en universidades<\/p>\n<p style=\"text-align: justify;\">\n<p style=\"text-align: justify;\">El consejero de Econom\u00eda, Innovaci\u00f3n, Ciencia y Empleo, Jos\u00e9 S\u00e1nchez Maldonado; la consejera de Igualdad, Salud y Pol\u00edticas Sociales, Mar\u00eda Jos\u00e9 S\u00e1nchez Rubio; y los rectores de las universidades andaluzas con docencia en el \u00e1rea sanitaria han dado luz verde a la creaci\u00f3n de la figura del profesorado contratado doctor con plaza vinculada. Esta opci\u00f3n ampl\u00eda la posibilidad de compaginar la actividad docente y asistencial a los profesionales del Servicio Andaluz de Salud (SAS) con este t\u00edtulo de postgrado y acreditaci\u00f3n de calidad.<\/p>\n<p style=\"text-align: justify;\">\n<p style=\"text-align: justify;\">\u00a0\u00a0\u00a0\u00a0\u00a0\u00a0\u00a0 Esta nueva figura se incorpora, tras la firma de las partes implicadas, como una adenda al convenio-marco entre la Junta de Andaluc\u00eda y las universidades de Almer\u00eda, C\u00e1diz, C\u00f3rdoba, Granada, Huelva, Ja\u00e9n, M\u00e1laga y Sevilla sobre uso de instalaciones sanitarias en investigaci\u00f3n y docencia. Se suma, as\u00ed, una nueva posibilidad de vinculaci\u00f3n, a las ya existentes en el caso de los catedr\u00e1ticos y los profesores titulares.<\/p>\n<p style=\"text-align: justify;\">\n<p style=\"text-align: justify;\">\u00a0\u00a0\u00a0\u00a0\u00a0\u00a0\u00a0 El actual convenio marco Junta-Universidades fue suscrito en 1995 y actualizado en 1999, 2000 y 2008. De acuerdo con la modificaci\u00f3n incluida ahora, y autorizada por Consejo de Gobierno el pasado mes de marzo, los profesores contratados doctores tendr\u00e1n los mismos derechos y deberes inherentes a la doble condici\u00f3n de miembros de los cuerpos docentes universitarios y de personal del SAS.<\/p>\n<p style=\"text-align: justify;\">\n<p style=\"text-align: justify;\">El profesorado contratado doctor se define como personal docente e investigador con contrato indefinido y dedicaci\u00f3n a tiempo completo. El acceso a sus plazas se realizar\u00e1 mediante convocatorias p\u00fablicas. Como principal requisito, se exigir\u00e1 el t\u00edtulo de doctor y la acreditaci\u00f3n de la Agencia Nacional de Evaluaci\u00f3n de la Calidad o de la Agencia Andaluza del Conocimiento, que ha puesto en marcha un protocolo espec\u00edfico para la acreditaci\u00f3n de la figura laboral de contratado doctor con vinculaci\u00f3n asistencial.<\/p>\n<p style=\"text-align: justify;\">\n<p style=\"text-align: justify;\">El convenio marco que ahora se actualiza regula la actividad acad\u00e9mica universitaria vinculada a la salud en su triple vertiente asistencial, docente e investigadora, as\u00ed como en los \u00e1mbitos de Medicina, Farmacia, Enfermer\u00eda y Fisioterapia. Actualmente, 209 profesores (78 catedr\u00e1ticos y 109 titulares) compaginan la docencia universitaria y la asistencia sanitaria en centros hospitalarios de la comunidad aut\u00f3noma.<\/p>\n","protected":false},"excerpt":{"rendered":"<p>Administraci\u00f3n y rectores ampl\u00edan a los profesionales del SAS la posibilidad de compaginar actividad asistencial con docencia en universidades El&hellip;<\/p>\n","protected":false},"author":2,"featured_media":1546,"comment_status":"open","ping_status":"open","sticky":false,"template":"","format":"standard","meta":{"om_disable_all_campaigns":false,"_mi_skip_tracking":false,"_monsterinsights_sitenote_active":false,"_monsterinsights_sitenote_note":"","_monsterinsights_sitenote_category":0,"footnotes":""},"categories":[21,22],"tags":[],"aioseo_notices":[],"_links":{"self":[{"href":"https:\/\/granadacostaglobal.es\/index.php?rest_route=\/wp\/v2\/posts\/1545"}],"collection":[{"href":"https:\/\/granadacostaglobal.es\/index.php?rest_route=\/wp\/v2\/posts"}],"about":[{"href":"https:\/\/granadacostaglobal.es\/index.php?rest_route=\/wp\/v2\/types\/post"}],"author":[{"embeddable":true,"href":"https:\/\/granadacostaglobal.es\/index.php?rest_route=\/wp\/v2\/users\/2"}],"replies":[{"embeddable":true,"href":"https:\/\/granadacostaglobal.es\/index.php?rest_route=%2Fwp%2Fv2%2Fcomments&post=1545"}],"version-history":[{"count":0,"href":"https:\/\/granadacostaglobal.es\/index.php?rest_route=\/wp\/v2\/posts\/1545\/revisions"}],"wp:featuredmedia":[{"embeddable":true,"href":"https:\/\/granadacostaglobal.es\/index.php?rest_route=\/"}],"wp:attachment":[{"href":"https:\/\/granadacostaglobal.es\/index.php?rest_route=%2Fwp%2Fv2%2Fmedia&parent=1545"}],"wp:term":[{"taxonomy":"category","embeddable":true,"href":"https:\/\/granadacostaglobal.es\/index.php?rest_route=%2Fwp%2Fv2%2Fcategories&post=1545"},{"taxonomy":"post_tag","embeddable":true,"href":"https:\/\/granadacostaglobal.es\/index.php?rest_route=%2Fwp%2Fv2%2Ftags&post=1545"}],"curies":[{"name":"wp","href":"https:\/\/api.w.org\/{rel}","templated":true}]}}