{"id":15426,"date":"2017-12-04T13:01:05","date_gmt":"2017-12-04T13:01:05","guid":{"rendered":"http:\/\/granadacostanacional.es\/?p=15426"},"modified":"2017-12-04T13:01:05","modified_gmt":"2017-12-04T13:01:05","slug":"semana-feliz-con-mis-amigos-fernanda-llabres-y-su-marido-jose-tamayo-del-12-al-19-de-noviembre-2017","status":"publish","type":"post","link":"https:\/\/granadacostaglobal.es\/?p=15426","title":{"rendered":"Semana Feliz con mis amigos Fernanda Llabr\u00e9s y su marido Jos\u00e9 Tamayo del 12 al 19 de noviembre 2017"},"content":{"rendered":"<p style=\"text-align: justify;\">Como es costumbre desde hace ya varios a\u00f1os pasamos mi marido y yo, en nuestra residencia de Motril, varios meses al a\u00f1o. Este a\u00f1o se ha alargado desde mayo hasta diciembre, por los siguientes motivos:<\/p>\n<ul style=\"text-align: justify;\">\n<li>Empec\u00e9 con una exposici\u00f3n de pintura en La Herradura en el mes de mayo, seguida de una exposici\u00f3n durante todo el mes de junio en Villa del Rio, C\u00f3rdoba. M\u00e1s diferentes conciertos de flamenco que ha venido dando mi marido Jos\u00e9 Heredia.<\/li>\n<li>Terminamos en diciembre y nos marcharemos de nuevo a nuestra residencia en Palma de Mallorca el d\u00eda 18 de diciembre, despu\u00e9s de que mi marido haya recibido la Medalla de Oro al Trabajo Cultural concedida por nuestro Proyecto Nacional de Cultura Granada Costa.<\/li>\n<\/ul>\n<p style=\"text-align: justify;\">Durante todos estos meses hemos combinado infinidad de encuentros culturales, a m\u00ed me ha servido para ir a clase de pintura de retratos en una escuela de Motril, independientemente de que durante todos estos meses hayamos recibido infinidad de visitas de familiares y amigos, que por supuesto se han hospedado en nuestra casa.<\/p>\n<p style=\"text-align: justify;\">Pero puedo garantizar que la visita que m\u00e1s emoci\u00f3n ha tenido ha sido esta \u00faltima, la de Fernanda y Pepe.<\/p>\n<figure id=\"attachment_15428\" aria-describedby=\"caption-attachment-15428\" style=\"width: 469px\" class=\"wp-caption alignnone\"><a href=\"http:\/\/granadacostanacional.es\/wp-content\/uploads\/2017\/12\/IMG_4939.jpg\"><img decoding=\"async\" loading=\"lazy\" class=\"wp-image-15428\" src=\"http:\/\/granadacostanacional.es\/wp-content\/uploads\/2017\/12\/IMG_4939-300x202.jpg\" alt=\"IMG_4939\" width=\"469\" height=\"316\" \/><\/a><figcaption id=\"caption-attachment-15428\" class=\"wp-caption-text\"><em>Fernanda Llabr\u00e9s y Jos\u00e9 Tamayo<\/em><\/figcaption><\/figure>\n<p style=\"text-align: justify;\">Ha sido tan intensa que ellos que se dedican a la fotograf\u00eda art\u00edstica y yo que recojo numerosas fotograf\u00edas de todas las panor\u00e1micas m\u00e1s importantes para despu\u00e9s pintarlas, hemos recorrido todas las calas de la Costa Tropical y puedo afirmar que son much\u00edsimas, hemos sacado fotograf\u00edas del r\u00edo Guadalfeo, hemos sacado fotograf\u00edas del r\u00edo Verde, de Granada capital y todos sus entornos y de bastantes pueblos\u2026<\/p>\n<p style=\"text-align: justify;\">Todo esto termin\u00f3 con una invitaci\u00f3n del presidente del Proyecto Nacional de Cultura Granada Costa, Pepe Segura, el d\u00eda 18 de noviembre para visitar la sede central del Proyecto Nacional de Cultura Granada Costa que la tenemos en Molv\u00edzar.<\/p>\n<p style=\"text-align: justify;\">Fernanda y Pepe se quedaron muy sorprendidos porque su donaci\u00f3n de 12 fotograf\u00edas art\u00edsticas de molinos de Palma de Mallorca estaba en una de las salas m\u00e1s principales y al mismo tiempo sorprendidos del edificio tan grande que tiene nuestra sede.<\/p>\n<p style=\"text-align: justify;\"><a href=\"http:\/\/granadacostanacional.es\/wp-content\/uploads\/2017\/12\/DSC_9258.jpg\"><img decoding=\"async\" loading=\"lazy\" class=\"alignnone wp-image-15429\" src=\"http:\/\/granadacostanacional.es\/wp-content\/uploads\/2017\/12\/DSC_9258-300x180.jpg\" alt=\"DSC_9258\" width=\"557\" height=\"334\" \/><\/a><\/p>\n<p style=\"text-align: justify;\">Ya en la terraza, 4\u00aa Planta, estuvimos en la taberna cultural, donde el plato estrella que se degust\u00f3 ese d\u00eda, aparte de una gran variedad de entremeses y aperitivos en los que nosotros colaboramos preparando Coca de Tramp\u00f3 y Cremadillos de chocolate, m\u00e1s la paella que es costumbre que siempre sea in\u00e9dita con el nombre de &#8220;Alta Mar&#8221;, acompa\u00f1ada por supuesto, por todo tipo de bebidas, caf\u00e9 y postres navide\u00f1os.<\/p>\n<p style=\"text-align: justify;\"><a href=\"http:\/\/granadacostanacional.es\/wp-content\/uploads\/2017\/12\/DSC_9262.jpg\"><img decoding=\"async\" loading=\"lazy\" class=\"alignnone wp-image-15430\" src=\"http:\/\/granadacostanacional.es\/wp-content\/uploads\/2017\/12\/DSC_9262-300x153.jpg\" alt=\"DSC_9262\" width=\"557\" height=\"284\" \/><\/a><\/p>\n<p style=\"text-align: justify;\">Puedo garantizar que ha sido una semana inolvidable.<\/p>\n<p style=\"text-align: right;\"><em><strong>Pepa Cort\u00e9s<\/strong><\/em><\/p>\n","protected":false},"excerpt":{"rendered":"<p>Como es costumbre desde hace ya varios a\u00f1os pasamos mi marido y yo, en nuestra residencia de Motril, varios meses&hellip;<\/p>\n","protected":false},"author":2,"featured_media":15427,"comment_status":"open","ping_status":"open","sticky":false,"template":"","format":"standard","meta":{"om_disable_all_campaigns":false,"_mi_skip_tracking":false,"_monsterinsights_sitenote_active":false,"_monsterinsights_sitenote_note":"","_monsterinsights_sitenote_category":0,"footnotes":""},"categories":[21],"tags":[],"aioseo_notices":[],"_links":{"self":[{"href":"https:\/\/granadacostaglobal.es\/index.php?rest_route=\/wp\/v2\/posts\/15426"}],"collection":[{"href":"https:\/\/granadacostaglobal.es\/index.php?rest_route=\/wp\/v2\/posts"}],"about":[{"href":"https:\/\/granadacostaglobal.es\/index.php?rest_route=\/wp\/v2\/types\/post"}],"author":[{"embeddable":true,"href":"https:\/\/granadacostaglobal.es\/index.php?rest_route=\/wp\/v2\/users\/2"}],"replies":[{"embeddable":true,"href":"https:\/\/granadacostaglobal.es\/index.php?rest_route=%2Fwp%2Fv2%2Fcomments&post=15426"}],"version-history":[{"count":0,"href":"https:\/\/granadacostaglobal.es\/index.php?rest_route=\/wp\/v2\/posts\/15426\/revisions"}],"wp:featuredmedia":[{"embeddable":true,"href":"https:\/\/granadacostaglobal.es\/index.php?rest_route=\/"}],"wp:attachment":[{"href":"https:\/\/granadacostaglobal.es\/index.php?rest_route=%2Fwp%2Fv2%2Fmedia&parent=15426"}],"wp:term":[{"taxonomy":"category","embeddable":true,"href":"https:\/\/granadacostaglobal.es\/index.php?rest_route=%2Fwp%2Fv2%2Fcategories&post=15426"},{"taxonomy":"post_tag","embeddable":true,"href":"https:\/\/granadacostaglobal.es\/index.php?rest_route=%2Fwp%2Fv2%2Ftags&post=15426"}],"curies":[{"name":"wp","href":"https:\/\/api.w.org\/{rel}","templated":true}]}}