{"id":15381,"date":"2017-12-01T09:40:46","date_gmt":"2017-12-01T09:40:46","guid":{"rendered":"http:\/\/granadacostanacional.es\/?p=15381"},"modified":"2017-12-01T09:40:46","modified_gmt":"2017-12-01T09:40:46","slug":"el-ayuntamiento-de-lleida-oyo-voces-de-ninos-ingresados-en-el-hospital","status":"publish","type":"post","link":"https:\/\/granadacostaglobal.es\/?p=15381","title":{"rendered":"El ayuntamiento de Lleida oy\u00f3 voces de ni\u00f1os ingresados en el hospital"},"content":{"rendered":"<p><strong>El pasado 30 de noviembre , desde el aula hospitalaria le\u00edmos una carta sobre los derechos de la infancia en el Ayuntamiento de Lleida. Esta carta a sido seleccionada para ser publicada en prensa y trabajada en el aula con los alumnos.<\/strong><\/p>\n<p style=\"text-align: justify;\"><a href=\"http:\/\/granadacostanacional.es\/wp-content\/uploads\/2017\/12\/IMG-20171130-WA0007.jpg\"><img decoding=\"async\" loading=\"lazy\" class=\"size-medium wp-image-15383 alignleft\" src=\"http:\/\/granadacostanacional.es\/wp-content\/uploads\/2017\/12\/IMG-20171130-WA0007-300x225.jpg\" alt=\"IMG-20171130-WA0007\" width=\"300\" height=\"225\" \/><\/a><br \/>\nCARTA<br \/>\nEl d\u00eda mundial de la infancia se celebra todos los a\u00f1os el 20 de Noviembre, est\u00e1 dedicado a todos los ni\u00f1os y ni\u00f1as del mundo. Desde el Aula Hospitalaria queremos aportar nuestro granito de arena hacia este d\u00eda tan emotivo.<br \/>\nMuchas veces los derechos de los ni\u00f1os est\u00e1n olvidados, por ello queremos remarcar algunos que creemos esenciales, ya que a menudo no somos conscientes de que los ni\u00f1os en su universo piensan, reflexionan y se cuestionan sus propias preguntas e incluso nos sorprender\u00edan su capacidad de an\u00e1lisis delante de situaciones, por tanto es necesario que le demos una informaci\u00f3n adaptada a sus necesidades y en el caso de estar enfermos, han de ser personas activas de su propio proceso de curaci\u00f3n.<br \/>\nEn primer lugar pensamos que los ni\u00f1os deben ser escuchados y se les debe prestar atenci\u00f3n, ya que necesitan sentirse valorados e importantes y muchas veces cuando les preguntamos o ellos nos dan una opini\u00f3n, deber\u00edamos realizar una escucha activa, ya que sus palabras son m\u00e1s que simples palabras y representan ese mundo interno, rico, real o imaginario donde su mente nos aporta la belleza de esa infancia a tener en cuenta.<\/p>\n<p style=\"text-align: justify;\"><a href=\"http:\/\/granadacostanacional.es\/wp-content\/uploads\/2017\/12\/IMG-20171201-WA0002-1.jpg\"><img decoding=\"async\" loading=\"lazy\" class=\"size-medium wp-image-15391 alignright\" src=\"http:\/\/granadacostanacional.es\/wp-content\/uploads\/2017\/12\/IMG-20171201-WA0002-1-300x225.jpg\" alt=\"IMG-20171201-WA0002 (1)\" width=\"300\" height=\"225\" \/><\/a><br \/>\nLos ni\u00f1os tienen derecho a recibir los tratamientos adecuados siempre y cuando lo necesiten y bajo la supervisi\u00f3n de sus padres o tutores que les acompa\u00f1en. Los ni\u00f1os aun estando en el hospital, necesitan estar conectados con sus escuelas y no perder su realidad, ya que es un hilo importante que les une con el exterior.<br \/>\nDebemos saber que cada ni\u00f1o es \u00fanico y tiene sus cualidades y necesidades espec\u00edficas, por lo que la atenci\u00f3n debe ser siempre individualizada.<br \/>\nEs importante que los padres compartan momentos de alegr\u00eda y de preocupaci\u00f3n con sus hijos para facilitar la interrelaci\u00f3n y el v\u00ednculo afectivo en ayuda del trabajo emocional, tanto interno como externo del ni\u00f1o y la familia, aportando seguridades ante situaciones adversas.<br \/>\nUn d\u00eda le preguntamos a un ni\u00f1o qu\u00e9 le gustar\u00eda remarcar de su estancia en el hospital y as\u00ed nos contest\u00f3:<\/p>\n<p style=\"text-align: justify;\"><a href=\"http:\/\/granadacostanacional.es\/wp-content\/uploads\/2017\/12\/IMG-20171201-WA0008.jpg\"><img decoding=\"async\" loading=\"lazy\" class=\"size-medium wp-image-15393 alignleft\" src=\"http:\/\/granadacostanacional.es\/wp-content\/uploads\/2017\/12\/IMG-20171201-WA0008-300x225.jpg\" alt=\"IMG-20171201-WA0008\" width=\"300\" height=\"225\" \/><\/a>\u201cLa atenci\u00f3n que obtuve en urgencias fue muy buena, me trataron muy bien y me explicaron detalladamente todo lo que me har\u00edan. La cirujana supo c\u00f3mo explicarme el problema que ten\u00eda adapt\u00e1ndolo para que lo pudiera entender. Cuando entr\u00e9 en el quir\u00f3fano, lo \u00fanico que recuerdo es que estaba muy asustado. Por parte de las enfermeras y los m\u00e9dicos, el trato que obtuve es muy amable.\u201d<br \/>\nDelante de esta frase, nuestro alumno hablaba de la humanizaci\u00f3n en los hospitales como algo important\u00edsimo. Esta humanizaci\u00f3n b\u00e1sica les queda no como un derecho, sino como algo que marcar\u00e1 en su vida un punto y seguido, y no un punto y aparte.<\/p>\n<p style=\"text-align: justify;\"><a href=\"http:\/\/granadacostanacional.es\/wp-content\/uploads\/2017\/12\/IMG-20171130-WA0013-1.jpg\"><img decoding=\"async\" loading=\"lazy\" class=\"size-medium wp-image-15385 alignright\" src=\"http:\/\/granadacostanacional.es\/wp-content\/uploads\/2017\/12\/IMG-20171130-WA0013-1-300x225.jpg\" alt=\"IMG-20171130-WA0013 (1)\" width=\"300\" height=\"225\" \/><\/a><br \/>\nNos gustar\u00eda acabar diciendo que todos y cada uno de nosotros valoramos ese cari\u00f1o, esa profesionalidad y ese respaldo tan necesitado en momentos adversos en salud, valorando todo suceso acaecido en nuestra vida como algo \u00fanico e irrepetible. Tal es as\u00ed, que nosotros desde el Aula Hospitalaria Doctor Antoni Cambrod\u00ed del Hospital Universitari Arnau de Vilanova de Lleida, apostamos dentro del equipo de pediatr\u00eda y de manera global por la normalizaci\u00f3n, por la educaci\u00f3n, por la necesidad de construir un espacio donde patolog\u00eda y educaci\u00f3n se unen y se unan en beneficio de la infancia: va por ellos, va por todos y cada uno de los ni\u00f1os y ni\u00f1as.<br \/>\nNi\u00f1os ingresados en el aula hospitalaria y Aula Hospitalaria. Lleida.<\/p>\n","protected":false},"excerpt":{"rendered":"<p>El pasado 30 de noviembre , desde el aula hospitalaria le\u00edmos una carta sobre los derechos de la infancia en&hellip;<\/p>\n","protected":false},"author":4,"featured_media":15392,"comment_status":"open","ping_status":"open","sticky":false,"template":"","format":"standard","meta":{"om_disable_all_campaigns":false,"_mi_skip_tracking":false,"_monsterinsights_sitenote_active":false,"_monsterinsights_sitenote_note":"","_monsterinsights_sitenote_category":0,"footnotes":""},"categories":[25,22,19,30],"tags":[],"aioseo_notices":[],"_links":{"self":[{"href":"https:\/\/granadacostaglobal.es\/index.php?rest_route=\/wp\/v2\/posts\/15381"}],"collection":[{"href":"https:\/\/granadacostaglobal.es\/index.php?rest_route=\/wp\/v2\/posts"}],"about":[{"href":"https:\/\/granadacostaglobal.es\/index.php?rest_route=\/wp\/v2\/types\/post"}],"author":[{"embeddable":true,"href":"https:\/\/granadacostaglobal.es\/index.php?rest_route=\/wp\/v2\/users\/4"}],"replies":[{"embeddable":true,"href":"https:\/\/granadacostaglobal.es\/index.php?rest_route=%2Fwp%2Fv2%2Fcomments&post=15381"}],"version-history":[{"count":0,"href":"https:\/\/granadacostaglobal.es\/index.php?rest_route=\/wp\/v2\/posts\/15381\/revisions"}],"wp:featuredmedia":[{"embeddable":true,"href":"https:\/\/granadacostaglobal.es\/index.php?rest_route=\/"}],"wp:attachment":[{"href":"https:\/\/granadacostaglobal.es\/index.php?rest_route=%2Fwp%2Fv2%2Fmedia&parent=15381"}],"wp:term":[{"taxonomy":"category","embeddable":true,"href":"https:\/\/granadacostaglobal.es\/index.php?rest_route=%2Fwp%2Fv2%2Fcategories&post=15381"},{"taxonomy":"post_tag","embeddable":true,"href":"https:\/\/granadacostaglobal.es\/index.php?rest_route=%2Fwp%2Fv2%2Ftags&post=15381"}],"curies":[{"name":"wp","href":"https:\/\/api.w.org\/{rel}","templated":true}]}}