{"id":15379,"date":"2017-12-01T09:52:13","date_gmt":"2017-12-01T09:52:13","guid":{"rendered":"http:\/\/granadacostanacional.es\/?p=15379"},"modified":"2017-12-01T09:52:13","modified_gmt":"2017-12-01T09:52:13","slug":"proxima-presentacion-del-libro-te-di-la-vida-y-me-deseaste-la-muerte-de-la-autora-francelina-robin","status":"publish","type":"post","link":"https:\/\/granadacostaglobal.es\/?p=15379","title":{"rendered":"Pr\u00f3xima presentaci\u00f3n del libro \u201cTe di la vida y me deseaste la muerte\u201d de la autora Francelina Robin"},"content":{"rendered":"<h4><strong>Pr\u00f3xima presentaci\u00f3n durante el circuito cultural de diciembre de 2017 del libro \u201cTe di la vida y me deseaste la muerte\u201d de la autora Francelina Robin<\/strong><\/h4>\n<p style=\"text-align: justify;\">Francelina Sousa Silva Pereira esposa Robin, nacida el 11 de Noviembre de 1945 en Queijada, Ponte de Lima, Portugal.<\/p>\n<p style=\"text-align: justify;\">Atraves\u00e9 tres fronteras, desde los ocho a\u00f1os luchando para ayudar a quien, para m\u00ed hoy, fueron los m\u00e1s valiosos en mi vida y cuando lleg\u00f3 su momento me dejaron y se fueron al otro mundo. Me siento desnuda de esta despedida, pues nadie me llam\u00f3. Yo me qued\u00e9 en el extranjero y no es para ganar dinero. Es para ver si gano un nombre c\u00e9lebre para poner en mi sepultura, si alguien me lo quisiera poner.<\/p>\n<p style=\"text-align: justify;\">Con mis veinticuatro a\u00f1os, como todas las j\u00f3venes, so\u00f1aba con el amor. Pero yo no sab\u00eda el terror que iba a aparecer en mi vida, encontr\u00e9 un padre para mis dos hijas y las abandon\u00f3 en 1980, abandon\u00f3 a la madre y a sus hijas. Desnuda de todo y \u201csalud, dinero y amor\u201d.<\/p>\n<p style=\"text-align: justify;\">Apareci\u00f3 una luz, era mi amor. Pero Dios me lo llev\u00f3 tambi\u00e9n por una enfermedad y me qued\u00e9 sola.\u00a0 Permanec\u00ed en mi residencia habitual: 24 rue de La Fedelite, Paris, 75010. Mi destino me persigue hasta la muerte.<\/p>\n<p style=\"text-align: justify;\">En 1993 encontr\u00e9 otra aventura que es con quien vivo hoy casada, desde hace veintitr\u00e9s a\u00f1os, de nacionalidad francesa. Ten\u00eda mi castillo y mi pr\u00edncipe solo que yo no me llamo Diana ni \u00e9l tiene amantes ni orejas grandes. A m\u00ed me gusta el monte y el campo, pero me siento <em>descampada<\/em>, perd\u00ed las ra\u00edces por la tristeza, mal amada, angustiada, con enfermedades y tristezas y el mar me destruye mis articulaciones. Nac\u00ed para vivir triste hasta la muerte.<\/p>\n<p style=\"text-align: justify;\">Sois mi sangre y sois mi cruz en la vida para hacerlas crecer, gracias mi Dios, si yo\u00a0 hubiese sabido esto en mi vida\u2026<\/p>\n<p style=\"text-align: justify;\"><a href=\"http:\/\/granadacostanacional.es\/wp-content\/uploads\/2017\/12\/Portada-Francelina-5-libro-3d-1.jpg\"><img decoding=\"async\" loading=\"lazy\" class=\"wp-image-15402 alignright\" src=\"http:\/\/granadacostanacional.es\/wp-content\/uploads\/2017\/12\/Portada-Francelina-5-libro-3d-1-196x300.jpg\" alt=\"Portada Francelina 5 libro 3d\" width=\"303\" height=\"464\" \/><\/a><\/p>\n<p style=\"text-align: justify;\">Escribo porque el alma me pide hacerlo, no solo en los momentos de decir, sino tambi\u00e9n cuando en m\u00ed reina la emoci\u00f3n y as\u00ed llevo mi estabilidad a pasear con esto de, por fin en ella reencontrar, la calma y la tranquilidad del coraz\u00f3n. Escribo para tambi\u00e9n decir para m\u00ed que todo acaba teniendo un fin y que no vale la pena dar lugar a la tortura, voy escribiendo tambi\u00e9n porque me gusta, a veces, desahogarme de alg\u00fan disgusto y tambi\u00e9n por aquello que nunca conseguir\u00e9 alcanzar. Para sintonizarme con la luz y entenderme, mil sombras que voy encontrando a m\u00ed alrededor. Pues que entre luces y sombras voy luchando en esta amalgama de sentimientos que me invade cuando de m\u00ed se apoderan las agruras de la nostalgia de tantas cosas bellas que de esta vida fui guardando, busco en la escritura encontrar alinearme para que pueda atenuar mis dolores y, sobretodo, necesito y me gustan las emociones y dar libre curso a las ilusiones, aunque tenga la noci\u00f3n de que no las puedo realizar.<\/p>\n<p style=\"text-align: justify;\">Solo consigue hablar con la luna quien tiene estrellas en el coraz\u00f3n y siente en la luna de la calle el frenes\u00ed de la pasi\u00f3n. Aunque en sue\u00f1os, as\u00ed sea, nunca dej\u00e9 de hacerlo porque aquello que se desea por bien, puede pasar que digan que es una locura o sufrir de alguna frescura e intentar con ella hablar, pero esa locura es saludable si su coraz\u00f3n es amable y no tiene recelo de amar.<\/p>\n<p style=\"text-align: justify;\">Estas son las publicaciones y los premios conseguidos en los a\u00f1os anteriores:<\/p>\n<p style=\"text-align: justify;\">El camino de mi vida (2015)<\/p>\n<p style=\"text-align: justify;\">Una poes\u00eda y una rosa (2016)<\/p>\n<p style=\"text-align: justify;\">De las tres hermanas \u00bfA cu\u00e1l llamas cari\u00f1o? (2016)<\/p>\n<p style=\"text-align: justify;\">Un poema de amor y una sonrisa (2017)<\/p>\n<p style=\"text-align: justify;\">Finalista en el Certamen de cuento infantil (2016)<\/p>\n<p style=\"text-align: justify;\">La fundaci\u00f3n Granada Costa me concedi\u00f3 la Medalla de Oro al Trabajo Cultural (2016)<\/p>\n","protected":false},"excerpt":{"rendered":"<p>Pr\u00f3xima presentaci\u00f3n durante el circuito cultural de diciembre de 2017 del libro \u201cTe di la vida y me deseaste la&hellip;<\/p>\n","protected":false},"author":2,"featured_media":15398,"comment_status":"open","ping_status":"open","sticky":false,"template":"","format":"standard","meta":{"om_disable_all_campaigns":false,"_mi_skip_tracking":false,"_monsterinsights_sitenote_active":false,"_monsterinsights_sitenote_note":"","_monsterinsights_sitenote_category":0,"footnotes":""},"categories":[21,22],"tags":[],"aioseo_notices":[],"_links":{"self":[{"href":"https:\/\/granadacostaglobal.es\/index.php?rest_route=\/wp\/v2\/posts\/15379"}],"collection":[{"href":"https:\/\/granadacostaglobal.es\/index.php?rest_route=\/wp\/v2\/posts"}],"about":[{"href":"https:\/\/granadacostaglobal.es\/index.php?rest_route=\/wp\/v2\/types\/post"}],"author":[{"embeddable":true,"href":"https:\/\/granadacostaglobal.es\/index.php?rest_route=\/wp\/v2\/users\/2"}],"replies":[{"embeddable":true,"href":"https:\/\/granadacostaglobal.es\/index.php?rest_route=%2Fwp%2Fv2%2Fcomments&post=15379"}],"version-history":[{"count":0,"href":"https:\/\/granadacostaglobal.es\/index.php?rest_route=\/wp\/v2\/posts\/15379\/revisions"}],"wp:featuredmedia":[{"embeddable":true,"href":"https:\/\/granadacostaglobal.es\/index.php?rest_route=\/"}],"wp:attachment":[{"href":"https:\/\/granadacostaglobal.es\/index.php?rest_route=%2Fwp%2Fv2%2Fmedia&parent=15379"}],"wp:term":[{"taxonomy":"category","embeddable":true,"href":"https:\/\/granadacostaglobal.es\/index.php?rest_route=%2Fwp%2Fv2%2Fcategories&post=15379"},{"taxonomy":"post_tag","embeddable":true,"href":"https:\/\/granadacostaglobal.es\/index.php?rest_route=%2Fwp%2Fv2%2Ftags&post=15379"}],"curies":[{"name":"wp","href":"https:\/\/api.w.org\/{rel}","templated":true}]}}