{"id":15360,"date":"2017-11-28T10:17:25","date_gmt":"2017-11-28T10:17:25","guid":{"rendered":"http:\/\/granadacostanacional.es\/?p=15360"},"modified":"2017-11-28T10:17:25","modified_gmt":"2017-11-28T10:17:25","slug":"tres-clasicos-tres-misticos-y-una-nina-cantan-a-la-navidad","status":"publish","type":"post","link":"https:\/\/granadacostaglobal.es\/?p=15360","title":{"rendered":"TRES CL\u00c1SICOS, TRES M\u00cdSTICOS\u2026 Y UNA NI\u00d1A, CANTAN A LA NAVIDAD."},"content":{"rendered":"<p style=\"text-align: justify;\">\u00a0\u00a0\u00a0\u00a0\u00a0\u00a0\u00a0\u00a0\u00a0\u00a0 Las hojas del calendario han ido trascurriendo raudas a trav\u00e9s del a\u00f1o como si tuvieran prisa por acabar pronto y llegar a un destino ignorado por nosotros. Parece que quisieran demostrarnos lo r\u00e1pido que pasa el tiempo e, inmisericordes, decirnos que somos un a\u00f1o m\u00e1s viejos. El tiempo -tempus fugit- es as\u00ed. Tan s\u00f3lo piensa en recorrer el camino infinito que tiene por delante sin reparar en los dem\u00e1s.<\/p>\n<p style=\"text-align: justify;\">\u00a0\u00a0\u00a0\u00a0\u00a0\u00a0\u00a0\u00a0\u00a0\u00a0\u00a0 El caso es que de nuevo se nos ha echado encima la Navidad, otra Navidad en nuestra vida. Y ya van\u2026 unas cuantas. No s\u00e9 por qu\u00e9 pero cada una es distinta a la anterior. Hacemos las mismas cosas. Nos reunimos la familia en las mismas casas. Confeccionamos nuestro men\u00fa tradicional. Cantamos los villancicos de siempre. Y recordamos con amor a aquellos seres que partieron hacia otra dimensi\u00f3n, m\u00e1s all\u00e1 del sol en su ocaso. Pero quiz\u00e1s somos nosotros los que hemos cambiado.<\/p>\n<p style=\"text-align: justify;\">\u00a0\u00a0\u00a0\u00a0\u00a0\u00a0\u00a0\u00a0\u00a0\u00a0\u00a0 Con las alas del pensamiento nos trasladamos a esa \u00e9poca feliz de nuestra infancia y, cerrando los ojos, nos vemos en nuestra vieja casa rodeados de nuestros j\u00f3venes padres, los abuelos, en buena madurez, los hermanos, ni\u00f1os como nosotros, envueltos todos en ilusiones, alegr\u00edas, y llenos de ingenuidad. Sin sospechar cu\u00e1l hab\u00eda de ser nuestro futuro, pre\u00f1ado de inc\u00f3gnitas.<\/p>\n<p style=\"text-align: justify;\">\u00a0\u00a0\u00a0\u00a0\u00a0\u00a0\u00a0\u00a0\u00a0 Acompa\u00f1ados de zambombas, panderetas y botellas de an\u00eds del Mono, que alg\u00fan familiar rascaba con virtuosismo, cant\u00e1bamos villancicos ante nuestros sencillos belenes pues antes no se estilaba el \u201c\u00e1rbol\u201d. Y luego, con el fr\u00edo de las doce, nos \u00edbamos a o\u00edr fervorosamente la misa del \u201cgallo\u201d. Por supuesto, no faltaba el aguinaldo para los ni\u00f1os. Era uno de los alicientes de la Navidad. Modesto, como correspond\u00eda a los tiempos, pero que recib\u00edamos alborozados. Ahora todo el a\u00f1o es aguinaldo.<\/p>\n<p style=\"text-align: justify;\">\u00a0\u00a0\u00a0\u00a0\u00a0\u00a0\u00a0\u00a0\u00a0\u00a0\u00a0 Y yo me detengo a pensar, \u00bfson m\u00e1s felices las Navidades actuales, plenas de consumismo, bienestar, metas alcanzadas, o aquellas llenas de ingenuidad y amor vividas con el alma inocente de un ni\u00f1o? No lo s\u00e9. Cada cual puede reflexionar. Aquellas ten\u00edan el encanto de la ni\u00f1ez y una vida por delante para so\u00f1arla y vivirla. \u00c9stas las vivimos con la madurez que nos han dado los a\u00f1os y la vida. Sabemos que pocas sorpresas nos puede deparar ya el destino. Casi todo lo hemos vivido ya, casi todo est\u00e1 hecho. Pero es Navidad. Sean cuales sean los tiempos, viv\u00e1mosla llenos de ilusi\u00f3n con nuestros seres queridos, los que nos van quedando\u2026 Cantemos villancicos nuevamente y toquemos aquellas viejas zambombas, panderetas y entra\u00f1ables botellas de an\u00eds del horroroso Mono. Y celebremos que ha nacido Jes\u00fas como cuando \u00e9ramos ni\u00f1os. Ahora tambi\u00e9n hay ni\u00f1os, una nueva generaci\u00f3n, en la casa. Y ellos tienen derecho a vivir su Navidad llenos de sue\u00f1os y de esperanzas en que el futuro les traiga un mundo mejor reinando la paz.<\/p>\n<p style=\"text-align: justify;\">\u00a0\u00a0\u00a0\u00a0\u00a0\u00a0\u00a0\u00a0\u00a0 Demos, pues, la bienvenida a la Navidad 2017 y qu\u00e9 mejor modo de hacerlo que envueltos en poes\u00eda. Para ello, voy a llamar en mi auxilio a unos cuantos poetas que con sus inspirados versos han cantado la venida del Ni\u00f1o Dios. Ellos nos ayudar\u00e1n a impregnarnos del aut\u00e9ntico esp\u00edritu navide\u00f1o.<\/p>\n<p style=\"text-align: justify;\">\n<p style=\"text-align: justify;\">\u00a0\u00a0\u00a0\u00a0\u00a0\u00a0\u00a0\u00a0\u00a0 Como introito, comencemos por tres cl\u00e1sicos del Siglo de Oro. Y abramos la lista nada menos que por <strong>F\u00e9lix Lope de Vega Carpio, <\/strong>llamado por Cervantes, su eterno rival, F\u00e9nix de los ingenios, Poeta del cielo y de la tierra y Monstruo de la Naturaleza.\u00a0\u00a0\u00a0\u00a0\u00a0\u00a0\u00a0 Naci\u00f3 en Madrid un 25 de noviembre de 1562 y muri\u00f3 un 27 de agosto de 1635. Puede decirse que fue el m\u00e1s importante poeta y dramaturgo del Siglo de Oro espa\u00f1ol por la extensi\u00f3n de su obra y calidad literaria. Se le atribuyen unos tres mil sonetos, tres novelas, nueve epopeyas y unas mil ochocientas comedias (\u201c<em>en horas veinticuatro pasaba de las musas al teatro\u201d<\/em>). Las m\u00e1s famosas son: <em>El perro del<\/em> <em>hortelano,<\/em> <em>La Dama boba, Fueneovejun y El Caballero de Olmedo<\/em>, entre otras. Muchas de ellas siguen represent\u00e1ndose, tanto en teatro como llevadas a la pantalla.<\/p>\n<p style=\"text-align: justify;\">\u00a0\u00a0\u00a0\u00a0 \u00a0\u00a0\u00a0\u00a0Su vida fue muy azarosa: varios matrimonios, m\u00faltiples amantes, numerosos hijos, habidos dentro y fuera de los matrimonios, raptos, destierros\u2026 y, como se suele decir, harto el demonio de carne se meti\u00f3 a fraile. En su \u00faltima etapa se hizo sacerdote. Todo un aventurero de su \u00e9poca.<\/p>\n<p style=\"text-align: justify;\">\u00a0\u00a0\u00a0\u00a0\u00a0\u00a0\u00a0\u00a0 El tierno poema que he elegido dedicado a la Navidad es todo un cl\u00e1sico, junto al de <em>Las pajas del pesebre<\/em>.<\/p>\n<p>&nbsp;<\/p>\n<p style=\"text-align: center;\"><strong>NO LLOR\u00c9IS, MIS OJOS<\/strong><\/p>\n<p style=\"text-align: center;\">No llor\u00e9is, mis ojos,<\/p>\n<p style=\"text-align: center;\">Ni\u00f1o-Dios, callad;<\/p>\n<p style=\"text-align: center;\">que, si llora el cielo,<\/p>\n<p style=\"text-align: center;\">\u00bfqui\u00e9n podr\u00e1 cantar?<\/p>\n<p style=\"text-align: center;\">Vuestra Madre hermosa,<\/p>\n<p style=\"text-align: center;\">que cantando est\u00e1,<\/p>\n<p style=\"text-align: center;\">llorar\u00e1 tambi\u00e9n<\/p>\n<p style=\"text-align: center;\">si ve que llor\u00e1is.<\/p>\n<p style=\"text-align: center;\">O es fuego o es fr\u00edo<\/p>\n<p style=\"text-align: center;\">la causa que os dan:<\/p>\n<p style=\"text-align: center;\">si es amor, mis ojos,<\/p>\n<p style=\"text-align: center;\">muy peque\u00f1o am\u00e1is.<\/p>\n<p style=\"text-align: center;\">Enjugad las perlas,<\/p>\n<p style=\"text-align: center;\">n\u00e1car celestial,<\/p>\n<p style=\"text-align: center;\">que, si llora el cielo,<\/p>\n<p style=\"text-align: center;\">\u00bfqui\u00e9n podr\u00e1 cantar?<\/p>\n<p style=\"text-align: center;\">Los \u00e1ngeles bellos<\/p>\n<p style=\"text-align: center;\">cantan que le dais<\/p>\n<p style=\"text-align: center;\">a los cielos, gloria,<\/p>\n<p style=\"text-align: center;\">a la tierra, paz.<\/p>\n<p style=\"text-align: center;\">Por estas monta\u00f1as<\/p>\n<p style=\"text-align: center;\">descendiendo van<\/p>\n<p style=\"text-align: center;\">pastores, cantando<\/p>\n<p style=\"text-align: center;\">por daros solaz.<\/p>\n<p style=\"text-align: center;\">Ni\u00f1o de mis ojos,<\/p>\n<p style=\"text-align: center;\">\u00a1ea!, no haya m\u00e1s;<\/p>\n<p style=\"text-align: center;\">que, si llora el cielo,<\/p>\n<p style=\"text-align: center;\">\u00bfqui\u00e9n podr\u00e1 cantar?<\/p>\n<p>&nbsp;<\/p>\n<p style=\"text-align: justify;\">\u00a0\u00a0\u00a0\u00a0\u00a0\u00a0\u00a0\u00a0\u00a0 Siguiendo con los cl\u00e1sicos, buceando en los poetas del siglo XVI, me encuentro con todo un exponente del culteranismo o gongorismo. Su nombre no pod\u00eda ser otro que <strong>Luis de G\u00f3ngora y Argote<\/strong>, nacido en C\u00f3rdoba el 11 de julio de 1516 y fallecido en la ciudad que le vio nacer un 23 de mayo de 1627.<\/p>\n<p style=\"text-align: justify;\">\u00a0\u00a0\u00a0\u00a0\u00a0\u00a0\u00a0\u00a0\u00a0 G\u00f3ngora, sacerdote -fue nombrado Capell\u00e1n Real por Felipe III-, poeta, dramaturgo, recibi\u00f3 una esmerada educaci\u00f3n estudiando en Granada y Salamanca. Autor de numerosos sonetos, romances y letrillas l\u00edricas, plenos de est\u00e9tica barroca en todos sus versos, siendo sus t\u00edtulos m\u00e1s famosos <em>La f\u00e1bula de Polifemo y Galatea<\/em> y <em>Soledades.<\/em> Su estilo suscit\u00f3 una gran pol\u00e9mica por lo enrevesado de sus met\u00e1foras, ornamentaci\u00f3n de lo externo y hermetismo en su contenido, siendo incluso ridiculizado por algunos de sus detractores. Los poetas de la Generaci\u00f3n del 27 revalorizaron su poes\u00eda. Muri\u00f3 en medio de una extrema pobreza, pese a la vida de lujo y refinamiento que llev\u00f3, impropia de un sacerdote.<\/p>\n<p>&nbsp;<\/p>\n<p style=\"text-align: center;\"><strong>EN EL NACIMIENTO DEL SALVADOR<\/strong><\/p>\n<p style=\"text-align: center;\">Ca\u00eddo se le ha un clavel<\/p>\n<p style=\"text-align: center;\">hoy a la Aurora del seno.<\/p>\n<p style=\"text-align: center;\">\u00a1Qu\u00e9 glorioso que est\u00e1 el heno<\/p>\n<p style=\"text-align: center;\">porque ha ca\u00eddo sobre \u00e9l!<\/p>\n<p style=\"text-align: center;\">Cuando el silencio ten\u00eda<\/p>\n<p style=\"text-align: center;\">todas las cosas del suelo<\/p>\n<p style=\"text-align: center;\">y coronas de hielo<\/p>\n<p style=\"text-align: center;\">reinaba la noche fr\u00eda,<\/p>\n<p style=\"text-align: center;\">en medio la monarqu\u00eda<\/p>\n<p style=\"text-align: center;\">de tiniebla tan cruel,<\/p>\n<p style=\"text-align: center;\">ca\u00eddo se le ha un clavel<\/p>\n<p style=\"text-align: center;\">hoy a la Aurora del seno.<\/p>\n<p style=\"text-align: center;\">\u00a1Qu\u00e9 glorioso que est\u00e1 el heno<\/p>\n<p style=\"text-align: center;\">porque ha ca\u00eddo en \u00e9l!<\/p>\n<p style=\"text-align: center;\">De un solo clavel ce\u00f1ida<\/p>\n<p style=\"text-align: center;\">la Virgen, aurora bella,<\/p>\n<p style=\"text-align: center;\">al mundo se le dio, y Ella<\/p>\n<p style=\"text-align: center;\">qued\u00f3 cual antes, florida:<\/p>\n<p style=\"text-align: center;\">A la p\u00farpura \u00e1cida<\/p>\n<p style=\"text-align: center;\">s\u00f3lo fue el heno fiel<\/p>\n<p style=\"text-align: center;\">porque ha ca\u00eddo sobre \u00e9l.<\/p>\n<p style=\"text-align: center;\">El heno, pues que fue lino,<\/p>\n<p style=\"text-align: center;\">a pesar de tantas nieves,<\/p>\n<p style=\"text-align: center;\">al ver en sus brazos leves<\/p>\n<p style=\"text-align: center;\">este Rosicler divino,<\/p>\n<p style=\"text-align: center;\">para su lecho fue lino,<\/p>\n<p style=\"text-align: center;\">oro para su dosel.<\/p>\n<p style=\"text-align: center;\">\u00a1Qu\u00e9 glorioso que est\u00e1 el heno<\/p>\n<p style=\"text-align: center;\">porque ha ca\u00eddo sobre \u00e9l!<\/p>\n<p>&nbsp;<\/p>\n<p style=\"text-align: justify;\">\u00a0\u00a0\u00a0\u00a0\u00a0\u00a0\u00a0\u00a0\u00a0 Y completa este tr\u00edo de cl\u00e1sicos otro grande del siglo de Oro: <strong>Pedro Calder\u00f3n de<\/strong> <strong>la Barca<\/strong>, escritor barroco nacido en Madrid -1600- 1681. Estudi\u00f3 en la universidad de Salamanca, gran viajero, soldado, m\u00e1s tarde se hizo religioso \u2013en esto coincidi\u00f3 con sus colegas Lope de Vega y G\u00f3ngora- y, asimismo, fue nombrado Capell\u00e1n por el rey y Caballero de la Orden de Santiago.<\/p>\n<p style=\"text-align: justify;\">\u00a0\u00a0\u00a0\u00a0\u00a0\u00a0\u00a0\u00a0\u00a0 Su fama se debe sobre todo como dramaturgo ya que su producci\u00f3n consta de ciento diez comedias y ochenta autos sacramentales (anecd\u00f3ticamente, en algunos de ellos actu\u00e9 siendo ni\u00f1a en el colegio), am\u00e9n de otros tantos entremeses.<\/p>\n<p style=\"text-align: justify;\">\u00a0\u00a0\u00a0\u00a0\u00a0\u00a0\u00a0\u00a0\u00a0 Sus comedias m\u00e1s famosas son<em>: El alcalde de Zalamea<\/em>, llevada al cine, <em>El mayor<\/em> <em>monstruo, los celos<\/em> y <em>El m\u00e9dico de su honra,<\/em> que a\u00fan se representan en la actualidad.<\/p>\n<p>&nbsp;<\/p>\n<p style=\"text-align: center;\"><strong>QU\u00c9 QUIERO, MI JES\u00daS<\/strong><\/p>\n<p style=\"text-align: center;\">Qu\u00e9 quiero, mi Jes\u00fas\u2026 Quiero quererte,<\/p>\n<p style=\"text-align: center;\">quiero cuanto hay en m\u00ed del todo darte<\/p>\n<p style=\"text-align: center;\">sin tener m\u00e1s placer que el de agradarte,<\/p>\n<p style=\"text-align: center;\">sin tener m\u00e1s temor que el ofenderte.<\/p>\n<p style=\"text-align: center;\">Quiero olvidarlo todo y conocerte,<\/p>\n<p style=\"text-align: center;\">quiero dejarlo todo por buscarte,<\/p>\n<p style=\"text-align: center;\">quiero perderlo todo por hallarte,<\/p>\n<p style=\"text-align: center;\">quiero ignorarlo todo por saberte.<\/p>\n<p style=\"text-align: center;\">Quiero, amable Jes\u00fas, abismarme<\/p>\n<p style=\"text-align: center;\">en ese dulce hueco de tu herida,<\/p>\n<p style=\"text-align: center;\">y en sus divinas llamas abrasarme.<\/p>\n<p style=\"text-align: center;\">Quiero, por fin, en Ti transfigurarme,<\/p>\n<p style=\"text-align: center;\">morir a m\u00ed, para vivir tu vida,<\/p>\n<p style=\"text-align: center;\">perderme en Ti, y no encontrarme.<\/p>\n<p><strong>\u00a0<\/strong><\/p>\n<p><em>\u00a0<\/em><\/p>\n<p style=\"text-align: justify;\">\u00a0\u00a0\u00a0\u00a0\u00a0\u00a0\u00a0 \u00a0Vayamos ahora con los m\u00edsticos y comencemos por una \u201cf\u00e9mina inquieta y andariega\u201d: la Doctora de la Iglesia <strong>Teresa de Cepeda y Ahumada, Teresa de Jes\u00fas<\/strong>. Nacida en \u00c1vila, Gotarrendura, el 28 de marzo de 1515 y fallecida el 4 de octubre de 1582, en Alba de Tormes. Monja fundadora de conventos, reformadora, de la Orden de Carmelitas Descalzas, m\u00edstica, poeta y escritora, de hecho, la Patrona de los escritores. Es considerada, junto a San Juan de la Cruz, cumbre de la m\u00edstica espa\u00f1ola. Sus obras m\u00e1s importantes son: <em>Castillo interior Las moradas, Camino de perfecci\u00f3n y El libro de su vida.<\/em><\/p>\n<p style=\"text-align: justify;\"><a href=\"http:\/\/granadacostanacional.es\/wp-content\/uploads\/2017\/11\/20171127_1051551.jpg\"><img decoding=\"async\" loading=\"lazy\" class=\"wp-image-15363 aligncenter\" src=\"http:\/\/granadacostanacional.es\/wp-content\/uploads\/2017\/11\/20171127_1051551-232x300.jpg\" alt=\"20171127_105155[1]\" width=\"342\" height=\"442\" \/><\/a><\/p>\n<p style=\"text-align: justify;\">\u00a0\u00a0\u00a0\u00a0\u00a0\u00a0\u00a0\u00a0\u00a0 En el a\u00f1o 2016, Granada Costa le dedic\u00f3 las 24 horas de poes\u00eda ininterrumpidas y a m\u00ed me cupo el honor de representar su figura en un gui\u00f3n de mi autor\u00eda, \u201cSoliloquios de Santa Teresa con Dios\u201d, junto a Juli\u00e1n D\u00edaz Robledo. Tambi\u00e9n quiero agradecer desde aqu\u00ed el retrato que me hizo, caracterizada de Santa Teresa, el gran pintor y mejor persona, Chus Matamala.<\/p>\n<p style=\"text-align: justify;\">\u00a0\u00a0\u00a0\u00a0\u00a0\u00a0\u00a0\u00a0\u00a0 He escogido este delicioso poema dedicado a los Reyes Magos.<\/p>\n<p>&nbsp;<\/p>\n<p style=\"text-align: center;\"><strong>EN LA FESTIVIDAD DE LOS SANTOS REYES<\/strong><\/p>\n<p style=\"text-align: center;\">Pues la estrella<\/p>\n<p style=\"text-align: center;\">\u00a0es ya llegada,<\/p>\n<p style=\"text-align: center;\">vaya con los Reyes<\/p>\n<p style=\"text-align: center;\">\u00a0la mi manada.<\/p>\n<p style=\"text-align: center;\">Vamos todas juntas<\/p>\n<p style=\"text-align: center;\">a ver al Mes\u00edas,<\/p>\n<p style=\"text-align: center;\">pues vemos cumplidas<\/p>\n<p style=\"text-align: center;\">ya las profec\u00edas.<\/p>\n<p style=\"text-align: center;\">Pues en nuestros d\u00edas,<\/p>\n<p style=\"text-align: center;\">es ya llegada,<\/p>\n<p style=\"text-align: center;\">vaya con los Reyes<\/p>\n<p style=\"text-align: center;\">la mi manada.<\/p>\n<p style=\"text-align: center;\">Llev\u00e9mosle dones<\/p>\n<p style=\"text-align: center;\">de grande valor,<\/p>\n<p style=\"text-align: center;\">pues vienen los Reyes,<\/p>\n<p style=\"text-align: center;\">con tan gran hervor.<\/p>\n<p style=\"text-align: center;\">Al\u00e9grese hoy<\/p>\n<p style=\"text-align: center;\">nuestra Gran Zagala,<\/p>\n<p style=\"text-align: center;\">vaya con los Reyes<\/p>\n<p style=\"text-align: center;\">la mi manada.<\/p>\n<p>&nbsp;<\/p>\n<p style=\"text-align: justify;\">\u00a0\u00a0\u00a0\u00a0\u00a0\u00a0\u00a0\u00a0\u00a0 Y, siguiendo con los m\u00edsticos, ahora vamos con su gran amigo y compa\u00f1ero en Dios, <strong>San Juan de la Cruz<\/strong>, al cual la santa, con su gracejo, llamaba \u201cmedio fraile\u201d por su peque\u00f1a estatura, y a la que acompa\u00f1\u00f3 en la reforma de la Orden carmelitana y en la fundaci\u00f3n de conventos.<\/p>\n<p style=\"text-align: justify;\">\u00a0\u00a0\u00a0\u00a0\u00a0\u00a0\u00a0\u00a0\u00a0 Religioso y poeta m\u00edstico de alt\u00edsimo valor po\u00e9tico y riqueza de im\u00e1genes y simbolismos plasmados en sus versos, <strong>Juan de Yepes y \u00c1lvarez<\/strong> naci\u00f3 en Fontiveros en 1542 y muri\u00f3 en \u00dabeda en 1591. A pesar de lo breve de su obra, fue uno de los mejores poetas de la m\u00edstica espa\u00f1ola. Famosas son su <em>Noche oscura del alma<\/em> y <em>Subida al Monte Carmelo.<\/em><\/p>\n<p><em>\u00a0<\/em><\/p>\n<p style=\"text-align: center;\"><strong>ROMANCE DEL NACIMIENTO<\/strong><\/p>\n<p style=\"text-align: center;\">Ya que era llegado el tiempo<\/p>\n<p style=\"text-align: center;\">en que de nacer hab\u00eda,<\/p>\n<p style=\"text-align: center;\">as\u00ed como desposado<\/p>\n<p style=\"text-align: center;\">\u00a0de su t\u00e1lamo sal\u00eda,<\/p>\n<p style=\"text-align: center;\">abrazado con su esposa,<\/p>\n<p style=\"text-align: center;\">que en sus brazos le tra\u00eda,<\/p>\n<p style=\"text-align: center;\">al cual la graciosa Madre<\/p>\n<p style=\"text-align: center;\">en su pesebre pon\u00eda,<\/p>\n<p style=\"text-align: center;\">entre unos animales<\/p>\n<p style=\"text-align: center;\">que a la saz\u00f3n all\u00ed hab\u00eda,<\/p>\n<p style=\"text-align: center;\">los hombres dec\u00edan cantares,<\/p>\n<p style=\"text-align: center;\">los \u00e1ngeles melod\u00eda,<\/p>\n<p style=\"text-align: center;\">festejando el desposorio<\/p>\n<p style=\"text-align: center;\">que entre tales dos hab\u00eda,<\/p>\n<p style=\"text-align: center;\">pero Dios en el pesebre<\/p>\n<p style=\"text-align: center;\">all\u00ed lloraba y gem\u00eda,<\/p>\n<p style=\"text-align: center;\">que eran joyas que la esposa<\/p>\n<p style=\"text-align: center;\">al desposorio tra\u00eda,<\/p>\n<p style=\"text-align: center;\">y la Madre estaba en pasmo<\/p>\n<p style=\"text-align: center;\">de que tal trueque ve\u00eda:<\/p>\n<p style=\"text-align: center;\">el llanto del hombre en Dios,<\/p>\n<p style=\"text-align: center;\">y en el hombre la alegr\u00eda,<\/p>\n<p style=\"text-align: center;\">lo cual del uno y del otro<\/p>\n<p style=\"text-align: center;\">tan ajeno ser sol\u00eda.<\/p>\n<p>&nbsp;<\/p>\n<p style=\"text-align: justify;\">\u00a0\u00a0\u00a0\u00a0\u00a0\u00a0\u00a0\u00a0\u00a0 Y para terminar con los poetas m\u00edstico-religiosos, hemos de cruzar ahora el oc\u00e9ano y llegar hasta M\u00e9xico, lugar donde naci\u00f3 Juana In\u00e9s de Asbaje y Ram\u00edrez de Santillana, <strong>Sor Juana In\u00e9s de la Cruz<\/strong>. Nacida un 12 de noviembre de 1648 y fallecida un 17 de abril de 1695. Religiosa de la Orden de San Jer\u00f3nimo, escritora y poeta exponente del Siglo de Oro de la literatura en espa\u00f1ol, cultiv\u00f3 la m\u00fasica, la l\u00edrica, el auto sacramental, el teatro y la prosa. Fue gran defensora de la mujer \u2013famoso es su poema \u201cHombres necios que acus\u00e1is a la mujer\u2026\u201d-, y de los esclavos indios, ocupa un lugar destacado dentro de la literatura novohispana.<\/p>\n<p style=\"text-align: justify;\">\u00a0\u00a0\u00a0\u00a0\u00a0\u00a0\u00a0\u00a0\u00a0 Por mentes estrechas de la \u00e9poca fue condenada a destruir sus escritos que, afortunadamente, public\u00f3 en Espa\u00f1a el obispo Ignacio Mar\u00eda de Castorena.<\/p>\n<p style=\"text-align: justify;\">Dada la extensi\u00f3n de su poema de Navidad, escojo un fragmento del mismo.<\/p>\n<p>&nbsp;<\/p>\n<p style=\"text-align: center;\"><strong>NACIMIENTO DE CRISTO, EN QUE SE DISCURRI\u00d3 LA ABEJA<\/strong><\/p>\n<p style=\"text-align: center;\">De la m\u00e1s fragante Rosa<\/p>\n<p style=\"text-align: center;\">naci\u00f3 la Abeja m\u00e1s bella,<\/p>\n<p style=\"text-align: center;\">a quien el limpio roc\u00edo<\/p>\n<p style=\"text-align: center;\">dio pur\u00edsima materia.<\/p>\n<p style=\"text-align: center;\">Nace, pues, y apenas nace,<\/p>\n<p style=\"text-align: center;\">lo que en perlas recibi\u00f3,<\/p>\n<p style=\"text-align: center;\">empieza a pagar en perlas.<\/p>\n<p style=\"text-align: center;\">Que llore el Alba, no es mucho<\/p>\n<p style=\"text-align: center;\">que es costumbre en su belleza;<\/p>\n<p style=\"text-align: center;\">Mas \u00bfqui\u00e9n hay que no se admire<\/p>\n<p style=\"text-align: center;\">de que el Sol l\u00e1grimas vierta?<\/p>\n<p>&nbsp;<\/p>\n<p style=\"text-align: justify;\">\u00a0\u00a0\u00a0\u00a0\u00a0\u00a0\u00a0\u00a0\u00a0 Y expuesta esta peque\u00f1a muestra de poetas cl\u00e1sicos y m\u00edsticos del Siglo de Oro glosando a la Navidad, y para terminar, me vais a permitir que abra el ba\u00fal de los recuerdos de mi ni\u00f1ez en Melilla. Colegio de San Vicente de Paul, donde me eduqu\u00e9, orden francesa de las monjas de la Caridad, que tanto bien hac\u00edan y siguen haciendo. En una de aquellas entra\u00f1ables funciones de Navidad (siempre me eleg\u00edan para actuar por lo teatrera que era) cant\u00e9, sabe Dios c\u00f3mo, un villancico que ya no he vuelto a o\u00edr jam\u00e1s, ni s\u00e9 si era an\u00f3nimo, pero del que a\u00fan recuerdo la letra completa y la m\u00fasica, a ritmo de vals, preciosa, por cierto. Recuerdo que sal\u00eda con mi uniforme azul y mi cuello almidonado, en un sal\u00f3n de actos enorme, ante todos los alumnos del colegio, era mixto, sus padres, abuelos, t\u00edos, la Madre Superiora, las hermanas\u2026 y hasta el obispo de M\u00e1laga que hab\u00eda venido de visita al Colegio. Entonces no me daba apuro. La inconsciencia de la ni\u00f1ez. Y yo solita en medio del escenario. Imaginaos: Suenan las primeras notas del piano, la profesora que me da la entrada, y una ni\u00f1a de nueve a\u00f1os \u201ccantando\u201d:<\/p>\n<p style=\"text-align: center;\"><a href=\"http:\/\/granadacostanacional.es\/wp-content\/uploads\/2017\/11\/IMG.jpg\"><img decoding=\"async\" loading=\"lazy\" class=\" wp-image-15362 aligncenter\" src=\"http:\/\/granadacostanacional.es\/wp-content\/uploads\/2017\/11\/IMG-199x300.jpg\" alt=\"IMG\" width=\"296\" height=\"446\" \/><\/a><\/p>\n<p style=\"text-align: center;\"><strong>PISEN TODOS MUY QUEDITO<\/strong><\/p>\n<p style=\"text-align: center;\">Pisen todos muy quedito.<\/p>\n<p style=\"text-align: center;\">\u00a0No haya algazara ni estruendo,<\/p>\n<p style=\"text-align: center;\">algazara ni estruendo.<\/p>\n<p style=\"text-align: center;\">Si cant\u00e1is cantad bajito<\/p>\n<p style=\"text-align: center;\">que est\u00e1 mi Ni\u00f1o durmiendo.<\/p>\n<p style=\"text-align: center;\">Ru, ru, mi vida, ru, ru mi cielo.<\/p>\n<p style=\"text-align: center;\">Ru, ru, ru, ru, ru, ru, ru, ru.<\/p>\n<p style=\"text-align: center;\">No despierten al Ni\u00f1o<\/p>\n<p style=\"text-align: center;\">que est\u00e1 durmiendo.<\/p>\n<p style=\"text-align: center;\">\u00a1Qu\u00e9 sue\u00f1o tan tranquilo<\/p>\n<p style=\"text-align: center;\">tiene mi due\u00f1o!<\/p>\n<p style=\"text-align: center;\">La boquita entreabierta,<\/p>\n<p style=\"text-align: center;\">suelto el cabello.<\/p>\n<p style=\"text-align: center;\">No habl\u00e9is tan alto,<\/p>\n<p style=\"text-align: center;\">que es l\u00e1stima despierte<\/p>\n<p style=\"text-align: center;\">Ni\u00f1o tan guapo.<\/p>\n<p style=\"text-align: center;\">(Al estribillo)<\/p>\n<p>&nbsp;<\/p>\n<p style=\"text-align: justify;\">\u00a0\u00a0\u00a0\u00a0\u00a0\u00a0\u00a0\u00a0\u00a0 \u00a1Qu\u00e9 tiempos aquellos, Se\u00f1or! Fue una \u00e9poca muy feliz en mi ni\u00f1ez y hoy, con vuestra venia, he querido dedicarle un peque\u00f1o homenaje a mi antiguo colegio y a aquellas monjas que tantas cosas buenas me inculcaron. Gracias, hermanas.<\/p>\n<p style=\"text-align: justify;\">\u00a0\u00a0\u00a0\u00a0\u00a0\u00a0\u00a0\u00a0\u00a0 Y a vosotros, la gran familia de Granada Costa, os deseo una feliz Navidad plena de paz, salud, amor y concordia.<\/p>\n<p style=\"text-align: justify;\">\n<p style=\"text-align: right;\">Vuestra amiga <strong>Carmen Carrasco<\/strong><\/p>\n","protected":false},"excerpt":{"rendered":"<p>\u00a0\u00a0\u00a0\u00a0\u00a0\u00a0\u00a0\u00a0\u00a0\u00a0 Las hojas del calendario han ido trascurriendo raudas a trav\u00e9s del a\u00f1o como si tuvieran prisa por acabar pronto&hellip;<\/p>\n","protected":false},"author":2,"featured_media":15361,"comment_status":"open","ping_status":"open","sticky":false,"template":"","format":"standard","meta":{"om_disable_all_campaigns":false,"_mi_skip_tracking":false,"_monsterinsights_sitenote_active":false,"_monsterinsights_sitenote_note":"","_monsterinsights_sitenote_category":0,"footnotes":""},"categories":[21],"tags":[],"aioseo_notices":[],"_links":{"self":[{"href":"https:\/\/granadacostaglobal.es\/index.php?rest_route=\/wp\/v2\/posts\/15360"}],"collection":[{"href":"https:\/\/granadacostaglobal.es\/index.php?rest_route=\/wp\/v2\/posts"}],"about":[{"href":"https:\/\/granadacostaglobal.es\/index.php?rest_route=\/wp\/v2\/types\/post"}],"author":[{"embeddable":true,"href":"https:\/\/granadacostaglobal.es\/index.php?rest_route=\/wp\/v2\/users\/2"}],"replies":[{"embeddable":true,"href":"https:\/\/granadacostaglobal.es\/index.php?rest_route=%2Fwp%2Fv2%2Fcomments&post=15360"}],"version-history":[{"count":0,"href":"https:\/\/granadacostaglobal.es\/index.php?rest_route=\/wp\/v2\/posts\/15360\/revisions"}],"wp:featuredmedia":[{"embeddable":true,"href":"https:\/\/granadacostaglobal.es\/index.php?rest_route=\/"}],"wp:attachment":[{"href":"https:\/\/granadacostaglobal.es\/index.php?rest_route=%2Fwp%2Fv2%2Fmedia&parent=15360"}],"wp:term":[{"taxonomy":"category","embeddable":true,"href":"https:\/\/granadacostaglobal.es\/index.php?rest_route=%2Fwp%2Fv2%2Fcategories&post=15360"},{"taxonomy":"post_tag","embeddable":true,"href":"https:\/\/granadacostaglobal.es\/index.php?rest_route=%2Fwp%2Fv2%2Ftags&post=15360"}],"curies":[{"name":"wp","href":"https:\/\/api.w.org\/{rel}","templated":true}]}}