{"id":15350,"date":"2017-11-27T15:30:02","date_gmt":"2017-11-27T15:30:02","guid":{"rendered":"http:\/\/granadacostanacional.es\/?p=15350"},"modified":"2017-11-27T15:30:02","modified_gmt":"2017-11-27T15:30:02","slug":"responsables-de-medios-aereos-en-extincion-de-incendios-comparten-en-andalucia-sus-experiencias-para-mejorar-la-coordinacion","status":"publish","type":"post","link":"https:\/\/granadacostaglobal.es\/?p=15350","title":{"rendered":"Responsables de medios a\u00e9reos en extinci\u00f3n de incendios comparten en Andaluc\u00eda sus experiencias para mejorar la coordinaci\u00f3n"},"content":{"rendered":"<p style=\"text-align: justify;\"><strong>Jos\u00e9 Fiscal inaugura un seminario pionero en el que participan 160 trabajadores y responsables en las labores de extinci\u00f3n de los incendios forestales<\/strong><\/p>\n<p style=\"text-align: justify;\"><strong>\u00a0\u00a0\u00a0\u00a0\u00a0\u00a0\u00a0\u00a0 <\/strong><strong>El consejero de Medio Ambiente y Ordenaci\u00f3n del Territorio, Jos\u00e9 Fiscal, ha inaugurado hoy en Sevilla un seminario en el que participan responsables y t\u00e9cnicos de medios a\u00e9reos que trabajan en tareas de extinci\u00f3n de incendios forestales. Con el t\u00edtulo \u201cLecciones Aprendidas en la Coordinaci\u00f3n de Medio A\u00e9reos en Incendios Forestales\u201d, 160 personas analizan durante dos d\u00edas c\u00f3mo dar una respuesta operativa m\u00e1s eficaz en situaciones de emergencia. <\/strong><\/p>\n<p style=\"text-align: justify;\"><strong>\u00a0\u00a0\u00a0\u00a0\u00a0\u00a0\u00a0\u00a0\u00a0\u00a0\u00a0 El seminario est\u00e1 organizado por Habak Aviaton Group y participa personal de la lucha contra el fuego de varias administraciones de toda Espa\u00f1a. Se trata de una experiencia pionera en el sector aeron\u00e1utico nacional y, seg\u00fan ha explicado el consejero, tiene como finalidad mejorar la seguridad en la coordinaci\u00f3n a\u00e9rea y en todas sus operaciones. <\/strong><\/p>\n<p style=\"text-align: justify;\">\u00a0\u00a0\u00a0\u00a0\u00a0\u00a0\u00a0\u00a0\u00a0\u00a0\u00a0 En la actualidad, alrededor de 240 aeronaves operan en Espa\u00f1a a lo largo del a\u00f1o en labores de lucha contra incendios forestales, acumulando m\u00e1s de 23.000 horas de vuelo de media y realizando m\u00e1s de 26.400 maniobras de carga y descarga de agua, transporte de personal, labores de vigilancia, observaci\u00f3n y coordinaci\u00f3n. En Andaluc\u00eda son 39 las aeronaves que el Infoca tiene dispuestas para actuar contra los incendios cada verano.<\/p>\n<p style=\"text-align: justify;\">\u00a0\u00a0\u00a0\u00a0\u00a0\u00a0\u00a0\u00a0\u00a0\u00a0\u00a0 Jos\u00e9 Fiscal ha reconocido de nuevo el trabajo y la dedicaci\u00f3n de los m\u00e1s de 4.400 profesionales del Plan Infoca y el del personal de todos los servicios de prevenci\u00f3n y extinci\u00f3n de incendios forestales de todas las comunidades aut\u00f3nomas, as\u00ed como del personal que aporta el Gobierno central.<\/p>\n<p style=\"text-align: justify;\">El titular de Medio Ambiente ha sostenido que el trabajo de este sector requiere de t\u00e9cnica y cualificaci\u00f3n; pero tambi\u00e9n altas dosis de entrega y solidaridad. Una solidaridad que va m\u00e1s all\u00e1 del propio territorio, como se ha demostrado este mismo verano, porque \u201cla naturaleza no entiende de fronteras\u201d. Y all\u00ed donde se requiere su presencia, estos profesionales acuden sin falta.<\/p>\n<p style=\"text-align: justify;\">\u00a0\u00a0\u00a0\u00a0\u00a0\u00a0\u00a0\u00a0\u00a0\u00a0\u00a0 El consejero de Medio Ambiente y Ordenaci\u00f3n del Territorio ha destacado tambi\u00e9n la colaboraci\u00f3n entre las diferentes administraciones a la hora de abordar los trabajos de extinci\u00f3n de los incendios forestales.<\/p>\n","protected":false},"excerpt":{"rendered":"<p>Jos\u00e9 Fiscal inaugura un seminario pionero en el que participan 160 trabajadores y responsables en las labores de extinci\u00f3n de&hellip;<\/p>\n","protected":false},"author":2,"featured_media":15352,"comment_status":"open","ping_status":"open","sticky":false,"template":"","format":"standard","meta":{"om_disable_all_campaigns":false,"_mi_skip_tracking":false,"_monsterinsights_sitenote_active":false,"_monsterinsights_sitenote_note":"","_monsterinsights_sitenote_category":0,"footnotes":""},"categories":[22],"tags":[],"aioseo_notices":[],"_links":{"self":[{"href":"https:\/\/granadacostaglobal.es\/index.php?rest_route=\/wp\/v2\/posts\/15350"}],"collection":[{"href":"https:\/\/granadacostaglobal.es\/index.php?rest_route=\/wp\/v2\/posts"}],"about":[{"href":"https:\/\/granadacostaglobal.es\/index.php?rest_route=\/wp\/v2\/types\/post"}],"author":[{"embeddable":true,"href":"https:\/\/granadacostaglobal.es\/index.php?rest_route=\/wp\/v2\/users\/2"}],"replies":[{"embeddable":true,"href":"https:\/\/granadacostaglobal.es\/index.php?rest_route=%2Fwp%2Fv2%2Fcomments&post=15350"}],"version-history":[{"count":0,"href":"https:\/\/granadacostaglobal.es\/index.php?rest_route=\/wp\/v2\/posts\/15350\/revisions"}],"wp:featuredmedia":[{"embeddable":true,"href":"https:\/\/granadacostaglobal.es\/index.php?rest_route=\/"}],"wp:attachment":[{"href":"https:\/\/granadacostaglobal.es\/index.php?rest_route=%2Fwp%2Fv2%2Fmedia&parent=15350"}],"wp:term":[{"taxonomy":"category","embeddable":true,"href":"https:\/\/granadacostaglobal.es\/index.php?rest_route=%2Fwp%2Fv2%2Fcategories&post=15350"},{"taxonomy":"post_tag","embeddable":true,"href":"https:\/\/granadacostaglobal.es\/index.php?rest_route=%2Fwp%2Fv2%2Ftags&post=15350"}],"curies":[{"name":"wp","href":"https:\/\/api.w.org\/{rel}","templated":true}]}}