{"id":15341,"date":"2017-11-27T15:40:08","date_gmt":"2017-11-27T15:40:08","guid":{"rendered":"http:\/\/granadacostanacional.es\/?p=15341"},"modified":"2017-11-27T15:40:08","modified_gmt":"2017-11-27T15:40:08","slug":"alfonso-monteagudo","status":"publish","type":"post","link":"https:\/\/granadacostaglobal.es\/?p=15341","title":{"rendered":"ALFONSO MONTEAGUDO"},"content":{"rendered":"<p style=\"text-align: justify;\">He tenido oportunidad de leer e informarme en internet de los Premios Literarios 2017 que como cada a\u00f1o viene organizando Alfonso Monteagudo, con el patrocinio del Ayuntamiento de Ba\u00f1os de la Encina.<\/p>\n<p style=\"text-align: justify;\">Deseo felicitar a la Concejala de Cultura Ana Mar\u00eda y a su alcalde, por dedicar su valioso tiempo a promocionar la cultura entre su pueblo. Y mi felicitaci\u00f3n al promotor de tan meritoria iniciativa Alfonso Monteagudo, por desplegar su magia po\u00e9tica \u00a0a la que nos tiene acostumbrados en la presentaci\u00f3n de estos premios, de cuya amplia disertaci\u00f3n de hoy, me quedo con el p\u00e1rrafo adjunto que por su contenido se explica:<\/p>\n<p style=\"text-align: justify;\"><em>\u00a0\u00a0\u00a0 \u201cDe esta forma, aqu\u00ed est\u00e1is vosotros, laureados escritores y poetas,<\/em> <em>que nos ofrecisteis espl\u00e9ndidas novelas, microrrelatos, cuentos, relatos y poes\u00eda, entre r\u00edtmicos mares de vocablos, volc\u00e1nicos alfabetos, r\u00edos memorables de s\u00edlabas y elocuentes sirocos de palabras, para buscar la vidente luz de una libertad expresiva y regalarnos la creatividad de nobles ilusiones, junto con los dones de vuestra imaginaci\u00f3n\u201d.<\/em><\/p>\n<p style=\"text-align: justify;\">Con mi felicitaci\u00f3n a los premiados, quiero hacerlo de manera muy especial a mi querido amigo Carlos Benitez Villodres, ganador del premio de poes\u00eda con su obra <em>Soles inmortales<\/em> y los espl\u00e9ndidos sonetos que contiene.<\/p>\n<p style=\"text-align: justify;\">Y me despido con las palabras de Alfonso, cuando dice:<\/p>\n<p style=\"text-align: justify;\"><em>\u00a0<\/em><\/p>\n<p style=\"text-align: justify;\"><em>\u201cDesde el abismo del sentimiento, los poetas van dialogando con la fiebre con sus m\u00e1s queridos sue\u00f1os, con felicidad o dolor, porque, a veces el coraz\u00f3n canta o llora\u201d.<\/em><\/p>\n<p style=\"text-align: right;\"><em><strong>Juli\u00e1n D\u00edaz Robledo<\/strong><\/em><\/p>\n","protected":false},"excerpt":{"rendered":"<p>He tenido oportunidad de leer e informarme en internet de los Premios Literarios 2017 que como cada a\u00f1o viene organizando&hellip;<\/p>\n","protected":false},"author":2,"featured_media":8943,"comment_status":"open","ping_status":"open","sticky":false,"template":"","format":"standard","meta":{"om_disable_all_campaigns":false,"_mi_skip_tracking":false,"_monsterinsights_sitenote_active":false,"_monsterinsights_sitenote_note":"","_monsterinsights_sitenote_category":0,"footnotes":""},"categories":[21],"tags":[],"aioseo_notices":[],"_links":{"self":[{"href":"https:\/\/granadacostaglobal.es\/index.php?rest_route=\/wp\/v2\/posts\/15341"}],"collection":[{"href":"https:\/\/granadacostaglobal.es\/index.php?rest_route=\/wp\/v2\/posts"}],"about":[{"href":"https:\/\/granadacostaglobal.es\/index.php?rest_route=\/wp\/v2\/types\/post"}],"author":[{"embeddable":true,"href":"https:\/\/granadacostaglobal.es\/index.php?rest_route=\/wp\/v2\/users\/2"}],"replies":[{"embeddable":true,"href":"https:\/\/granadacostaglobal.es\/index.php?rest_route=%2Fwp%2Fv2%2Fcomments&post=15341"}],"version-history":[{"count":0,"href":"https:\/\/granadacostaglobal.es\/index.php?rest_route=\/wp\/v2\/posts\/15341\/revisions"}],"wp:featuredmedia":[{"embeddable":true,"href":"https:\/\/granadacostaglobal.es\/index.php?rest_route=\/"}],"wp:attachment":[{"href":"https:\/\/granadacostaglobal.es\/index.php?rest_route=%2Fwp%2Fv2%2Fmedia&parent=15341"}],"wp:term":[{"taxonomy":"category","embeddable":true,"href":"https:\/\/granadacostaglobal.es\/index.php?rest_route=%2Fwp%2Fv2%2Fcategories&post=15341"},{"taxonomy":"post_tag","embeddable":true,"href":"https:\/\/granadacostaglobal.es\/index.php?rest_route=%2Fwp%2Fv2%2Ftags&post=15341"}],"curies":[{"name":"wp","href":"https:\/\/api.w.org\/{rel}","templated":true}]}}