{"id":15336,"date":"2017-11-27T15:38:06","date_gmt":"2017-11-27T15:38:06","guid":{"rendered":"http:\/\/granadacostanacional.es\/?p=15336"},"modified":"2017-11-27T15:38:06","modified_gmt":"2017-11-27T15:38:06","slug":"desde-otras-soledades-me-llamaban","status":"publish","type":"post","link":"https:\/\/granadacostaglobal.es\/?p=15336","title":{"rendered":"DESDE OTRAS SOLEDADES ME LLAMABAN"},"content":{"rendered":"<p style=\"text-align: justify;\"><strong>\u00a0\u00a0\u00a0\u00a0 <\/strong>Carlos Murciano lleva m\u00e1s de seis d\u00e9cadas cumpliendo una trayectoria literaria seria y sostenida. Estudioso, cr\u00edtico y creador, su bibliograf\u00eda supera ya los cien t\u00edtulos. Dentro de ella, su narrativa breve -profusamente galardonada- reclama an\u00e1lisis y, paralelamente, reedici\u00f3n. Pero su obra po\u00e9tica es la que le mantiene en primera l\u00ednea del panorama l\u00edrico, por la sucesiva edici\u00f3n de sus libros.<\/p>\n<p style=\"text-align: justify;\">\u00a0\u00a0\u00a0\u00a0 Y el m\u00e1s reciente de ellos, anuncia, en una cordial dedicatoria manuscrita, que con \u00e9l cierra su poes\u00eda. Se trata del poemario \u201cDesde otras soledades me llamaban\u201d (Lastura. Oca\u00f1a, 2017): un conjunto de cuarenta y dos sonetos, en la l\u00ednea de sus \u00faltimas entregas: \u201cAmatorio\u201d (2010) y \u201cAmatorio 2\u201d (2015).<\/p>\n<p style=\"text-align: justify;\"><a href=\"http:\/\/granadacostanacional.es\/wp-content\/uploads\/2017\/11\/Fotograf\u00eda-I-Carlos-Murciano.jpg\"><img decoding=\"async\" loading=\"lazy\" class=\" wp-image-15357 alignright\" src=\"http:\/\/granadacostanacional.es\/wp-content\/uploads\/2017\/11\/Fotograf\u00eda-I-Carlos-Murciano-215x300.jpg\" alt=\"Fotograf\u00eda (I)  Carlos Murciano\" width=\"240\" height=\"335\" \/><\/a><\/p>\n<p style=\"text-align: justify;\">\u00a0\u00a0\u00a0\u00a0 Para quienes le seguimos, esa decisi\u00f3n del poeta nos entristece; y no deja de sorprendernos que cuando no maneja la pluma -prosa o verso-, dibuja, plasma sugestivos collages, recurre al \u00f3leo o la acuarela. Suya es la portada de este sonetario que me mueve a escribir y que viene envuelta en una crom\u00e1tica estampa.<\/p>\n<p style=\"text-align: justify;\">\u00a0\u00a0 \u00a0\u00a0La cr\u00edtica de habla hispana (porque hay testimonios de Chiles, Cuba, Bolivia, El Salvador\u2026) ha reconocido su maestr\u00eda en el manejo de esta forma que en \u00e9l se hace fluida y natural, nunca r\u00edgida y, a\u00fan menos, opresiva.<\/p>\n<p style=\"text-align: justify;\">En su prefacio, Justo Jorge Padr\u00f3n afirma que la poes\u00eda de Murciano \u201cha enriquecido los \u00e1mbitos de nuestra l\u00edrica con su capacidad innata de conmover, con su vibraci\u00f3n intuitiva y profunda, que lo han convertido en un maestro para las nuevas promociones de poetas de la lengua espa\u00f1ola\u201d. Y a\u00f1ade: \u201cSu gozosa fecundidad literaria, tan continua y sorprendente, ha dejado ya un perdurable monumento\u201d.<\/p>\n<p style=\"text-align: justify;\"><a href=\"http:\/\/granadacostanacional.es\/wp-content\/uploads\/2017\/11\/PORTADA-DEFINITIVA.jpg\"><img decoding=\"async\" loading=\"lazy\" class=\"wp-image-15338 aligncenter\" src=\"http:\/\/granadacostanacional.es\/wp-content\/uploads\/2017\/11\/PORTADA-DEFINITIVA-211x300.jpg\" alt=\"PORTADA DEFINITIVA\" width=\"350\" height=\"497\" \/><\/a><\/p>\n<p style=\"text-align: justify;\">\u00a0\u00a0\u00a0\u00a0 Al hilo de estos sonetos, el lector se sumergir\u00e1 en un espacio de plenitud l\u00edrica, en donde el verso del poeta andaluz va descifrando sus enigmas vitales.<\/p>\n<p style=\"text-align: justify;\">Muchos de estos textos vienen traspasados por una destacada veta amatoria. En ocasiones, el yo po\u00e9tico pareciera consciente de que es m\u00e1s ventajoso ser amado que llegar a ser comprendido; sin embargo, en otras, pareciera renunciar a su empe\u00f1o, consciente de que la dicha del coraz\u00f3n no es propia de este mundo: \u201cCon dulce lengua y labios que son sabios\/ -dulce es tu lengua, s\u00ed, sabios tus labios-\/ con lent\u00edsimo ardor me reconstruyes.\/ Pero tras de tus juegos prodigiosos,\/ con dulce lengua y labios codiciosos,\/ otra vez, amor m\u00edo, me destruyes\u201d.<\/p>\n<p style=\"text-align: justify;\">\u00a0\u00a0\u00a0\u00a0 La variedad tem\u00e1tica de estos sonetos ayuda al mejor fluir de su propicia lectura. Acompa\u00f1ado por Mozart, por un arc\u00e1ngel, por las estrellas Vets 352, por unos malvises robadores, por unos saltamontes salvajes.., y llevado de la mano por una noche de insomnio, por una ni\u00f1a de cera, por una madrugada al borde del oto\u00f1o\u2026, el poeta, mediante un verso encendido y emotivo, se sostiene alumbrado por cuanto queda por venir y por cuanto regresa en forma de memoria: \u201cPor nuestras escaleras persevera el ruido.\/\u2028Los \u00e1ngeles no son. Quiz\u00e1 el desconocido\/\u2028que aguardaba a la puerta y ha conseguido entrar.\/ Lleva a cuestas las siete tristezas capitales:\/ esos malos recuerdos que acuden puntuales\/ y que nunca el olvido ha logrado olvidar\u201d.<\/p>\n<p style=\"text-align: justify;\">\u00a0\u00a0\u00a0\u00a0 Desde un plano m\u00e1s real que enso\u00f1ado, Carlos Murciano ha vertebrado un poemario sobrio y madurado, en el cual la soledad se deja habitar por la palabra y la tristura se deja vencer por un verbo preciso y turbador. Al cabo, es desde esos planos de latente vitalismo, desde donde mejor pueden aprehenderse estos versos de c\u00e1lida existencia, dadores de una bella certidumbre po\u00e9tica.<\/p>\n<p>&nbsp;<\/p>\n<p>&nbsp;<\/p>\n<p style=\"text-align: center;\"><strong>SONETO FINAL, ESCRITO CON CIERTA TRISTEZA <\/strong><\/p>\n<p style=\"text-align: center;\">Cada noche, mi amor, cuando dejamos<\/p>\n<p style=\"text-align: center;\">nuestro cansancio sobre la almohada,<\/p>\n<p style=\"text-align: center;\">y el sue\u00f1o es ya una niebla deseada<\/p>\n<p style=\"text-align: center;\">que nos envuelve y en la que flotamos,<\/p>\n<p style=\"text-align: center;\">buscas mi mano y juntos avanzamos<\/p>\n<p style=\"text-align: center;\">por la caverna de la madrugada<\/p>\n<p style=\"text-align: center;\">hacia esa vastedad deshabitada<\/p>\n<p style=\"text-align: center;\">que nos ignora y a la que ignoramos.<\/p>\n<p style=\"text-align: center;\">Due\u00f1os de ausencias y melancol\u00edas<\/p>\n<p style=\"text-align: center;\">y con nuestro vivir casi cumplido<\/p>\n<p style=\"text-align: center;\">son m\u00e1s las penas que las alegr\u00edas.<\/p>\n<p style=\"text-align: center;\">Por pedir algo, amor, tan s\u00f3lo pido<\/p>\n<p style=\"text-align: center;\">que, cuando se terminen nuestros d\u00edas,<\/p>\n<p style=\"text-align: center;\">entremos de la mano en el olvido.<\/p>\n<p style=\"text-align: right;\"><em><strong>JULI\u00c1N D\u00cdAZ ROBLEDO<\/strong><\/em><\/p>\n<p style=\"text-align: right;\"><em><strong>Madrid<\/strong><\/em><\/p>\n","protected":false},"excerpt":{"rendered":"<p>\u00a0\u00a0\u00a0\u00a0 Carlos Murciano lleva m\u00e1s de seis d\u00e9cadas cumpliendo una trayectoria literaria seria y sostenida. Estudioso, cr\u00edtico y creador, su&hellip;<\/p>\n","protected":false},"author":2,"featured_media":8943,"comment_status":"open","ping_status":"open","sticky":false,"template":"","format":"standard","meta":{"om_disable_all_campaigns":false,"_mi_skip_tracking":false,"_monsterinsights_sitenote_active":false,"_monsterinsights_sitenote_note":"","_monsterinsights_sitenote_category":0,"footnotes":""},"categories":[21],"tags":[],"aioseo_notices":[],"_links":{"self":[{"href":"https:\/\/granadacostaglobal.es\/index.php?rest_route=\/wp\/v2\/posts\/15336"}],"collection":[{"href":"https:\/\/granadacostaglobal.es\/index.php?rest_route=\/wp\/v2\/posts"}],"about":[{"href":"https:\/\/granadacostaglobal.es\/index.php?rest_route=\/wp\/v2\/types\/post"}],"author":[{"embeddable":true,"href":"https:\/\/granadacostaglobal.es\/index.php?rest_route=\/wp\/v2\/users\/2"}],"replies":[{"embeddable":true,"href":"https:\/\/granadacostaglobal.es\/index.php?rest_route=%2Fwp%2Fv2%2Fcomments&post=15336"}],"version-history":[{"count":0,"href":"https:\/\/granadacostaglobal.es\/index.php?rest_route=\/wp\/v2\/posts\/15336\/revisions"}],"wp:featuredmedia":[{"embeddable":true,"href":"https:\/\/granadacostaglobal.es\/index.php?rest_route=\/"}],"wp:attachment":[{"href":"https:\/\/granadacostaglobal.es\/index.php?rest_route=%2Fwp%2Fv2%2Fmedia&parent=15336"}],"wp:term":[{"taxonomy":"category","embeddable":true,"href":"https:\/\/granadacostaglobal.es\/index.php?rest_route=%2Fwp%2Fv2%2Fcategories&post=15336"},{"taxonomy":"post_tag","embeddable":true,"href":"https:\/\/granadacostaglobal.es\/index.php?rest_route=%2Fwp%2Fv2%2Ftags&post=15336"}],"curies":[{"name":"wp","href":"https:\/\/api.w.org\/{rel}","templated":true}]}}