{"id":15199,"date":"2017-11-14T12:58:44","date_gmt":"2017-11-14T12:58:44","guid":{"rendered":"http:\/\/granadacostanacional.es\/?p=15199"},"modified":"2017-11-14T12:58:44","modified_gmt":"2017-11-14T12:58:44","slug":"facua-granada-reclama-que-la-racionalizacion-del-sistema-de-autobuses-urbanos-de-granada-no-vuelva-a-perjudicar-al-usuario","status":"publish","type":"post","link":"https:\/\/granadacostaglobal.es\/?p=15199","title":{"rendered":"FACUA Granada reclama que la racionalizaci\u00f3n del sistema de autobuses urbanos de Granada no vuelva a perjudicar al usuario"},"content":{"rendered":"<p style=\"text-align: justify;\"><strong>Tras la subida del billete, ser\u00eda injusto que los necesarios cambios en el sistema impliquen un\u00a0 nuevo deterioro de un servicio ya precario.<\/strong><\/p>\n<p style=\"text-align: justify;\">Ante las noticias relativas al preocupante agujero en el presupuesto municipal relacionado con el servicio de autobuses urbanos de Granada, la asociaci\u00f3n de consumidores FACUA Granada reclama al ayuntamiento que las medidas a tomar para resolver el mismo no vuelvan a perjudicar al usuario, tal como se ha hecho con la \u00faltima subida de tarifas.<\/p>\n<p style=\"text-align: justify;\">Desde la asociaci\u00f3n se entiende y se apoya la necesaria racionalizaci\u00f3n de los servicios, especialmente ante la positiva acogida de la ciudadan\u00eda al Metro, pero esto debe ir acompa\u00f1ado del cuidado necesario para que todos los servicios queden debidamente cubiertos. En todo caso, desde la asociaci\u00f3n se lamenta que se haya perdido tanto tiempo en el planteamiento de los cambios, por un lado en la espera de la inauguraci\u00f3n del Metro, cuando la necesidad de ajustes ya era imperiosa, como tras el arranque de esta nueva infraestructura.<\/p>\n<p style=\"text-align: justify;\">Y es que el problema con los transbordos entre Metro y autobuses urbanos, que impide a los usuarios de \u201ctarjeta roja\u201d usar la misma en esta infraestructura, junto a la competencia que ha generado la misma ha provocado tambi\u00e9n perdidas de usuarios en los autobuses urbanos. Unas p\u00e9rdidas o trasvases que, seg\u00fan informan fuentes del Consorcio, se acercaban a los 250.000 usuarios en el primer mes de uso, con una tendencia creciente que agrava a\u00fan m\u00e1s los problemas econ\u00f3micos de la infraestructura urbana.<\/p>\n<p style=\"text-align: justify;\">Por eso desde FACUA Granada se reclama que\u00a0 a la hora de realizar el proceso de racionalizaci\u00f3n del sistema se prime no solo el ahorro econ\u00f3mico sino la calidad del servicio. Un proceso en el que, ante la reducci\u00f3n de expediciones, podr\u00edan retirarse de servicio los veh\u00edculos m\u00e1s antiguos, as\u00ed como dotar de medios suficientes a aquellas l\u00edneas que hoy d\u00eda siguen est\u00e1n m\u00e1s sobrecargadas de viajeros.\u00a0 Algo que adem\u00e1s de fomentar la calidad del transporte tambi\u00e9n se traducir\u00e1 en mayores ingresos econ\u00f3micos para el sistema.<\/p>\n<p style=\"text-align: justify;\">No obstante, desde la asociaci\u00f3n se entiende que todas estas ideas deben plantearse en un entorno global, donde se fomente la intermodalidad real entre medios de transporte, de modo que estos no sean competencia entre si, sino que se integren al servicio de la ciudadan\u00eda. Algo que debe venir acompa\u00f1ado de los cambios profundos que, desde que se comprob\u00f3 el fiasco econ\u00f3mico que supone el nuevo sistema de autobuses, no se han producido. Labor en la que todas las administraciones implicadas deben trabajar de forma unitaria, para ofrecer a los ciudadanos de Granada y su \u00e1rea metropolitana el servicio de transporte que merecen.<\/p>\n","protected":false},"excerpt":{"rendered":"<p>Tras la subida del billete, ser\u00eda injusto que los necesarios cambios en el sistema impliquen un\u00a0 nuevo deterioro de un&hellip;<\/p>\n","protected":false},"author":2,"featured_media":15200,"comment_status":"open","ping_status":"open","sticky":false,"template":"","format":"standard","meta":{"om_disable_all_campaigns":false,"_mi_skip_tracking":false,"_monsterinsights_sitenote_active":false,"_monsterinsights_sitenote_note":"","_monsterinsights_sitenote_category":0,"footnotes":""},"categories":[22],"tags":[],"aioseo_notices":[],"_links":{"self":[{"href":"https:\/\/granadacostaglobal.es\/index.php?rest_route=\/wp\/v2\/posts\/15199"}],"collection":[{"href":"https:\/\/granadacostaglobal.es\/index.php?rest_route=\/wp\/v2\/posts"}],"about":[{"href":"https:\/\/granadacostaglobal.es\/index.php?rest_route=\/wp\/v2\/types\/post"}],"author":[{"embeddable":true,"href":"https:\/\/granadacostaglobal.es\/index.php?rest_route=\/wp\/v2\/users\/2"}],"replies":[{"embeddable":true,"href":"https:\/\/granadacostaglobal.es\/index.php?rest_route=%2Fwp%2Fv2%2Fcomments&post=15199"}],"version-history":[{"count":0,"href":"https:\/\/granadacostaglobal.es\/index.php?rest_route=\/wp\/v2\/posts\/15199\/revisions"}],"wp:featuredmedia":[{"embeddable":true,"href":"https:\/\/granadacostaglobal.es\/index.php?rest_route=\/"}],"wp:attachment":[{"href":"https:\/\/granadacostaglobal.es\/index.php?rest_route=%2Fwp%2Fv2%2Fmedia&parent=15199"}],"wp:term":[{"taxonomy":"category","embeddable":true,"href":"https:\/\/granadacostaglobal.es\/index.php?rest_route=%2Fwp%2Fv2%2Fcategories&post=15199"},{"taxonomy":"post_tag","embeddable":true,"href":"https:\/\/granadacostaglobal.es\/index.php?rest_route=%2Fwp%2Fv2%2Ftags&post=15199"}],"curies":[{"name":"wp","href":"https:\/\/api.w.org\/{rel}","templated":true}]}}