{"id":15185,"date":"2017-11-14T12:47:26","date_gmt":"2017-11-14T12:47:26","guid":{"rendered":"http:\/\/granadacostanacional.es\/?p=15185"},"modified":"2017-11-14T12:47:26","modified_gmt":"2017-11-14T12:47:26","slug":"salud-entrena-a-273-medicos-residentes-para-actuar-ante-emergencias-sanitarias","status":"publish","type":"post","link":"https:\/\/granadacostaglobal.es\/?p=15185","title":{"rendered":"Salud entrena a 273 m\u00e9dicos residentes para actuar ante emergencias sanitarias"},"content":{"rendered":"<p style=\"text-align: justify;\"><em>La Empresa P\u00fablica de Emergencias Sanitarias ha participado en la formaci\u00f3n de m\u00e1s de dos mil de m\u00e9dicos residentes en su primera d\u00e9cada como entidad docente acreditada por la Comisi\u00f3n Nacional de Especialidades del Ministerio de Sanidad<\/em><\/p>\n<p style=\"text-align: justify;\">Salud ha formado este a\u00f1o a 273 nuevos m\u00e9dicos residentes de la especialidad de Medicina de Familia y Comunitaria para actuar ante situaciones de emergencias sanitarias junto a los equipos del 061. Esto supone un incremento de un 28,7% m\u00e1s de facultativos que han sido entrenados por m\u00e9dicos de la Empresa P\u00fablica de Emergencias Sanitarias en los ocho servicios provinciales del 061 con respecto al curso anterior.<\/p>\n<p style=\"text-align: justify;\">Durante el periodo de formaci\u00f3n de los facultativos, que tiene una duraci\u00f3n de siete meses, pueden conocer de primera mano el funcionamiento integral de los sistemas de urgencias y emergencias extrahospitalarios del sistema sanitario p\u00fablico, rotando tanto en los equipos de emergencias sanitarias 061 como con los centros de coordinaci\u00f3n de urgencias y emergencias sanitarias, en cada una de las provincias.<\/p>\n<p style=\"text-align: justify;\">Destacan las cerca de 20.000 horas de pr\u00e1cticas que han realizado junto a los equipos asistenciales del 061 en sus diferentes turnos de trabajo, con lo que los m\u00e9dicos residentes han podido ampliar y profundizar su experiencia para el tratamiento de las patolog\u00edas m\u00e1s prevalentes en el \u00e1mbito de las urgencias y emergencias sanitarias. Adem\u00e1s, antes de incorporarse a las unidades m\u00f3viles, los m\u00e9dicos residentes han sido informados sobre las normas de actuaci\u00f3n y prevenci\u00f3n de riesgos laborales, as\u00ed como sobre los procedimientos de calidad asistencial del servicio de emergencias sanitarias 061.<\/p>\n<p style=\"text-align: justify;\">Los futuros especialistas de medicina de familia, tambi\u00e9n han realizado m\u00e1s de 3.000 horas en turnos de trabajo en los centros coordinadores de EPES desde donde se atienden todas las llamadas de urgencias y emergencias de la Comunidad y se coordinan todos los recursos extrahospitalarios de que dispone Salud para dar respuesta a estas demandas asistenciales.<\/p>\n<p style=\"text-align: justify;\">Estos m\u00e9dicos residentes comenzaron su entrenamiento con el 061 en el \u00faltimo trimestre de 2016 y han concluido al final del primer semestre de 2017, siendo Sevilla, C\u00e1diz y C\u00f3rdoba las provincias donde se han entrenado al mayor n\u00famero de ellos, con 71, 41 y 34 m\u00e9dicos residentes, respectivamente. Le siguen M\u00e1laga y Granada con 33 y 28 cada una, Almer\u00eda y Ja\u00e9n con 24 y Huelva con 18 personas que han recibido la formaci\u00f3n en su centro.<\/p>\n<p style=\"text-align: justify;\">Durante este a\u00f1o han realizado tambi\u00e9n rotaci\u00f3n por el servicio de emergencias 061 de 55 alumnos del ciclo formativo de T\u00e9cnicos de Emergencias Sanitarias en Almer\u00eda (15), Huelva (11), Ja\u00e9n (10) y C\u00f3rdoba (19), que han entrenado durante 1.944 horas con los equipos de emergencias sanitarias y de 46 profesionales de enfermer\u00eda internos residentes con estos mismos equipos, 25 en M\u00e1laga, 11 en Almer\u00eda, 7 en C\u00f3rdoba, 2 en Ja\u00e9n y 1 en Huelva.<\/p>\n<p style=\"text-align: justify;\">Este es d\u00e9cimo a\u00f1o consecutivo en el que los especialistas en emergencias del 061 participan en la formaci\u00f3n especializada de m\u00e9dicos de familia (MIR), en Andaluc\u00eda, desde que en 2008 la Empresa P\u00fablica de Emergencias Sanitarias fuera acreditada por la Comisi\u00f3n Nacional de Especialidades del Ministerio de Sanidad como Entidad Docente Asociada capacitada para impartir esta formaci\u00f3n.<\/p>\n<p style=\"text-align: justify;\">La Empresa P\u00fablica de Emergencias Sanitarias ha participado en la formaci\u00f3n de m\u00e1s de dos mil de m\u00e9dicos residentes en su primera d\u00e9cada como entidad docente acreditada. Esta formaci\u00f3n est\u00e1 enmarcada dentro del convenio establecido entre el Servicio Andaluz de Salud y la Empresa P\u00fablica de Emergencias Sanitarias. Las rotaciones con los equipos del 061 tienen como fin completar la formaci\u00f3n de los facultativos de medicina familiar y comunitaria y otras especialidades en Andaluc\u00eda para prepararlos en la atenci\u00f3n a urgencias y emergencias extrahospitalarias. Al mismo tiempo, profundizan en el conocimiento sobre el funcionamiento del servicio de emergencias sanitarias y los sistemas de comunicaci\u00f3n y coordinaci\u00f3n vigentes entre los diferentes niveles asistenciales.<\/p>\n<p>&nbsp;<\/p>\n","protected":false},"excerpt":{"rendered":"<p>La Empresa P\u00fablica de Emergencias Sanitarias ha participado en la formaci\u00f3n de m\u00e1s de dos mil de m\u00e9dicos residentes en&hellip;<\/p>\n","protected":false},"author":2,"featured_media":15186,"comment_status":"open","ping_status":"open","sticky":false,"template":"","format":"standard","meta":{"om_disable_all_campaigns":false,"_mi_skip_tracking":false,"_monsterinsights_sitenote_active":false,"_monsterinsights_sitenote_note":"","_monsterinsights_sitenote_category":0,"footnotes":""},"categories":[22],"tags":[],"aioseo_notices":[],"_links":{"self":[{"href":"https:\/\/granadacostaglobal.es\/index.php?rest_route=\/wp\/v2\/posts\/15185"}],"collection":[{"href":"https:\/\/granadacostaglobal.es\/index.php?rest_route=\/wp\/v2\/posts"}],"about":[{"href":"https:\/\/granadacostaglobal.es\/index.php?rest_route=\/wp\/v2\/types\/post"}],"author":[{"embeddable":true,"href":"https:\/\/granadacostaglobal.es\/index.php?rest_route=\/wp\/v2\/users\/2"}],"replies":[{"embeddable":true,"href":"https:\/\/granadacostaglobal.es\/index.php?rest_route=%2Fwp%2Fv2%2Fcomments&post=15185"}],"version-history":[{"count":0,"href":"https:\/\/granadacostaglobal.es\/index.php?rest_route=\/wp\/v2\/posts\/15185\/revisions"}],"wp:featuredmedia":[{"embeddable":true,"href":"https:\/\/granadacostaglobal.es\/index.php?rest_route=\/"}],"wp:attachment":[{"href":"https:\/\/granadacostaglobal.es\/index.php?rest_route=%2Fwp%2Fv2%2Fmedia&parent=15185"}],"wp:term":[{"taxonomy":"category","embeddable":true,"href":"https:\/\/granadacostaglobal.es\/index.php?rest_route=%2Fwp%2Fv2%2Fcategories&post=15185"},{"taxonomy":"post_tag","embeddable":true,"href":"https:\/\/granadacostaglobal.es\/index.php?rest_route=%2Fwp%2Fv2%2Ftags&post=15185"}],"curies":[{"name":"wp","href":"https:\/\/api.w.org\/{rel}","templated":true}]}}