{"id":15153,"date":"2017-11-09T07:42:50","date_gmt":"2017-11-09T07:42:50","guid":{"rendered":"http:\/\/granadacostanacional.es\/?p=15153"},"modified":"2017-11-09T07:42:50","modified_gmt":"2017-11-09T07:42:50","slug":"jose-fiscal-valora-un-urbanismo-agil-y-sostenible-como-principio-de-la-reforma-de-la-loua","status":"publish","type":"post","link":"https:\/\/granadacostaglobal.es\/?p=15153","title":{"rendered":"Jos\u00e9 Fiscal valora un urbanismo \u00e1gil y sostenible como principio de la reforma de la LOUA"},"content":{"rendered":"<p style=\"text-align: justify;\"><strong>El consejero de Medio Ambiente y Ordenaci\u00f3n del Territorio preside la entrega de los Premios Andaluc\u00eda de Urbanismo en su segunda edici\u00f3n.<\/strong><\/p>\n<p style=\"text-align: justify;\">El consejero de Medio Ambiente y Ordenaci\u00f3n del Territorio, Jos\u00e9 Fiscal, ha entregado hoy los Premios Andaluc\u00eda de Urbanismo, que se desarrollan coincidiendo con el D\u00eda Mundial del Urbanismo. En esta segunda edici\u00f3n, los galardonados han sido el Puerto de Huelva y el arquitecto Pablo Arias, as\u00ed como el Parque Metropolitano El Olivar-El Zaid\u00edn, de Tomares, que se ha llevado un acc\u00e9sit.<\/p>\n<p style=\"text-align: justify;\">\u00a0\u00a0\u00a0\u00a0\u00a0\u00a0\u00a0\u00a0\u00a0\u00a0\u00a0 Durante la entrega de los galardones, Jos\u00e9 Fiscal Jos\u00e9 Fiscal ha se\u00f1alado que desde la Consejer\u00eda de Medio Ambiente y Ordenaci\u00f3n del Territorio se est\u00e1 dando forma a una modificaci\u00f3n sustancial de la Ley de Ordenaci\u00f3n Urban\u00edstica de Andaluc\u00eda. Con ello se persigue alcanzar objetivos concretos como simplificar y agilizar la tramitaci\u00f3n de los instrumentos de planeamiento, profundizar en el principio de sostenibilidad y favorecer la actividad econ\u00f3mica.<\/p>\n<p style=\"text-align: justify;\">\u00a0\u00a0\u00a0\u00a0\u00a0\u00a0\u00a0\u00a0\u00a0\u00a0\u00a0 Fiscal se ha mostrado convencido de que \u201cla revisi\u00f3n de la normativa es una tarea compleja para la que es imprescindible que se trabaje desde el di\u00e1logo y el consenso; ya que el resultado final tanto de la reforma del texto actual, como de su desarrollo reglamentario, situar\u00e1 a Andaluc\u00eda como referencia de la normativa urban\u00edstica\u201d.<\/p>\n<p style=\"text-align: justify;\">\u00a0\u00a0\u00a0\u00a0\u00a0\u00a0\u00a0\u00a0\u00a0\u00a0\u00a0 Con respecto a los galardones, en el apartado de mejor actuaci\u00f3n ejecutada el premio ha reca\u00eddo en el nuevo paseo de la R\u00eda de Huelva y la regeneraci\u00f3n ambiental de la margen izquierda de la R\u00eda del Odiel, una actuaci\u00f3n promovida por la Autoridad Portuaria de Huelva, seg\u00fan proyecto del estudio Mart\u00ednez Lape\u00f1a-Torres. Con este galard\u00f3n se ha valorado la capacidad de acercar la ciudad a la r\u00eda a trav\u00e9s de espacios p\u00fablicos de calidad, la funci\u00f3n del urbanismo y la arquitectura para conquistar un espacio de gran valor que puede abrir un nuevo tiempo en la ciudad, y la regeneraci\u00f3n ambiental llevada a cabo en la margen izquierda de la R\u00eda, pr\u00f3xima al principal complejo industrial de la ciudad.<\/p>\n<p style=\"text-align: justify;\">\u00a0\u00a0\u00a0\u00a0\u00a0\u00a0\u00a0\u00a0\u00a0\u00a0\u00a0 En esta misma modalidad, se ha reconocido con un acc\u00e9sit la actuaci\u00f3n \u2018Parque Metropolitano Olivar de El Zaud\u00edn\u2019, en la localidad sevillana de Tomares. Una obra promovida por la Confederaci\u00f3n Hidrogr\u00e1fica del Guadalquivir y cuyo proyecto ha realizado el arquitecto Antonio Barrionuevo. El jurado ha valorado su acertada integraci\u00f3n paisaj\u00edstica y el cultivo tradicional del olivar en los espacios p\u00fablicos.<\/p>\n<p style=\"text-align: justify;\">\u00a0\u00a0\u00a0\u00a0\u00a0\u00a0\u00a0\u00a0\u00a0\u00a0\u00a0 El premio a la trayectoria profesional se ha concedido al arquitecto urbanista Pablo Arias por su dilatada carrera profesional y acad\u00e9mica, iniciada en Andaluc\u00eda en 1960 cuando se hizo cargo de la redacci\u00f3n del Plan General de Sevilla. Tambi\u00e9n ha sido introductor en Andaluc\u00eda de las nuevas corrientes urban\u00edsticas y de la concepci\u00f3n del planeamiento tal y como se conoce en la actualidad. Igualmente destaca su labor docente en la formaci\u00f3n de arquitectos urbanistas, desarrollada en la Escuela de Arquitectura de Sevilla, de la que ha sido su director en dos ocasiones.<\/p>\n<p style=\"text-align: justify;\">Durante la ceremonia de entrega de los Premios Andaluc\u00eda de Urbanismo el consejero ha resaltado que desde la Junta de Andaluc\u00eda se pretende conceder mayor visibilidad al urbanismo y divulgar el valor p\u00fablico de esta disciplina, de ah\u00ed los reconocimientos que se han establecido cada a\u00f1o a trav\u00e9s de la entrega de estos premios. Al mismo tiempo, ha agradecido a quienes se implican con el urbanismo su contribuci\u00f3n para hacer de Andaluc\u00eda una tierra mejor.<\/p>\n","protected":false},"excerpt":{"rendered":"<p>El consejero de Medio Ambiente y Ordenaci\u00f3n del Territorio preside la entrega de los Premios Andaluc\u00eda de Urbanismo en su&hellip;<\/p>\n","protected":false},"author":2,"featured_media":15154,"comment_status":"open","ping_status":"open","sticky":false,"template":"","format":"standard","meta":{"om_disable_all_campaigns":false,"_mi_skip_tracking":false,"_monsterinsights_sitenote_active":false,"_monsterinsights_sitenote_note":"","_monsterinsights_sitenote_category":0,"footnotes":""},"categories":[22],"tags":[],"aioseo_notices":[],"_links":{"self":[{"href":"https:\/\/granadacostaglobal.es\/index.php?rest_route=\/wp\/v2\/posts\/15153"}],"collection":[{"href":"https:\/\/granadacostaglobal.es\/index.php?rest_route=\/wp\/v2\/posts"}],"about":[{"href":"https:\/\/granadacostaglobal.es\/index.php?rest_route=\/wp\/v2\/types\/post"}],"author":[{"embeddable":true,"href":"https:\/\/granadacostaglobal.es\/index.php?rest_route=\/wp\/v2\/users\/2"}],"replies":[{"embeddable":true,"href":"https:\/\/granadacostaglobal.es\/index.php?rest_route=%2Fwp%2Fv2%2Fcomments&post=15153"}],"version-history":[{"count":0,"href":"https:\/\/granadacostaglobal.es\/index.php?rest_route=\/wp\/v2\/posts\/15153\/revisions"}],"wp:featuredmedia":[{"embeddable":true,"href":"https:\/\/granadacostaglobal.es\/index.php?rest_route=\/"}],"wp:attachment":[{"href":"https:\/\/granadacostaglobal.es\/index.php?rest_route=%2Fwp%2Fv2%2Fmedia&parent=15153"}],"wp:term":[{"taxonomy":"category","embeddable":true,"href":"https:\/\/granadacostaglobal.es\/index.php?rest_route=%2Fwp%2Fv2%2Fcategories&post=15153"},{"taxonomy":"post_tag","embeddable":true,"href":"https:\/\/granadacostaglobal.es\/index.php?rest_route=%2Fwp%2Fv2%2Ftags&post=15153"}],"curies":[{"name":"wp","href":"https:\/\/api.w.org\/{rel}","templated":true}]}}