{"id":1515,"date":"2015-06-02T11:53:21","date_gmt":"2015-06-02T11:53:21","guid":{"rendered":"http:\/\/granadacosta.es\/?p=1515"},"modified":"2015-06-02T11:53:21","modified_gmt":"2015-06-02T11:53:21","slug":"la-junta-ponen-en-marcha-el-operativo-de-extincion-del-plan-infoca-con-23-2-millones-de-euros-y-696-personas","status":"publish","type":"post","link":"https:\/\/granadacostaglobal.es\/?p=1515","title":{"rendered":"La Junta ponen en marcha el operativo de extinci\u00f3n del Plan Infoca con 23, 2 millones de euros y 696 personas"},"content":{"rendered":"<p>La delegada del Gobierno apela a la implicaci\u00f3n ciudadana para alertar al 112 de una posible emergencia de incendio forestal o uso del fuego\u00a0 inadecuado<\/p>\n<p>&nbsp;<\/p>\n<p>La Consejer\u00eda de Medio Ambiente y Ordenaci\u00f3n del Territorio de la Junta de Andaluc\u00eda ha puesto en marcha en la provincia de Granada\u00a0 todo el operativo humano y material que va a intervenir en las labores de extinci\u00f3n\u00a0 del Plan Infoca ( Plan de Emergencias por Incendios Forestales de la Comunidad Aut\u00f3noma).<\/p>\n<p>&nbsp;<\/p>\n<p>La delegada del Gobierno andaluz, Sandra Garc\u00eda, que ha presentado hoy todo el despliegue que va intervenir en el Infoca, junto a la delegada de Agricultura, Pesca y Medio Ambiente, Inmaculada Oria, y el subdelegado del Gobierno, Santiago P\u00e9rez,\u00a0 ha se\u00f1alado que desde el 1 de junio hasta el 15 de octubre, \u00e9poca de m\u00e1ximo riesgo de incendios,\u00a0 van a intervenir\u00a0 696 personas\u00a0 para controlar los incendios que puedan producirse en los montes de la provincia.\u00a0 Adem\u00e1s tambi\u00e9n colaboran las Fuerzas de Seguridad de la Guardia Civil, Polic\u00eda Nacional, Local y Auton\u00f3mica, sanitarios, bomberos, voluntarios de Protecci\u00f3n Civil y personal del 112.<\/p>\n<p><a href=\"http:\/\/granadacosta.es\/wp-content\/uploads\/2015\/06\/Reuni\u00f3n-Infoca_004.jpg\"><img decoding=\"async\" loading=\"lazy\" class=\"aligncenter size-large wp-image-1518\" src=\"http:\/\/granadacosta.es\/wp-content\/uploads\/2015\/06\/Reuni\u00f3n-Infoca_004-1024x684.jpg\" alt=\"Reuni\u00f3n Infoca_004\" width=\"1024\" height=\"684\" \/><\/a><\/p>\n<p>Sandra Garc\u00eda ha se\u00f1alado que este a\u00f1o se dispone de un presupuesto de 23,2 millones de euros, 11,2 millones est\u00e1n destinados a las tareas de extinci\u00f3n y los 12 millones restantes para los trabajos de prevenci\u00f3n que se realiza a lo largo del a\u00f1o en toda la masa forestal de la provincia con la limpieza de montes. \u201c Trabajos- que la delegada destac\u00f3- como tan importantes como los de extinci\u00f3n para el mantenimiento y conservaci\u00f3n de nuestra masa forestal\u201d.<\/p>\n<p>&nbsp;<\/p>\n<p>Al encontrarnos en \u00e9poca de m\u00e1ximo riesgo, ayer 1 de junio entr\u00f3 en vigor\u00a0 y hasta el 15 de octubre, la prohibici\u00f3n de realizar barbacoas, quemas agr\u00edcolas y el paso de veh\u00edculos de motor por espacios forestales y zonas de influencia.<\/p>\n<p>&nbsp;<\/p>\n<p>Para ello, este a\u00f1o se va a disponer como medios terrestres de 180 veh\u00edculos de transporte para la extinci\u00f3n, 18 autobombas, incluidas 3 nodrizas, que sirven para abastecer a los otros durante un incendio y que llevan cargar hasta 11.000 litros de agua.<\/p>\n<p><a href=\"http:\/\/granadacosta.es\/wp-content\/uploads\/2015\/06\/Reuni\u00f3n-Infoca_001.jpg\"><img decoding=\"async\" loading=\"lazy\" class=\"aligncenter size-large wp-image-1516\" src=\"http:\/\/granadacosta.es\/wp-content\/uploads\/2015\/06\/Reuni\u00f3n-Infoca_001-1024x684.jpg\" alt=\"Reuni\u00f3n Infoca_001\" width=\"1024\" height=\"684\" \/><\/a><\/p>\n<p>Los medios a\u00e9reos son 1 avi\u00f3n de coordinaci\u00f3n y observaci\u00f3n con base en el aeropuerto de Granada, 1 avi\u00f3n de carga en tierra en la Resinera de Arenas del Rey y cuatro helic\u00f3pteros que est\u00e1n en Puerto Lobo-Viznaz; en Los tablones de Orgiva; en los Moralillos de Jerez del Marquesado y en la Resinera de Arenas del Rey.<\/p>\n<p>Todo el operativo estar\u00e1 coordinado por el Servicios de Emergencias del 112 y por el Centro de Coordinaci\u00f3n del Infoca<\/p>\n<p>&nbsp;<\/p>\n<p>Tambi\u00e9n se dispone de los Planes Locales de Emergencia por Incendios Forestales que tienen que elaborar los Ayuntamientos que est\u00e1n en zonas calificadas de peligro de incendios y con los voluntarios de protecci\u00f3n civil de pronto auxilio. El pr\u00f3ximo 13 de junio 40 voluntarios de la provincia van a tener un curso formativo en el BRICA de Jerez del Marquesado.<\/p>\n<p><a href=\"http:\/\/granadacosta.es\/wp-content\/uploads\/2015\/06\/Reuni\u00f3n-Infoca_003.jpg\"><img decoding=\"async\" loading=\"lazy\" class=\"aligncenter size-large wp-image-1519\" src=\"http:\/\/granadacosta.es\/wp-content\/uploads\/2015\/06\/Reuni\u00f3n-Infoca_003-1024x684.jpg\" alt=\"Reuni\u00f3n Infoca_003\" width=\"1024\" height=\"684\" \/><\/a><\/p>\n<p>La delegada del Gobierno, en la presentaci\u00f3n, ha hecho un llamamiento a la implicaci\u00f3n ciudadana ya que todav\u00eda en el 96% de los incendios est\u00e1 la mano del hombre ya sea por negligencia o intencionado. La colaboraci\u00f3n ciudadana es de vital importancia para todo este operativo de extinci\u00f3n ya sea con un adecuado uso y responsabilidad o alertando al 112 ante una emergencia. Garc\u00eda ha subrayado que el esfuerzo de vigilancia unido a los medios humanos y t\u00e9cnicos del Plan Infoca permite actuar de forma r\u00e1pida y consigue que m\u00e1s del 80% de los fuegos queden en conato.<\/p>\n<p><strong>\u00a0<\/strong><\/p>\n<p><strong>\u00a0<\/strong><\/p>\n<p><strong>\u00a0Trabajos de prevenci\u00f3n<\/strong><\/p>\n<p><strong>\u00a0<\/strong><\/p>\n<p>Las labores de prevenci\u00f3n para retirar y reducir el material combustible de los montes\u00a0 tienen un presupuesto de 12 millones de euros,\u00a0 se realizan en la \u00e9poca de peligro bajo y medio y han permitido la limpia de los montes hasta mayo de una superficie 1.273 hect\u00e1reas y de limpia de cortafuegos equivalente a 773 hect\u00e1reas para eliminar los riesgos de incendios, seg\u00fan ha explicado Inmaculada Oria.<\/p>\n<p>&nbsp;<\/p>\n<p>Tambi\u00e9n este a\u00f1o participan 40 pastores con sus reba\u00f1os dentro del Proyecto de la Red de \u00c1reas Pasto-Cortafuegos de Andaluc\u00eda para eliminar el combustible vegetal de las zonas de cortafuegos y que alcanzar\u00e1n este a\u00f1o unas\u00a0 1.000 hect\u00e1reas de superficie.<\/p>\n<p>&nbsp;<\/p>\n<p>Igualmente, tambi\u00e9n se mantienen los convenios con empresas de infraestructuras como Red El\u00e9ctrica de Espa\u00f1a, ENDESA y ADIF para realizar trabajos preventivos destinados a mantener y acondicionar correctamente tanto las l\u00edneas el\u00e9ctricas como\u00a0 las l\u00edneas ferroviarias y evitar que surjan incendios forestales por acumulaci\u00f3n vegetal.<\/p>\n<p>&nbsp;<\/p>\n<p>El pasado a\u00f1o, se produjeron\u00a0 173 intervenciones de extinci\u00f3n del dispositivo del Infoca, y 121 fueron forestales. 126 de estos incendios quedaron en conato al haber sido extinguido antes de alcanzar las llamas\u00a0 una superficie de una hect\u00e1rea. En total fueron arrasadas por el fuego el pasado a\u00f1o 484 hect\u00e1reas y uno de los incendios m\u00e1s virulentos fue el acaecido en Cenes de la Vega con 272 hect\u00e1reas calcinadas en el monte propiedad de Confederaci\u00f3n Hidrogr\u00e1fica del Guadalquivir.<\/p>\n<p>&nbsp;<\/p>\n<p>Mientras que este a\u00f1o, hasta el 30 de mayo, el operativo del Infoca ha intervenido en 41 casos, 35 en terreno forestal y 6 en terreno agr\u00edcola. 27 han sido conatos y 8 declarados como incendios. Dos de ellos con diez hect\u00e1reas se declararon en Ot\u00edvar y Caniles.<\/p>\n","protected":false},"excerpt":{"rendered":"<p>La delegada del Gobierno apela a la implicaci\u00f3n ciudadana para alertar al 112 de una posible emergencia de incendio forestal&hellip;<\/p>\n","protected":false},"author":2,"featured_media":1517,"comment_status":"open","ping_status":"open","sticky":false,"template":"","format":"standard","meta":{"om_disable_all_campaigns":false,"_mi_skip_tracking":false,"_monsterinsights_sitenote_active":false,"_monsterinsights_sitenote_note":"","_monsterinsights_sitenote_category":0,"footnotes":""},"categories":[21,22],"tags":[],"aioseo_notices":[],"_links":{"self":[{"href":"https:\/\/granadacostaglobal.es\/index.php?rest_route=\/wp\/v2\/posts\/1515"}],"collection":[{"href":"https:\/\/granadacostaglobal.es\/index.php?rest_route=\/wp\/v2\/posts"}],"about":[{"href":"https:\/\/granadacostaglobal.es\/index.php?rest_route=\/wp\/v2\/types\/post"}],"author":[{"embeddable":true,"href":"https:\/\/granadacostaglobal.es\/index.php?rest_route=\/wp\/v2\/users\/2"}],"replies":[{"embeddable":true,"href":"https:\/\/granadacostaglobal.es\/index.php?rest_route=%2Fwp%2Fv2%2Fcomments&post=1515"}],"version-history":[{"count":0,"href":"https:\/\/granadacostaglobal.es\/index.php?rest_route=\/wp\/v2\/posts\/1515\/revisions"}],"wp:featuredmedia":[{"embeddable":true,"href":"https:\/\/granadacostaglobal.es\/index.php?rest_route=\/"}],"wp:attachment":[{"href":"https:\/\/granadacostaglobal.es\/index.php?rest_route=%2Fwp%2Fv2%2Fmedia&parent=1515"}],"wp:term":[{"taxonomy":"category","embeddable":true,"href":"https:\/\/granadacostaglobal.es\/index.php?rest_route=%2Fwp%2Fv2%2Fcategories&post=1515"},{"taxonomy":"post_tag","embeddable":true,"href":"https:\/\/granadacostaglobal.es\/index.php?rest_route=%2Fwp%2Fv2%2Ftags&post=1515"}],"curies":[{"name":"wp","href":"https:\/\/api.w.org\/{rel}","templated":true}]}}