{"id":15143,"date":"2017-11-08T07:38:20","date_gmt":"2017-11-08T07:38:20","guid":{"rendered":"http:\/\/granadacostanacional.es\/?p=15143"},"modified":"2017-11-08T07:38:20","modified_gmt":"2017-11-08T07:38:20","slug":"cuando-la-palabra-es-poder","status":"publish","type":"post","link":"https:\/\/granadacostaglobal.es\/?p=15143","title":{"rendered":"CUANDO LA PALABRA ES PODER"},"content":{"rendered":"<p style=\"text-align: justify;\">Actualmente, el hombre est\u00e1 informado por los distintos medios de comunicaci\u00f3n de lo que sucede en el mundo, y dichos aconteceres, en un elevado n\u00famero, no son nada halag\u00fce\u00f1os, nada positivos. Casi todo est\u00e1 mal, y, ante las situaciones que originan este caos, la inmensa mayor\u00eda de los ciudadanos, en los albores de siglo XXI, permanece indiferente. Cree imposible remediar cualquier posicionamiento err\u00f3neo, cualquier atropello, cualquier signo de inutilidad, cuando es el pueblo, y ella es parte del mismo, el \u00fanico que puede secar esas fuentes que echan por sus ca\u00f1os podredumbres y falacias, hipocres\u00eda e imposiciones&#8230;<\/p>\n<p style=\"text-align: justify;\">El hombre de hoy, el de siempre, lucha para sobrevivir, nunca para entregarse. De humano es acobardarse ante ciertas situaciones; de ceder ante lo previsto o imprevisto; de descansar tras la derrota; de aprender del fracaso; de continuar viaje al encuentro de lo que se quiere&#8230; Pero lo que nunca debe hacer una persona es desistir por muchos obst\u00e1culos y reveses y aflicciones que le surjan, o al reflexionar, simplemente, sobre la impotencia que siente al saber que el mundo y la sociedad son entes m\u00e1s poderosos que ella. Si el hombre no aprendi\u00f3 en su tiempo a reconstruir&#8230;, \u00bfde qu\u00e9 le sirve, pues, destruir? Se asolan pa\u00edses. Se destrozan cuerpos y vidas. Se acrecientan las distancias entre los pueblos. Se quema hasta lo incombustible. Pero&#8230;, \u00bfy las ideas? \u00bfQui\u00e9n es capaz de destruir las ideas y dem\u00e1s emanaciones del pensamiento? Es natural que el hombre dude, incluso de s\u00ed mismo, que pase por momentos de indecisiones, que no sepa el porqu\u00e9 penetran en su orbe \u00edntimo las tribulaciones, pero lo que es antinatural es que olvide la tarea que ha de realizar en la vida, sus responsabilidades, sus conexiones -desde el respeto, las libertades, la comprensi\u00f3n- con otros individuos y con las labores que \u00e9stos desempe\u00f1an. De ello depende el destino de cada cual y, por ende, de los pueblos, de la humanidad. Si en vez de soportar cada uno su destino lo cultivara, todo hombre le dar\u00e1 sentido a su vida y se encontrar\u00e1 con la raz\u00f3n de vivir. Ello lo llevar\u00e1 a no sumergirse en la tragedia de la vida, donde todo se repite, y el d\u00eda anterior es exactamente igual al siguiente. Un modus vivendi este que le impide sentirse vivo y con capacidad de reaccionar ante cualquier desaf\u00edo que se le presente.<\/p>\n<p style=\"text-align: justify;\">La palabra que no es humo o niebla, sino lluvia mansa y fruct\u00edfera es a veces tierna, afable y bella, y a veces robliza y brava, afilada como una espada, pero sea como sea siempre es pura y sincera y valiosa porque fue concebida por la bondad del hombre. Esa palabra, que al caer se filtra en los corazones, empap\u00e1ndolos de luz, aliento y libertad, es poder. Esas palabras son capaces de transformar al mundo y al hombre de hoy y de ma\u00f1ana. Tengamos siempre presente que es mejor llenar los a\u00f1os de vida que la vida, de a\u00f1os.<\/p>\n<p style=\"text-align: right;\"><em><strong>Carlos Ben\u00edtez Villodres<\/strong><\/em><\/p>\n","protected":false},"excerpt":{"rendered":"<p>Actualmente, el hombre est\u00e1 informado por los distintos medios de comunicaci\u00f3n de lo que sucede en el mundo, y dichos&hellip;<\/p>\n","protected":false},"author":2,"featured_media":1115,"comment_status":"open","ping_status":"open","sticky":false,"template":"","format":"standard","meta":{"om_disable_all_campaigns":false,"_mi_skip_tracking":false,"_monsterinsights_sitenote_active":false,"_monsterinsights_sitenote_note":"","_monsterinsights_sitenote_category":0,"footnotes":""},"categories":[21],"tags":[],"aioseo_notices":[],"_links":{"self":[{"href":"https:\/\/granadacostaglobal.es\/index.php?rest_route=\/wp\/v2\/posts\/15143"}],"collection":[{"href":"https:\/\/granadacostaglobal.es\/index.php?rest_route=\/wp\/v2\/posts"}],"about":[{"href":"https:\/\/granadacostaglobal.es\/index.php?rest_route=\/wp\/v2\/types\/post"}],"author":[{"embeddable":true,"href":"https:\/\/granadacostaglobal.es\/index.php?rest_route=\/wp\/v2\/users\/2"}],"replies":[{"embeddable":true,"href":"https:\/\/granadacostaglobal.es\/index.php?rest_route=%2Fwp%2Fv2%2Fcomments&post=15143"}],"version-history":[{"count":0,"href":"https:\/\/granadacostaglobal.es\/index.php?rest_route=\/wp\/v2\/posts\/15143\/revisions"}],"wp:featuredmedia":[{"embeddable":true,"href":"https:\/\/granadacostaglobal.es\/index.php?rest_route=\/"}],"wp:attachment":[{"href":"https:\/\/granadacostaglobal.es\/index.php?rest_route=%2Fwp%2Fv2%2Fmedia&parent=15143"}],"wp:term":[{"taxonomy":"category","embeddable":true,"href":"https:\/\/granadacostaglobal.es\/index.php?rest_route=%2Fwp%2Fv2%2Fcategories&post=15143"},{"taxonomy":"post_tag","embeddable":true,"href":"https:\/\/granadacostaglobal.es\/index.php?rest_route=%2Fwp%2Fv2%2Ftags&post=15143"}],"curies":[{"name":"wp","href":"https:\/\/api.w.org\/{rel}","templated":true}]}}