{"id":15114,"date":"2017-11-03T11:28:06","date_gmt":"2017-11-03T11:28:06","guid":{"rendered":"http:\/\/granadacostanacional.es\/?p=15114"},"modified":"2017-11-03T11:28:06","modified_gmt":"2017-11-03T11:28:06","slug":"aprobados-los-proximos-4-proyectos-de-mejora-y-renovacion-de-redes-que-acometera-mancomunidad-en-los-municipios-de-salobrena-jete-albunol-y-gualchos-castell-de-ferro-con-un-presupuesto-que-supera","status":"publish","type":"post","link":"https:\/\/granadacostaglobal.es\/?p=15114","title":{"rendered":"Aprobados los pr\u00f3ximos 4 proyectos de mejora y renovaci\u00f3n de redes que acometer\u00e1 Mancomunidad en los municipios de Salobre\u00f1a, Jete, Albu\u00f1ol y Gualchos &#8211; Castell de Ferro con un presupuesto que supera el mill\u00f3n y medio de euros."},"content":{"rendered":"<p style=\"text-align: justify;\"><em>La Mancomunidad de Municipios ha celebrado en la ma\u00f1ana de hoy viernes su Junta General Ordinaria con 11 puntos en el orden del d\u00eda, entre los que destac\u00f3 la aprobaci\u00f3n de las actuaciones financiadas con el canon de mejora y canon concesional.<\/em><\/p>\n<p style=\"text-align: justify;\">\u201cCon estas actuaciones lo que pretendemos es dar respuesta a demandas hist\u00f3ricas de los vecinos de estos municipios que son de justicia atender. Como ya hemos se\u00f1alado en otras ocasiones, nuestro objetivo es que la totalidad, o la mayor parte posible, de la comarca cuente con una red hidr\u00e1ulica en \u00f3ptimas condiciones\u201d. De esta manera comenzaba su argumentaci\u00f3n el Presidente de la Mancomunidad de Municipios, Sergio Garc\u00eda Alabarce.<\/p>\n<p style=\"text-align: justify;\"><a href=\"http:\/\/granadacostanacional.es\/wp-content\/uploads\/2017\/11\/IMG_9168.jpg\"><img decoding=\"async\" loading=\"lazy\" class=\"aligncenter size-large wp-image-15116\" src=\"http:\/\/granadacostanacional.es\/wp-content\/uploads\/2017\/11\/IMG_9168-1024x768.jpg\" alt=\"IMG_9168\" width=\"1024\" height=\"768\" \/><\/a><\/p>\n<p style=\"text-align: justify;\">\u201cEn Salobre\u00f1a se llevar\u00e1 a cabo la renovaci\u00f3n de las redes de saneamiento, abastecimiento y pluviales en las calles ladera de la Cruz, Juan XXIII y Rosario. Se trata de una obra que est\u00e1 prevista que dure seis meses y que tiene un presupuesto de m\u00e1s de 800.000 euros\u201d explicaba Garc\u00eda Alabarce quien a\u00f1ad\u00eda que \u201cpara el caso de Jete se plantea una actuaci\u00f3n de mejora del saneamiento a la altura de la Plaza de la Constituci\u00f3n con un presupuesto de m\u00e1s de 40.000 euros y un plazo de ejecuci\u00f3n de un mes\u201d.<\/p>\n<p style=\"text-align: justify;\">Seg\u00fan indicaba adem\u00e1s el Presidente de la instituci\u00f3n comarcal, en Gualchos-Castell de Ferro, la actuaci\u00f3n consistir\u00e1 en una renovaci\u00f3n de las redes de abastecimiento y saneamiento de las calles Granada, Iglesia, Reyes Cat\u00f3licos y Pescadores. La duraci\u00f3n de las obras est\u00e1 prevista para seis meses y estas cuentan con un presupuesto de algo m\u00e1s de 90.000 euros.<\/p>\n<p style=\"text-align: justify;\">\u201cPara el municipio de Albu\u00f1ol lo que est\u00e1 previsto es llevar a cabo la reforma y acondicionamiento integral de la Avenida Andaluc\u00eda. Con esta actuaci\u00f3n daremos respuesta a los problemas que existen con la evacuaci\u00f3n de pluviales y se cambiara el aspecto de dicha avenida por completo con el objetivo de potenciar su actividad comercial y de ocio y disponer de mayor espacio para pasear. Se trata de una obra que cuenta con casi 620.000 euros de presupuesto y cuya duraci\u00f3n esta prevista para seis meses\u201d, se\u00f1alaba Garc\u00eda Alabarce.<\/p>\n<p style=\"text-align: justify;\">Ya para concluir, el Presidente del ente mancomunado quiso pedir disculpas a los vecinos por las molestias que puedan causar las obras. \u201cSabemos que cualquier obra genera molestias. Se est\u00e1 trabajando para mejorar el bienestar de los vecinos y vecinas y seguros estamos de que cuando finalicen las obras, todos y todas nos alegraremos por el resultado puesto que los problemas que ven\u00edan d\u00e1ndose desde hace much\u00edsimos a\u00f1os, habr\u00e1n sido solucionados&#8221;.<\/p>\n","protected":false},"excerpt":{"rendered":"<p>La Mancomunidad de Municipios ha celebrado en la ma\u00f1ana de hoy viernes su Junta General Ordinaria con 11 puntos en&hellip;<\/p>\n","protected":false},"author":2,"featured_media":15115,"comment_status":"open","ping_status":"open","sticky":false,"template":"","format":"standard","meta":{"om_disable_all_campaigns":false,"_mi_skip_tracking":false,"_monsterinsights_sitenote_active":false,"_monsterinsights_sitenote_note":"","_monsterinsights_sitenote_category":0,"footnotes":""},"categories":[22],"tags":[],"aioseo_notices":[],"_links":{"self":[{"href":"https:\/\/granadacostaglobal.es\/index.php?rest_route=\/wp\/v2\/posts\/15114"}],"collection":[{"href":"https:\/\/granadacostaglobal.es\/index.php?rest_route=\/wp\/v2\/posts"}],"about":[{"href":"https:\/\/granadacostaglobal.es\/index.php?rest_route=\/wp\/v2\/types\/post"}],"author":[{"embeddable":true,"href":"https:\/\/granadacostaglobal.es\/index.php?rest_route=\/wp\/v2\/users\/2"}],"replies":[{"embeddable":true,"href":"https:\/\/granadacostaglobal.es\/index.php?rest_route=%2Fwp%2Fv2%2Fcomments&post=15114"}],"version-history":[{"count":0,"href":"https:\/\/granadacostaglobal.es\/index.php?rest_route=\/wp\/v2\/posts\/15114\/revisions"}],"wp:featuredmedia":[{"embeddable":true,"href":"https:\/\/granadacostaglobal.es\/index.php?rest_route=\/"}],"wp:attachment":[{"href":"https:\/\/granadacostaglobal.es\/index.php?rest_route=%2Fwp%2Fv2%2Fmedia&parent=15114"}],"wp:term":[{"taxonomy":"category","embeddable":true,"href":"https:\/\/granadacostaglobal.es\/index.php?rest_route=%2Fwp%2Fv2%2Fcategories&post=15114"},{"taxonomy":"post_tag","embeddable":true,"href":"https:\/\/granadacostaglobal.es\/index.php?rest_route=%2Fwp%2Fv2%2Ftags&post=15114"}],"curies":[{"name":"wp","href":"https:\/\/api.w.org\/{rel}","templated":true}]}}