{"id":15032,"date":"2017-10-30T10:40:14","date_gmt":"2017-10-30T10:40:14","guid":{"rendered":"http:\/\/granadacostanacional.es\/?p=15032"},"modified":"2017-10-30T10:40:14","modified_gmt":"2017-10-30T10:40:14","slug":"la-junta-organiza-un-curso-de-formacion-para-monitores-ambientales-sobre-atencion-a-personas-con-discapacidad-visual","status":"publish","type":"post","link":"https:\/\/granadacostaglobal.es\/?p=15032","title":{"rendered":"La Junta organiza un curso de formaci\u00f3n para monitores ambientales sobre atenci\u00f3n a personas con discapacidad visual"},"content":{"rendered":"<p style=\"text-align: justify;\"><strong>El seminario, en el que colabora la ONCE y la SEO, se celebra en el aula de la naturaleza del Espacio Natural de Sierra Nevada &#8216;El Aguadero&#8217;<\/strong><\/p>\n<p style=\"text-align: justify;\">La Consejer\u00eda de Medio Ambiente y Ordenaci\u00f3n del Territorio ha organizado, en colaboraci\u00f3n con la Organizaci\u00f3n Nacional de Ciegos Espa\u00f1oles (ONCE) y la Sociedad Espa\u00f1ola de Ornitolog\u00eda (SEO), un curso de formaci\u00f3n sobre accesibilidad visual en los espacios protegidos, dirigido a los monitores de las empresas colaboradoras que dinamizan los equipamientos de recepci\u00f3n de la red de espacios naturales de Andaluc\u00eda y que dise\u00f1an y realizan las actividades ofertadas para todos los p\u00fablicos en dichos centros.<\/p>\n<p style=\"text-align: justify;\">El seminario, que se celebra hoy en el aula de la naturaleza &#8216;El Aguadero&#8217; del Espacio Natural de Sierra Nevada, se enmarca en el protocolo de colaboraci\u00f3n suscrito entre la Junta de Andaluc\u00eda, a trav\u00e9s de las consejer\u00edas de Medio Ambiente y Ordenaci\u00f3n del Territorio y de Igualdad y Pol\u00edticas Sociales, y el Comit\u00e9 de Entidades Representantes de Personas con Discapacidad de Andaluc\u00eda.<\/p>\n<p style=\"text-align: justify;\">El curso incluye una peque\u00f1a introducci\u00f3n sobre las competencias y principales actuaciones de la ONCE, una segunda parte donde se expone la forma correcta de atender a las personas con discapacidad visual y una tercera dedicada a los paisajes sonoros de la naturaleza como forma de conectar con el entorno, a trav\u00e9s de los sonidos presentes en cada ecosistema.<\/p>\n<p style=\"text-align: justify;\">Esta iniciativa, que el pasado 16 de octubre se celebr\u00f3 tambi\u00e9n en el centro de visitantes Guadiamar (Aznalc\u00e1zar, Sevilla), forma parte de la formaci\u00f3n continua que desarrolla la Junta para mejorar la calidad de los servicios que presta a la sociedad desde los equipamientos de uso p\u00fablico, capacitando a los monitores sobre una adecuada atenci\u00f3n al visitante, particularmente a aquellos con necesidades especiales. De esta manera, se da cumplimiento a lo establecido en la reci\u00e9n aprobada Ley 4\/2017, de 25 de septiembre, de los Derechos y la Atenci\u00f3n a las personas con Discapacidad en Andaluc\u00eda, acerca de la obligaci\u00f3n de las Administraciones P\u00fablicas de velar por el derecho de las personas con discapacidad a disfrutar, en condiciones de igualdad y no discriminatorias, de bienes y servicios accesibles que se pongan a disposici\u00f3n del p\u00fablico en la vida cultural, en el turismo, en la actividad f\u00edsica y el deporte y en las actividades recreativas o de mero esparcimiento, teniendo en consideraci\u00f3n las caracter\u00edsticas de cada discapacidad f\u00edsica, mental, intelectual o sensorial, incidiendo especialmente en el principio de accesibilidad universal y fomentando la capacitaci\u00f3n y el desarrollo personal y social de las personas con discapacidad.<\/p>\n<p style=\"text-align: justify;\">En este sentido, la consejer\u00eda anualmente pone en marcha el programa de car\u00e1cter gratuito Naturaleza para Todos, especialmente concebido para los colectivos con mayores dificultades de acceso, uso y disfrute de los espacios protegidos.<\/p>\n","protected":false},"excerpt":{"rendered":"<p>El seminario, en el que colabora la ONCE y la SEO, se celebra en el aula de la naturaleza del&hellip;<\/p>\n","protected":false},"author":2,"featured_media":15033,"comment_status":"open","ping_status":"open","sticky":false,"template":"","format":"standard","meta":{"om_disable_all_campaigns":false,"_mi_skip_tracking":false,"_monsterinsights_sitenote_active":false,"_monsterinsights_sitenote_note":"","_monsterinsights_sitenote_category":0,"footnotes":""},"categories":[22],"tags":[],"aioseo_notices":[],"_links":{"self":[{"href":"https:\/\/granadacostaglobal.es\/index.php?rest_route=\/wp\/v2\/posts\/15032"}],"collection":[{"href":"https:\/\/granadacostaglobal.es\/index.php?rest_route=\/wp\/v2\/posts"}],"about":[{"href":"https:\/\/granadacostaglobal.es\/index.php?rest_route=\/wp\/v2\/types\/post"}],"author":[{"embeddable":true,"href":"https:\/\/granadacostaglobal.es\/index.php?rest_route=\/wp\/v2\/users\/2"}],"replies":[{"embeddable":true,"href":"https:\/\/granadacostaglobal.es\/index.php?rest_route=%2Fwp%2Fv2%2Fcomments&post=15032"}],"version-history":[{"count":0,"href":"https:\/\/granadacostaglobal.es\/index.php?rest_route=\/wp\/v2\/posts\/15032\/revisions"}],"wp:featuredmedia":[{"embeddable":true,"href":"https:\/\/granadacostaglobal.es\/index.php?rest_route=\/"}],"wp:attachment":[{"href":"https:\/\/granadacostaglobal.es\/index.php?rest_route=%2Fwp%2Fv2%2Fmedia&parent=15032"}],"wp:term":[{"taxonomy":"category","embeddable":true,"href":"https:\/\/granadacostaglobal.es\/index.php?rest_route=%2Fwp%2Fv2%2Fcategories&post=15032"},{"taxonomy":"post_tag","embeddable":true,"href":"https:\/\/granadacostaglobal.es\/index.php?rest_route=%2Fwp%2Fv2%2Ftags&post=15032"}],"curies":[{"name":"wp","href":"https:\/\/api.w.org\/{rel}","templated":true}]}}