{"id":15007,"date":"2017-10-30T13:17:15","date_gmt":"2017-10-30T13:17:15","guid":{"rendered":"http:\/\/granadacostanacional.es\/?p=15007"},"modified":"2017-10-30T13:17:15","modified_gmt":"2017-10-30T13:17:15","slug":"no-al-acoso-escolar-2","status":"publish","type":"post","link":"https:\/\/granadacostaglobal.es\/?p=15007","title":{"rendered":"No al Acoso escolar 2"},"content":{"rendered":"<p style=\"text-align: justify;\">\u00a0<strong>No al Acoso escolar. Por To\u00f1y Castillo<\/strong><\/p>\n<p style=\"text-align: justify;\"><a href=\"http:\/\/granadacostanacional.es\/wp-content\/uploads\/2017\/10\/ni\u00f1os3.jpg\"><img decoding=\"async\" loading=\"lazy\" class=\"size-full wp-image-15010 alignleft\" src=\"http:\/\/granadacostanacional.es\/wp-content\/uploads\/2017\/10\/ni\u00f1os3.jpg\" alt=\"ni\u00f1os3\" width=\"284\" height=\"178\" \/><\/a><\/p>\n<p style=\"text-align: justify;\">Quiz\u00e1s a priori, ser\u00eda necesario enmarcar que se entiende por acoso escolar (Bullying) al hablar de este t\u00e9rmino, haremos referencia a un tipo de violencia, intimidaci\u00f3n o maltrato que recibe un ni\u00f1o por parte de un compa\u00f1ero o compa\u00f1eros de manera reiterativa y mantenidas en el tiempo, las cuales se dan en situaci\u00f3n de ausencia de adultos, producidas bajo la intencionalidad de humillar, someter, asustar o maltratar a un compa\u00f1ero mediante agresiones verbales, f\u00edsicas, psicol\u00f3gicas, atentando contra su intimidad, su persona y su dignidad. Distinguiendo el acoso de otro tipo de conductas que puedan causar problemas en la convivencia escolar y da\u00f1os emocionales.<\/p>\n<p style=\"text-align: justify;\"><strong>\u00a01\u00aa Carta que nos dejan ni\u00f1os y j\u00f3venes.\u00a0<\/strong><\/p>\n<p style=\"text-align: justify;\"><strong><a href=\"http:\/\/granadacostanacional.es\/wp-content\/uploads\/2017\/10\/grupo-1-1.jpg\"><img decoding=\"async\" loading=\"lazy\" class=\"size-medium wp-image-15008 alignleft\" src=\"http:\/\/granadacostanacional.es\/wp-content\/uploads\/2017\/10\/grupo-1-1-300x252.jpg\" alt=\"grupo 1\" width=\"300\" height=\"252\" \/><\/a><\/strong><\/p>\n<p style=\"text-align: justify;\"><strong>Testimonio real 16 a\u00f1os <em>(Texto donde se ha respetado la libertad de explicar el dolor sin censuras)<\/em><\/strong><\/p>\n<p style=\"text-align: justify;\"><em>\u2026Yo cuando estaba \u00a0en mi colegio con mis compa\u00f1eros me sent\u00eda a gusto con ellos, pero un d\u00eda, no s\u00e9 porque, todos empezaron a molestarme, a pegarme hasta tiraron piedras a mi coche.<\/em><\/p>\n<p style=\"text-align: justify;\"><em>Yo creo que todo empez\u00f3 por culpa de un compa\u00f1ero, pesado, que siempre estaba jugando a ver qui\u00e9n llegaba el 1\u00ba a la puerta\u2026y \u00e9l siempre me ganaba\u2026<\/em><\/p>\n<p style=\"text-align: justify;\"><em>En las clases, aparentemente, no pasaba nada fuera de lo normal, excepto en algunas de ellas, en las cuales parec\u00eda que el liante era yo\u2026 Pero lo peor pasaba en el patio y en la hora de salir del colegio.<\/em><\/p>\n<p style=\"text-align: justify;\"><em>Yo en el patio jugaba con las 2 chicas que me gustaban (que hasta ahora no admitiera que me gustaba una m\u00e1s que la otra). Y mis malos compa\u00f1eros estaban jugando al f\u00fatbol con otros de diferentes clases. Est\u00e1bamos apartados. Yo no ten\u00eda fuerza \u00a1y para colmo! estaba al lado de las chicas, cosa que me daba un poco de rabia no poderles pegar porque creo que no es la soluci\u00f3n, y por otra parte tambi\u00e9n estaba seguro con ellas porque me proteg\u00edan de los ABUSONES que eran nuestros compa\u00f1eros. \u00a1Pero era lo que era&#8230;! Lo que m\u00e1s me gustaba era cuando ellos se iban de excursi\u00f3n y yo no. Por quedarme solo con los grandes y jugar con ellos a f\u00fatbol cosa que me gustaba, pero cuando no estaban los de mi clase no pod\u00eda estar con las chicas para jugar. \u00a1Pero era lo que hab\u00eda!<\/em><\/p>\n<p style=\"text-align: justify;\"><em>A m\u00ed lo que me fastidiaba de mis EX \u2013 compa\u00f1eros era que me hac\u00edan de todo&#8230; yo era como su marioneta. Pero al final se acab\u00f3 y yo ya no pude m\u00e1s y se lo dije a mi madre o ella se enter\u00f3 por los morados que llevaba&#8230; As\u00ed pues, mi madre fue al colegio habl\u00f3 con la directora y con mi tutora y le dijeron: \u201cQue solo son roces de compa\u00f1ero a compa\u00f1ero\u201d.<\/em><\/p>\n<p style=\"text-align: justify;\"><em>Pas\u00f3 un tiempo y segu\u00ed igual con las 2 chicas que me gustaban en ese momento y aguantando contra los \u201cCAPULLOS\u201d de mis compa\u00f1eros que eran los peores.<\/em><\/p>\n<p style=\"text-align: justify;\"><em>Pas\u00f3 un tiempo y al final mi madre fue a hablar con la jefa de estudios para cambiarme de colegio y al final de 5\u00ba de primaria irme a otro colegio para volver a repetir 5\u00ba.<\/em><\/p>\n<p style=\"text-align: justify;\"><em>Lo he ido superando POCO a POCO&#8230; pero entre llorando y gritando enfurecido, entre el hielo en las heridas&#8230; Pase el \u201ctrauma\u201d.<\/em><\/p>\n<p style=\"text-align: justify;\"><em>Lo que espero de mi vida es que acabe bien, NO tan mal como empez\u00f3\u2026 no lo deseo para m\u00ed ni para otros.<\/em><\/p>\n<p style=\"text-align: justify;\"><em>Ahora me siento con fuerzas para seguir con mi vida actual y adelante.<\/em><\/p>\n<p style=\"text-align: justify;\"><em>Mi consejo para tratar a esos \u201cCAPULLOS\u201d que empiezan a molestar a los otros, es que S\u00cd lo digan, que no lo oculten, que hablen directamente con sus padres y profesores en cuando suceda, que no esperen a que pase 1 a\u00f1o o meses&#8230; <\/em><\/p>\n<p style=\"text-align: justify;\"><em>\u00a0<\/em><\/p>\n<p style=\"text-align: justify;\">Actualmente cuando recuerda su \u00e9poca de ni\u00f1o, a\u00fan le inunda el dolor, el texto refleja que despu\u00e9s de muchos a\u00f1os a\u00fan le sigue doliendo\u2026En esa experiencia de vida se opt\u00f3 por un cambio de colegio, fuera de su poblaci\u00f3n natal, a pesar de un buen comportamiento, le costaba relacionarse con sus compa\u00f1eros y sus notas estaban siendo insuficientes.<\/p>\n<p style=\"text-align: justify;\">\u00a0La ayuda psicoterap\u00e9utica y refuerzo de la autoestima le est\u00e1 ayudando a superar d\u00e9ficits escolares anteriores, llevando sus estudios actuales con buenas calificaciones. Aunque a\u00fan le faltan habilidades sociales, el joven avanza siendo ya capaz de explicar la incomprensi\u00f3n.<\/p>\n<p style=\"text-align: justify;\">\u00a0Eso s\u00ed, el colegio de destino se encuentra a 30 km de su pueblo natal y el joven sigue recordando a sus compa\u00f1eras de clase que le defend\u00edan cuando era m\u00e1s peque\u00f1o.<\/p>\n<p style=\"text-align: justify;\"><strong>\u00a0Segunda Carta<\/strong><\/p>\n<p style=\"text-align: justify;\"><strong>Testimonio real 13 a\u00f1os<\/strong><\/p>\n<p style=\"text-align: justify;\"><a href=\"http:\/\/granadacostanacional.es\/wp-content\/uploads\/2017\/10\/grupo2-1.jpg\"><img decoding=\"async\" loading=\"lazy\" class=\"size-full wp-image-15009 alignleft\" src=\"http:\/\/granadacostanacional.es\/wp-content\/uploads\/2017\/10\/grupo2-1.jpg\" alt=\"grupo2\" width=\"275\" height=\"183\" \/><\/a><\/p>\n<p style=\"text-align: justify;\"><em>\u2026No s\u00e9 porque un d\u00eda\u00a0 me escondieron mi agenda y no la encontraba y me puse a llorar, y a partir de ese d\u00eda me molestaban, me tocaban la cabeza al pasar y se re\u00edan de m\u00ed,\u00a0 pero como\u00a0 ten\u00edamos un grupo de clase de WhatsApp, una ni\u00f1a hizo una pregunta sobre los deberes y yo contest\u00e9 que no lo sab\u00eda y entonces todos empezaron a insultarme, me llamaban deforme, que no ten\u00eda derecho a la vida, todos contra m\u00ed, y no callaban. En clase se re\u00edan y por el tel\u00e9fono me insultaban much\u00edsimo, diciendo cosas que me hac\u00edan mucho da\u00f1o. Fueron muchos d\u00edas, desde que empez\u00f3 el curso, en los que se met\u00edan conmigo hasta que hicieron que llorara mucho y no deseara ir al cole. Una tarde me puse muy mal gritando, llorando en mi casa y le dec\u00eda a mi madre que no lo pod\u00eda aguantar. \u00a0<\/em><\/p>\n<p style=\"text-align: justify;\"><em>Y lo peor es que los mensajes al tel\u00e9fono los recib\u00eda mi madre porque era ella quien llevaba el m\u00f3vil siempre\u2026 <\/em><\/p>\n<p style=\"text-align: justify;\"><em>\u00a0<\/em><\/p>\n<p style=\"text-align: justify;\">La madre de la ni\u00f1a fue al colegio, y habl\u00f3 reiterativas veces con la tutora, ya que consideraba que no era un tema de ni\u00f1os, sino un tema a actuar, donde el equipo directivo tom\u00f3 medidas, as\u00ed como los miembros del equipo que realiza la orientaci\u00f3n psicopedagog\u00eda en el centro.<\/p>\n<p style=\"text-align: justify;\">La inspecci\u00f3n t\u00e9cnica educativa estaba informada sobre el tema. Desde la tutor\u00eda y equipo de direcci\u00f3n actuaron informando tanto a los padres y ni\u00f1os agresores de la importancia y consecuencias de este tipo de comportamiento y el sentimiento de tristeza, desolaci\u00f3n e incomprensi\u00f3n de la ni\u00f1a agredida.<\/p>\n<p style=\"text-align: justify;\">Actualmente los meses del incesante ataque y maltrato a la menor por parte de sus compa\u00f1eros est\u00e1 resuelto gracias a la coordinaci\u00f3n de padres y comunidad educativa.<\/p>\n<p style=\"text-align: justify;\">Por tal motivo se considera importante trabajar en nuestras aulas: \u201cla educaci\u00f3n como eje de interrelaciones que favorezcan la no violencia y si la cohesi\u00f3n social.\u201d<\/p>\n<h1 style=\"text-align: justify;\"><\/h1>\n<h1><\/h1>\n<p>&nbsp;<\/p>\n","protected":false},"excerpt":{"rendered":"<p>\u00a0No al Acoso escolar. Por To\u00f1y Castillo Quiz\u00e1s a priori, ser\u00eda necesario enmarcar que se entiende por acoso escolar (Bullying)&hellip;<\/p>\n","protected":false},"author":4,"featured_media":15011,"comment_status":"open","ping_status":"open","sticky":false,"template":"","format":"standard","meta":{"om_disable_all_campaigns":false,"_mi_skip_tracking":false,"_monsterinsights_sitenote_active":false,"_monsterinsights_sitenote_note":"","_monsterinsights_sitenote_category":0,"footnotes":""},"categories":[25,22,19],"tags":[],"aioseo_notices":[],"_links":{"self":[{"href":"https:\/\/granadacostaglobal.es\/index.php?rest_route=\/wp\/v2\/posts\/15007"}],"collection":[{"href":"https:\/\/granadacostaglobal.es\/index.php?rest_route=\/wp\/v2\/posts"}],"about":[{"href":"https:\/\/granadacostaglobal.es\/index.php?rest_route=\/wp\/v2\/types\/post"}],"author":[{"embeddable":true,"href":"https:\/\/granadacostaglobal.es\/index.php?rest_route=\/wp\/v2\/users\/4"}],"replies":[{"embeddable":true,"href":"https:\/\/granadacostaglobal.es\/index.php?rest_route=%2Fwp%2Fv2%2Fcomments&post=15007"}],"version-history":[{"count":0,"href":"https:\/\/granadacostaglobal.es\/index.php?rest_route=\/wp\/v2\/posts\/15007\/revisions"}],"wp:featuredmedia":[{"embeddable":true,"href":"https:\/\/granadacostaglobal.es\/index.php?rest_route=\/"}],"wp:attachment":[{"href":"https:\/\/granadacostaglobal.es\/index.php?rest_route=%2Fwp%2Fv2%2Fmedia&parent=15007"}],"wp:term":[{"taxonomy":"category","embeddable":true,"href":"https:\/\/granadacostaglobal.es\/index.php?rest_route=%2Fwp%2Fv2%2Fcategories&post=15007"},{"taxonomy":"post_tag","embeddable":true,"href":"https:\/\/granadacostaglobal.es\/index.php?rest_route=%2Fwp%2Fv2%2Ftags&post=15007"}],"curies":[{"name":"wp","href":"https:\/\/api.w.org\/{rel}","templated":true}]}}