{"id":14942,"date":"2017-10-27T06:17:35","date_gmt":"2017-10-27T06:17:35","guid":{"rendered":"http:\/\/granadacostanacional.es\/?p=14942"},"modified":"2017-10-27T06:17:35","modified_gmt":"2017-10-27T06:17:35","slug":"centro-artistico-literario-y-cientifico-de-granada","status":"publish","type":"post","link":"https:\/\/granadacostaglobal.es\/?p=14942","title":{"rendered":"CENTRO ART\u00cdSTICO LITERARIO Y CIENT\u00cdFICO DE GRANADA"},"content":{"rendered":"<h2 style=\"text-align: justify;\"><strong>YA ERA HORA\u2026\u2026.<\/strong><strong>una placeta para \u00a0evitar \u00a0el olvido .<\/strong><\/h2>\n<p style=\"text-align: justify;\">Han pasado muchos a\u00f1os, varias generaciones, desde que a\u00a0 grupo de granadinos se les ocurri\u00f3 conectar con los habitantes de una ciudad como Granada inmersa en la historia con la cultura que nuestros paisanos nos van dejando\u00a0 y que Granada brinda\u00a0 como escudo de su importancia\u00a0 en multitud de facetas, como la Literatura, la M\u00fasica, la Pintura y dem\u00e1s Artes de que tiene derecho\u00a0 a presumir nuestra Granada.<\/p>\n<p style=\"text-align: justify;\">\u00a0\u00a0\u00a0\u00a0\u00a0\u00a0\u00a0\u00a0\u00a0\u00a0\u00a0 Este grupo de granadinos se propuso llevar a t\u00e9rmino su \u201caventura\u201d\u00a0 y se encarg\u00f3 de presentar ante la sociedad granadina su programa cultural\u00a0 para que, todo el bagaje hist\u00f3rico de que dispone\u00a0 su secular vivencia, llegara \u00a0al hombre de la calle, y al ni\u00f1o \u00a0hoy, esta noble faceta, es el\u00a0 orgullo de Centro.<\/p>\n<p style=\"text-align: justify;\"><a href=\"http:\/\/granadacostanacional.es\/wp-content\/uploads\/2017\/10\/placet-0.png\"><img decoding=\"async\" loading=\"lazy\" class=\"wp-image-14944 aligncenter\" src=\"http:\/\/granadacostanacional.es\/wp-content\/uploads\/2017\/10\/placet-0-300x259.png\" alt=\"placet 0\" width=\"386\" height=\"333\" \/><\/a><\/p>\n<p style=\"text-align: justify;\">\u00a0\u00a0\u00a0\u00a0\u00a0\u00a0\u00a0\u00a0\u00a0\u00a0\u00a0 Tras esta noble etapa de fundaci\u00f3n el Centro Art\u00edstico, Literario y Cient\u00edfico viene \u00a0a meterse en las facetas\u00a0 propias de estos centros culturales\u00a0 donde la \u00fanica trayectoria es hacer algo por los dem\u00e1s\u00a0 y como consecuencia \u00a0el arrastre de la Tesorer\u00eda y desgraciadamente la falta de colaboraci\u00f3n de los entes\u00a0 oficiales y de las empresas. Son etapas que durante\u00a0 su existencia, no han dejado de atender \u00a0con m\u00e1s o menos frecuencia el fin cultural. Ello lo demuestra la larga lista de personalidades\u00a0 que en sus distintas \u00a0etapas\u00a0 han venido a enriquecer la historia del Centro<\/p>\n<p style=\"text-align: justify;\">\u00a0\u00a0\u00a0\u00a0\u00a0\u00a0\u00a0\u00a0\u00a0\u00a0\u00a0 Esta placeta\u00a0 en el centro de la ciudad representa\u00a0 lo que ha sido es y ser\u00e1\u00a0 la deuda\u00a0 que Granada tiene contra\u00edda\u00a0 con la cultura y la ciencias al servicio de sus habitantes.<\/p>\n<p style=\"text-align: justify;\">\u00a0\u00a0\u00a0\u00a0\u00a0\u00a0\u00a0\u00a0\u00a0\u00a0\u00a0 Toda obra tiene un autor\u00a0 y el Centro cuenta con la ilustre escritora <strong>Celia Correa G\u00f3ngora<\/strong> que, asistida por un grupo de entusiastas\u00a0 amantes de la cultura , viene desarrollando\u00a0 la puesta en marcha de la actualizaci\u00f3n efectiva de lo que ordenan desde hace muchos a\u00f1os\u00a0 sus estatutos.<\/p>\n<figure id=\"attachment_14945\" aria-describedby=\"caption-attachment-14945\" style=\"width: 317px\" class=\"wp-caption alignnone\"><a href=\"http:\/\/granadacostanacional.es\/wp-content\/uploads\/2017\/10\/placet-2.png\"><img decoding=\"async\" loading=\"lazy\" class=\"wp-image-14945\" src=\"http:\/\/granadacostanacional.es\/wp-content\/uploads\/2017\/10\/placet-2-239x300.png\" alt=\"placet 2\" width=\"317\" height=\"398\" \/><\/a><figcaption id=\"caption-attachment-14945\" class=\"wp-caption-text\"><\/em> <em>Celia Correa G\u00f3ngora Presidenta del Centro Art\u00edstico, Literario y Cient\u00edfico de Granada.<\/em><\/figcaption><\/figure>\n<p style=\"text-align: justify;\">\u00a0\u00a0\u00a0\u00a0\u00a0\u00a0\u00a0\u00a0\u00a0\u00a0\u00a0 Los recuerdos del pasado\u00a0 est\u00e1n presentes\u00a0 y aes f\u00e1cil \u201cpercibir entre su paredes\u201d\u00a0 las notas al pianos de un joven Federico, las\u00a0 voces de cientos\u00a0 de\u00a0 confereciantes y los millones de p\u00e1ginas\u00a0 de los libros presentados\u00a0 a la luz\u00a0 por sus autores, \u00bfCu\u00e1ntas paredes tambi\u00e9n albergaron el arte de pintores , hoy c\u00e9lebres?. Por este gran pasado, ahora sus nuevos regidores\u00a0 tratan de seguir bajo la actualizaci\u00f3n que exigen los nuevos tiempos.<\/p>\n<p style=\"text-align: justify;\">\u00a0\u00a0\u00a0\u00a0\u00a0\u00a0\u00a0\u00a0\u00a0\u00a0\u00a0 Querida Presidenta, esta peque\u00f1a referencia que expongo cargada de recuerdos vividos en mi juventud \u00a0granadina, deseo que sean una bocanada de viento \u00a0procedente del Avellano \u2013parte de la poes\u00eda granadina- y salvando la vicisitudes llegue a muchos granadinos\u00a0 j\u00f3venes y se sumen a la cadena que enlaza toda nuestra cultura. Espero, que alg\u00fan d\u00eda deje de ser placeta para ser plaza o avenida que con el trabajo vuestro, \u201dtodo es posible en Granada\u201d.<\/p>\n<p>&nbsp;<\/p>\n<p style=\"text-align: right;\">\u00a0 \u00a0 \u00a0 \u00a0 <strong><em>Jos\u00e9 Luis Mart\u00edn Correa<\/em><\/strong><\/p>\n","protected":false},"excerpt":{"rendered":"<p>YA ERA HORA\u2026\u2026.una placeta para \u00a0evitar \u00a0el olvido . Han pasado muchos a\u00f1os, varias generaciones, desde que a\u00a0 grupo de&hellip;<\/p>\n","protected":false},"author":2,"featured_media":14943,"comment_status":"open","ping_status":"open","sticky":false,"template":"","format":"standard","meta":{"om_disable_all_campaigns":false,"_mi_skip_tracking":false,"_monsterinsights_sitenote_active":false,"_monsterinsights_sitenote_note":"","_monsterinsights_sitenote_category":0,"footnotes":""},"categories":[21],"tags":[],"aioseo_notices":[],"_links":{"self":[{"href":"https:\/\/granadacostaglobal.es\/index.php?rest_route=\/wp\/v2\/posts\/14942"}],"collection":[{"href":"https:\/\/granadacostaglobal.es\/index.php?rest_route=\/wp\/v2\/posts"}],"about":[{"href":"https:\/\/granadacostaglobal.es\/index.php?rest_route=\/wp\/v2\/types\/post"}],"author":[{"embeddable":true,"href":"https:\/\/granadacostaglobal.es\/index.php?rest_route=\/wp\/v2\/users\/2"}],"replies":[{"embeddable":true,"href":"https:\/\/granadacostaglobal.es\/index.php?rest_route=%2Fwp%2Fv2%2Fcomments&post=14942"}],"version-history":[{"count":0,"href":"https:\/\/granadacostaglobal.es\/index.php?rest_route=\/wp\/v2\/posts\/14942\/revisions"}],"wp:featuredmedia":[{"embeddable":true,"href":"https:\/\/granadacostaglobal.es\/index.php?rest_route=\/"}],"wp:attachment":[{"href":"https:\/\/granadacostaglobal.es\/index.php?rest_route=%2Fwp%2Fv2%2Fmedia&parent=14942"}],"wp:term":[{"taxonomy":"category","embeddable":true,"href":"https:\/\/granadacostaglobal.es\/index.php?rest_route=%2Fwp%2Fv2%2Fcategories&post=14942"},{"taxonomy":"post_tag","embeddable":true,"href":"https:\/\/granadacostaglobal.es\/index.php?rest_route=%2Fwp%2Fv2%2Ftags&post=14942"}],"curies":[{"name":"wp","href":"https:\/\/api.w.org\/{rel}","templated":true}]}}