{"id":14912,"date":"2017-10-25T14:49:47","date_gmt":"2017-10-25T14:49:47","guid":{"rendered":"http:\/\/granadacostanacional.es\/?p=14912"},"modified":"2017-10-25T14:49:47","modified_gmt":"2017-10-25T14:49:47","slug":"por-la-orbita-de-la-luz","status":"publish","type":"post","link":"https:\/\/granadacostaglobal.es\/?p=14912","title":{"rendered":"POR LA \u00d3RBITA DE LA LUZ"},"content":{"rendered":"<p style=\"text-align: left;\"><strong>REL\u00c1MPAGOS INTERIORES<\/strong><\/p>\n<p style=\"text-align: left;\"><strong>(Antolog\u00eda 1984-2010)<\/strong><\/p>\n<p style=\"text-align: left;\">Isabel D\u00edez Serrano<\/p>\n<p style=\"text-align: left;\">Editorial Creaci\u00f3n, San Lorenzo de El Escorial, Madrid, 2010. P\u00e1gs. 324.<\/p>\n<p style=\"text-align: left;\">\n<p style=\"text-align: justify;\">Como todos bien sabemos, Isabel D\u00edez Serrano es una poeta de reconocida val\u00eda humana y po\u00e9tica dentro y fuera de nuestras fronteras. Por ello, es muy conocida en Espa\u00f1a y en otros pa\u00edses del orbe (M\u00e9xico, EE UU, Argentina\u2026).<\/p>\n<p style=\"text-align: justify;\">\u00a0\u00a0\u00a0\u00a0\u00a0\u00a0\u00a0\u00a0\u00a0\u00a0\u00a0 Su obra \u201cRel\u00e1mpagos interiores\u201d, magn\u00edfica antolog\u00eda, es un manantial de donde mana una fragancia creativa, con un poder de revitalizaci\u00f3n tan supremo que al penetrar en la psique del lector, \u00e9ste experimenta, rodeado por un silencio de primera mano, la esencia de una emotividad repleta de confianza en el trigo humano y de esperanza, asumida sin condiciones, en ese sol que luce en el alma de cada hombre y de cada mujer que buscan sin cesar la identidad de su naturaleza.<\/p>\n<p style=\"text-align: justify;\">\u00a0\u00a0\u00a0\u00a0\u00a0\u00a0\u00a0\u00a0\u00a0\u00a0\u00a0 Del continuo fluir de la sangre de estos poemas, percibimos los sonidos r\u00edtmicos de las palabras, de los versos que exhalan, desde el interior de sus pulpas, aromas de pensamientos e ideas que gozan de salud perfecta y savias de voluntad irresistible, como nutrientes para la energ\u00eda positiva de nuestra alma, para los latidos fraternales de nuestro coraz\u00f3n, para la luz, sin sombras ni debilidades, que ilumina nuestros pasos\u2026<\/p>\n<p style=\"text-align: justify;\">\u00a0\u00a0\u00a0\u00a0\u00a0\u00a0\u00a0\u00a0\u00a0\u00a0\u00a0 Por otro lado, se aprecia un hondo palpitar ante la vida, el amor o la muerte llegando a acercarse al misticismo, como muy bien dice D. Juan Van-Halen, escritor, periodista, poeta y pol\u00edtico, y presidente de la Asociaci\u00f3n de Escritores y Artistas Espa\u00f1oles.<\/p>\n<p style=\"text-align: justify;\">\u00a0\u00a0\u00a0\u00a0\u00a0\u00a0\u00a0\u00a0\u00a0\u00a0\u00a0 Como Isabel dice: le \u201cencanta jugar con las palabras\u201d, as\u00ed queda de manifiesto en el bello poema titulado \u201dSe me ha enredado el alma\u201d: \u201c\u2026S\u00e9 que es mi pecho quien me hiere \/ y me faltan los r\u00edos que apacig\u00fcen mi sed. \/ La zubia desbocada de mi pelo\u201d.<\/p>\n<p style=\"text-align: justify;\">\u00a0\u00a0\u00a0\u00a0\u00a0\u00a0\u00a0\u00a0\u00a0\u00a0\u00a0 En \u201cTestigos de amor y la locura\u201d honra a numeros\u00edsimos poetas y refleja los valores humanos y literarios de Isabel D\u00edez Serrano. Es dif\u00edcil escoger entre tan sublime belleza, pero pueden mencionarse los dedicados a Federico Garc\u00eda Lorca con el nombre de \u201cTe nos fuiste de luz y de agon\u00eda\u201d o el dedicado a Pablo Neruda titulado \u201cVersos tristes\u201d: \u201c\u2026y me duele el amor, me duele \/ no haber amado tanto, hasta morir, \/ me duele el infinito de su sombra\u2026\u201d.<\/p>\n<p style=\"text-align: justify;\">\u00a0\u00a0\u00a0\u00a0\u00a0\u00a0\u00a0\u00a0\u00a0\u00a0\u00a0 Los poemas de Isabel est\u00e1n escritos con un lenguaje eficaz, directo y culto, perfectamente elaborado y con certeras im\u00e1genes literarias, gracias al virtuosismo l\u00edrico de su autora, ornado, adem\u00e1s, con una adjetivaci\u00f3n sorpresiva y puntual. Por consiguiente, es \u00e9ste un lenguaje rico y bello, transparente y fecundador, que atrae al lector m\u00e1s exigente. Es la esencia, empapada de vivencias, sentimientos puros\u2026, que fluye de la poeta, desde su yo \u00edntimo.<\/p>\n<p style=\"text-align: justify;\">\u00a0\u00a0\u00a0\u00a0\u00a0\u00a0\u00a0\u00a0\u00a0\u00a0\u00a0 \u00a0\u00a0\u201cRel\u00e1mpagos interiores\u201d es una antolog\u00eda po\u00e9tica de oro y diamantes. Un cl\u00e1sico, dentro del sol literario y universal, que simboliza la conjugaci\u00f3n perfecta del lenguaje con la riqueza espiritual de la autora que siente la vida como un r\u00edo de luz incesante, que va a desembocar en el mar de la Verdad.<\/p>\n<p>&nbsp;<\/p>\n<p style=\"text-align: right;\"><strong>Lola Ben\u00edtez Molina<\/strong><\/p>\n<p>&nbsp;<\/p>\n","protected":false},"excerpt":{"rendered":"<p>REL\u00c1MPAGOS INTERIORES (Antolog\u00eda 1984-2010) Isabel D\u00edez Serrano Editorial Creaci\u00f3n, San Lorenzo de El Escorial, Madrid, 2010. P\u00e1gs. 324. Como todos&hellip;<\/p>\n","protected":false},"author":2,"featured_media":14913,"comment_status":"open","ping_status":"open","sticky":false,"template":"","format":"standard","meta":{"om_disable_all_campaigns":false,"_mi_skip_tracking":false,"_monsterinsights_sitenote_active":false,"_monsterinsights_sitenote_note":"","_monsterinsights_sitenote_category":0,"footnotes":""},"categories":[21],"tags":[],"aioseo_notices":[],"_links":{"self":[{"href":"https:\/\/granadacostaglobal.es\/index.php?rest_route=\/wp\/v2\/posts\/14912"}],"collection":[{"href":"https:\/\/granadacostaglobal.es\/index.php?rest_route=\/wp\/v2\/posts"}],"about":[{"href":"https:\/\/granadacostaglobal.es\/index.php?rest_route=\/wp\/v2\/types\/post"}],"author":[{"embeddable":true,"href":"https:\/\/granadacostaglobal.es\/index.php?rest_route=\/wp\/v2\/users\/2"}],"replies":[{"embeddable":true,"href":"https:\/\/granadacostaglobal.es\/index.php?rest_route=%2Fwp%2Fv2%2Fcomments&post=14912"}],"version-history":[{"count":0,"href":"https:\/\/granadacostaglobal.es\/index.php?rest_route=\/wp\/v2\/posts\/14912\/revisions"}],"wp:featuredmedia":[{"embeddable":true,"href":"https:\/\/granadacostaglobal.es\/index.php?rest_route=\/"}],"wp:attachment":[{"href":"https:\/\/granadacostaglobal.es\/index.php?rest_route=%2Fwp%2Fv2%2Fmedia&parent=14912"}],"wp:term":[{"taxonomy":"category","embeddable":true,"href":"https:\/\/granadacostaglobal.es\/index.php?rest_route=%2Fwp%2Fv2%2Fcategories&post=14912"},{"taxonomy":"post_tag","embeddable":true,"href":"https:\/\/granadacostaglobal.es\/index.php?rest_route=%2Fwp%2Fv2%2Ftags&post=14912"}],"curies":[{"name":"wp","href":"https:\/\/api.w.org\/{rel}","templated":true}]}}