{"id":14897,"date":"2017-10-24T11:54:01","date_gmt":"2017-10-24T11:54:01","guid":{"rendered":"http:\/\/granadacostanacional.es\/?p=14897"},"modified":"2017-10-24T11:54:01","modified_gmt":"2017-10-24T11:54:01","slug":"facua-granada-recuerda-que-pese-al-discurso-triunfalista-de-la-junta-el-metro-de-granada-sigue-teniendo-asignaturas-pendientes","status":"publish","type":"post","link":"https:\/\/granadacostaglobal.es\/?p=14897","title":{"rendered":"FACUA Granada recuerda que, pese al discurso triunfalista de la Junta, el Metro de Granada sigue teniendo asignaturas pendientes"},"content":{"rendered":"<p style=\"text-align: justify;\"><strong>Entre los aspectos sin resolver figura la falta de tarifas sociales, el retraso en la venta de bonos y problemas t\u00e9cnicos que afectan a la calidad del servicio.<\/strong><\/p>\n<p style=\"text-align: justify;\">La asociaci\u00f3n de consumidores FACUA Granda recuerda que el Metro sigue teniendo asignaturas pendientes un mes despu\u00e9s de su apertura. Cuestiones que, en su mayor\u00eda, ya deber\u00edan estar resueltas y que siguen suponiendo un perjuicio para los usuarios.<\/p>\n<p style=\"text-align: justify;\">Entre estos problemas destacada la falta de tarifas sociales en este transporte. En las tarifas aprobadas en su momento no se contemplaba ning\u00fan de bono o descuento para colectivos con este tipo de necesidades como pensionistas, estudiantes o desempleados. Aun peor, una vez aprobada la estructura de tarifas y el Reglamento de Viajero, se conoci\u00f3 que los viajeros deb\u00edan pagar billete desde los 3 a\u00f1os, lo que supone otro golpe a las familias. Como muestra en los autobuses urbanos se pagar billete solo a partir de los 6 a\u00f1os.<\/p>\n<p style=\"text-align: justify;\">Relacionado con el aspecto anterior, la asociaci\u00f3n tambi\u00e9n se pregunta a que se debe el retraso en la venta de bonos mensuales y dem\u00e1s productos con tarifa econ\u00f3mica para usuarios frecuentes, que a pesar del tiempo en servicio, siguen sin estar disponibles, lo que incrementa el coste justamente a los usuarios que mayor uso hacen del transporte p\u00fablico.<\/p>\n<p style=\"text-align: justify;\"><strong>Problemas t\u00e9cnicos<\/strong><\/p>\n<p style=\"text-align: justify;\">Otra de las asignaturas pendientes del Metro son los problemas t\u00e9cnicos, de lo que el m\u00e1s grave sigue siendo el de los tiempos de recorrido. Por ahora el Metro sigue siendo incapaz de alcanzar la velocidad comercial establecida, siendo la misma inferior a la prevista en el proyecto. Algo que alarga los tiempos de recorrido y por tanto causa demoras y retrasos a buena parte de los viajeros. Unas demoras que pueden llegar a ser notables fuera de los horarios punta, tales como las noches del fin de semana o las primeras horas del servicio. Una situaci\u00f3n que tambi\u00e9n provoca que en muchos casos los usuarios no dispongan de informaci\u00f3n sobre los tiempos de paso en los paneles informativos de las estaciones, con \u00e9l cons\u00edguete perjuicio a los viajeros.<\/p>\n<p style=\"text-align: justify;\">Tambi\u00e9n problem\u00e1tico resulta el funcionamiento de las expendedoras presentes en las estaciones, especialmente en paradas de alta afluencia como las de Estaci\u00f3n de Autobuses o Nevada, por citar algunas, que se quedan sin cambio con demasiada frecuencia, dificultando la compra de los t\u00edtulos de transporte. Situaci\u00f3n que se agrava\u00a0 ante la indisponibilidad del sistema de pago por tarjeta que, de forma puntual, podr\u00eda paliar esta situaci\u00f3n. A estos problemas se suman otras incidencias como aver\u00edas en las m\u00e1quinas o problemas con recargas fallidas, que provocan las consiguientes reclamaciones de los usuarios.<\/p>\n<p style=\"text-align: justify;\">Ante todas estas cuestiones, desde FACUA Granada se reclama un esfuerzo adicional para paliar todas las incidencias existentes en la infraestructura, que van m\u00e1s all\u00e1 de hechos puntuales propios de la prestaci\u00f3n del servicio. Especialmente antes de lanzarse a realizar campa\u00f1as de captaci\u00f3n de viajeros, tal como se est\u00e1 haciendo actualmente, cuando el servicio no alcanza los par\u00e1metros de calidad m\u00ednimos marcados por la propia infraestructura\u00a0 y sus gestores.<\/p>\n<p>&nbsp;<\/p>\n","protected":false},"excerpt":{"rendered":"<p>Entre los aspectos sin resolver figura la falta de tarifas sociales, el retraso en la venta de bonos y problemas&hellip;<\/p>\n","protected":false},"author":2,"featured_media":14898,"comment_status":"open","ping_status":"open","sticky":false,"template":"","format":"standard","meta":{"om_disable_all_campaigns":false,"_mi_skip_tracking":false,"_monsterinsights_sitenote_active":false,"_monsterinsights_sitenote_note":"","_monsterinsights_sitenote_category":0,"footnotes":""},"categories":[22],"tags":[],"aioseo_notices":[],"_links":{"self":[{"href":"https:\/\/granadacostaglobal.es\/index.php?rest_route=\/wp\/v2\/posts\/14897"}],"collection":[{"href":"https:\/\/granadacostaglobal.es\/index.php?rest_route=\/wp\/v2\/posts"}],"about":[{"href":"https:\/\/granadacostaglobal.es\/index.php?rest_route=\/wp\/v2\/types\/post"}],"author":[{"embeddable":true,"href":"https:\/\/granadacostaglobal.es\/index.php?rest_route=\/wp\/v2\/users\/2"}],"replies":[{"embeddable":true,"href":"https:\/\/granadacostaglobal.es\/index.php?rest_route=%2Fwp%2Fv2%2Fcomments&post=14897"}],"version-history":[{"count":0,"href":"https:\/\/granadacostaglobal.es\/index.php?rest_route=\/wp\/v2\/posts\/14897\/revisions"}],"wp:featuredmedia":[{"embeddable":true,"href":"https:\/\/granadacostaglobal.es\/index.php?rest_route=\/"}],"wp:attachment":[{"href":"https:\/\/granadacostaglobal.es\/index.php?rest_route=%2Fwp%2Fv2%2Fmedia&parent=14897"}],"wp:term":[{"taxonomy":"category","embeddable":true,"href":"https:\/\/granadacostaglobal.es\/index.php?rest_route=%2Fwp%2Fv2%2Fcategories&post=14897"},{"taxonomy":"post_tag","embeddable":true,"href":"https:\/\/granadacostaglobal.es\/index.php?rest_route=%2Fwp%2Fv2%2Ftags&post=14897"}],"curies":[{"name":"wp","href":"https:\/\/api.w.org\/{rel}","templated":true}]}}