{"id":14851,"date":"2017-10-19T11:13:25","date_gmt":"2017-10-19T11:13:25","guid":{"rendered":"http:\/\/granadacostanacional.es\/?p=14851"},"modified":"2017-10-19T11:13:25","modified_gmt":"2017-10-19T11:13:25","slug":"fiscal-reconoce-la-aportacion-de-la-federacion-andaluza-de-caza-en-la-elaboracion-del-nuevo-reglamento-que-ordena-esta-actividad","status":"publish","type":"post","link":"https:\/\/granadacostaglobal.es\/?p=14851","title":{"rendered":"Fiscal reconoce la aportaci\u00f3n de la Federaci\u00f3n Andaluza de Caza en la elaboraci\u00f3n del nuevo reglamento que ordena esta actividad"},"content":{"rendered":"<p style=\"text-align: justify;\"><strong>El consejero de Medio Ambiente destaca el car\u00e1cter social de la caza y aboga por una pr\u00e1ctica responsable.<\/strong><\/p>\n<p style=\"text-align: justify;\">El consejero de Medio Ambiente y Ordenaci\u00f3n del Territorio, Jos\u00e9 Fiscal, ha reconocido a la Federaci\u00f3n Andaluza de Caza (FAC) por sus aportaciones y todo su trabajo, que han servido para elaborar el Reglamento de Ordenaci\u00f3n de la Caza en Andaluc\u00eda, aprobado a finales del pasado mes de julio. Jos\u00e9 Fiscal ha participado junto al presidente de la FAC, Jos\u00e9 Mar\u00eda Manche\u00f1o, en la inauguraci\u00f3n de la jornada informativa que sobre el nuevo reglamento de caza ha organizado esta entidad en Archidona.<\/p>\n<p style=\"text-align: justify;\">\u00a0\u00a0\u00a0\u00a0\u00a0\u00a0\u00a0 Fiscal ha recalcado que la caza se ha situado como un un motor econ\u00f3mico, que fija poblaci\u00f3n al territorio, que crea riqueza, que desarrolla una funci\u00f3n social, y que practicada en rigurosa armon\u00eda con la naturaleza, ayuda al desarrollo de actividades medioambientales.<\/p>\n<p style=\"text-align: justify;\">\u00a0\u00a0\u00a0\u00a0\u00a0\u00a0\u00a0 Sobre el reglamento, el titular de Medio Ambiente ha recalcado que \u201ces un gran avance, pero queda el compromiso de su desarrollo a trav\u00e9s de \u00f3rdenes y de resoluciones. La regulaci\u00f3n de la caza no termina en el Reglamento de Ordenaci\u00f3n de la Caza, sino que \u00e9ste le abre las puertas\u201d.<\/p>\n<p style=\"text-align: justify;\"><a href=\"http:\/\/granadacostanacional.es\/wp-content\/uploads\/2017\/10\/jornada-ROC-2.jpg\"><img decoding=\"async\" loading=\"lazy\" class=\"alignnone  wp-image-14853\" src=\"http:\/\/granadacostanacional.es\/wp-content\/uploads\/2017\/10\/jornada-ROC-2-300x225.jpg\" alt=\"jornada ROC 2\" width=\"636\" height=\"477\" \/><\/a><\/p>\n<p style=\"text-align: justify;\">\u00a0\u00a0\u00a0\u00a0\u00a0\u00a0\u00a0 Con respecto a los aprovechamientos cineg\u00e9ticos en monte p\u00fablico, Jos\u00e9 Fiscal ha se\u00f1alado que se seguir\u00e1 trabajando para que la caza social desempe\u00f1e un papel principal en esta materia. Junto a ello, ha abogado por que se asuma el reto de una orden general de veda que tenga car\u00e1cter permanente y aporte estabilidad, por lo que \u201ctanto la Consejer\u00eda como la Federaci\u00f3n Andaluza de Caza tienen que seguir colaborando para alcanzar los objetivos planteados\u201d.<\/p>\n<p style=\"text-align: justify;\">\u00a0\u00a0\u00a0\u00a0\u00a0\u00a0\u00a0 Jos\u00e9 Fiscal ha apuntado que en el nuevo reglamento hay un importante apoyo a la caza social por parte de la Junta de Andaluc\u00eda, plasmado en el desarrollo de los art\u00edculos relacionados con los cotos deportivos y c\u00f3mo en ellos pueden desarrollar actividades cineg\u00e9ticas quienes tengan la condici\u00f3n de cazadores federados.<\/p>\n<p style=\"text-align: justify;\"><strong>Homenaje a Carlos Astorga<\/strong><\/p>\n<p style=\"text-align: justify;\">\u00a0\u00a0\u00a0\u00a0\u00a0\u00a0\u00a0 Antes de comenzar la jornada, el Consejero de Medio Ambiente y Ordenaci\u00f3n del Territorio, Jos\u00e9 Fiscal, y el presidente de la Federaci\u00f3n Andaluza de Caza han descubierto un busto en honor a la memoria de Carlos Astorga, anterior presidente de la federaci\u00f3n.<\/p>\n<p style=\"text-align: justify;\">\u00a0\u00a0\u00a0\u00a0\u00a0\u00a0\u00a0 Jos\u00e9 Fiscal ha comentado que no se puede olvidar la trayectoria y las ense\u00f1anzas que Carlos Astorga inculc\u00f3 durante sus a\u00f1os al frente de la Federaci\u00f3n Andaluza de Caza; as\u00ed como el camino de di\u00e1logo y entendimiento que alumbr\u00f3 entre el sector cineg\u00e9tico y la Administraci\u00f3n andaluza.<\/p>\n","protected":false},"excerpt":{"rendered":"<p>El consejero de Medio Ambiente destaca el car\u00e1cter social de la caza y aboga por una pr\u00e1ctica responsable. El consejero&hellip;<\/p>\n","protected":false},"author":2,"featured_media":14852,"comment_status":"open","ping_status":"open","sticky":false,"template":"","format":"standard","meta":{"om_disable_all_campaigns":false,"_mi_skip_tracking":false,"_monsterinsights_sitenote_active":false,"_monsterinsights_sitenote_note":"","_monsterinsights_sitenote_category":0,"footnotes":""},"categories":[22],"tags":[],"aioseo_notices":[],"_links":{"self":[{"href":"https:\/\/granadacostaglobal.es\/index.php?rest_route=\/wp\/v2\/posts\/14851"}],"collection":[{"href":"https:\/\/granadacostaglobal.es\/index.php?rest_route=\/wp\/v2\/posts"}],"about":[{"href":"https:\/\/granadacostaglobal.es\/index.php?rest_route=\/wp\/v2\/types\/post"}],"author":[{"embeddable":true,"href":"https:\/\/granadacostaglobal.es\/index.php?rest_route=\/wp\/v2\/users\/2"}],"replies":[{"embeddable":true,"href":"https:\/\/granadacostaglobal.es\/index.php?rest_route=%2Fwp%2Fv2%2Fcomments&post=14851"}],"version-history":[{"count":0,"href":"https:\/\/granadacostaglobal.es\/index.php?rest_route=\/wp\/v2\/posts\/14851\/revisions"}],"wp:featuredmedia":[{"embeddable":true,"href":"https:\/\/granadacostaglobal.es\/index.php?rest_route=\/"}],"wp:attachment":[{"href":"https:\/\/granadacostaglobal.es\/index.php?rest_route=%2Fwp%2Fv2%2Fmedia&parent=14851"}],"wp:term":[{"taxonomy":"category","embeddable":true,"href":"https:\/\/granadacostaglobal.es\/index.php?rest_route=%2Fwp%2Fv2%2Fcategories&post=14851"},{"taxonomy":"post_tag","embeddable":true,"href":"https:\/\/granadacostaglobal.es\/index.php?rest_route=%2Fwp%2Fv2%2Ftags&post=14851"}],"curies":[{"name":"wp","href":"https:\/\/api.w.org\/{rel}","templated":true}]}}