{"id":14823,"date":"2017-10-18T06:40:49","date_gmt":"2017-10-18T06:40:49","guid":{"rendered":"http:\/\/granadacostanacional.es\/?p=14823"},"modified":"2017-10-18T06:40:49","modified_gmt":"2017-10-18T06:40:49","slug":"medio-ambiente-y-ordenacion-del-territorio-incrementa-su-presupuesto-un-24-superando-los-801-millones-de-euros","status":"publish","type":"post","link":"https:\/\/granadacostaglobal.es\/?p=14823","title":{"rendered":"Medio Ambiente y Ordenaci\u00f3n del Territorio incrementa su presupuesto un 2,4%, superando los 801 millones de euros"},"content":{"rendered":"<p style=\"text-align: justify;\"><strong>Jos\u00e9 Fiscal destaca la partida destinada al Plan Infoca, con 167,4 millones,\u00a0 que aumenta en 10 millones de euros con respecto a 2017.<\/strong><\/p>\n<p style=\"text-align: justify;\">El presupuesto de la Consejer\u00eda de Medio Ambiente y Ordenaci\u00f3n del Territorio para 2018 supera los 801 millones de euros, lo que supone un incremento del 2,4% respecto al presente ejercicio, seg\u00fan ha informado en el Parlamento andaluz el consejero Jos\u00e9 Fiscal. Durante su intervenci\u00f3n, Fiscal ha afirmado que con estos presupuestos la Junta de Andaluc\u00eda tiene como objetivo reactivar la actividad econ\u00f3mica, priorizando las pol\u00edticas sociales para mejorar as\u00ed la calidad de vida de los ciudadanos.<\/p>\n<p style=\"text-align: justify;\">Con estas cuentas, la consejer\u00eda asegura y avanza las l\u00edneas maestras de su acci\u00f3n pol\u00edtica, sustentada en tres pilares b\u00e1sicos: la conservaci\u00f3n y gesti\u00f3n del medio natural y el aprovechamiento de sus recursos bajo el principio de sostenibilidad y la lucha contra el cambio clim\u00e1tico; la mejora de la calidad de vida de los andaluces mediante la protecci\u00f3n\u00a0 del medio ambiente, la adecuada gesti\u00f3n del agua y la solidaridad interterritorial; y en la dotaci\u00f3n de instrumentos de planificaci\u00f3n territorial y urban\u00edstica para lograr el desarrollo ordenado y sostenible de las ciudades.<\/p>\n<p style=\"text-align: justify;\">Respecto a las inversiones previstas en materia de medio ambiente, el consejero ha destacado el programa de gesti\u00f3n integral de los recursos h\u00eddricos<strong>, <\/strong>que se dotar\u00e1 con 275 millones de euros, una cantidad que servir\u00e1 para ejecutar las infraestructuras necesarias en este sector y para la planificaci\u00f3n hidrol\u00f3gica.<\/p>\n<p style=\"text-align: justify;\">Dentro de este apartado, sobresale la inversi\u00f3n de 80 millones de euros para depuraci\u00f3n de aguas residuales urbanas, fundamentalmente en la provincia de Granada y en su \u00e1rea metropolitana. Tambi\u00e9n se destinar\u00e1n 5 millones de euros para la limpieza de cauces y la reducci\u00f3n del riesgo de inundaciones; 3 millones para el programa de seguimiento de la calidad de las aguas; y 2 millones para el inicio del Plan de Restauraci\u00f3n del Dominio P\u00fablico Hidr\u00e1ulico en zonas mineras sin explotaci\u00f3n, que comenzar\u00e1 en la provincia de Huelva.<\/p>\n<p style=\"text-align: justify;\">As\u00ed mismo, se ha previsto una inversi\u00f3n de 60.000 euros para la realizaci\u00f3n de un estudios de viabilidad para la construcci\u00f3n de una desaladora en la zona de Cuevas de Almanzora (Almer\u00eda), una alternativa que no est\u00e1 contemplada en los Planes Hidrol\u00f3gicos de las cuencas intracomunitarias y con la que se pretende buscar soluciones a la escasez de recursos h\u00eddricos en la comarca.<\/p>\n<p style=\"text-align: justify;\">Igualmente, se destinar\u00e1n 100.000 euros para abordar los estudios t\u00e9cnicos para el desdoblamiento del T\u00fanel de San Silvestre, una actuaci\u00f3n clave para garantizar el abastecimiento, as\u00ed como los usos industriales y agr\u00edcolas de distintas zonas de la provincia de Huelva.<\/p>\n<p style=\"text-align: justify;\">Respecto a las actuaciones en el medio natural, las cuentas de la consejer\u00eda contemplan una inversi\u00f3n de 206 millones de euros, que se destinar\u00e1n a la gesti\u00f3n del Plan Forestal, a la prevenci\u00f3n y control de plagas, a la conservaci\u00f3n de la biodiversidad o a la\u00a0 consolidaci\u00f3n de la Red de Espacios Naturales Protegidos de Andaluc\u00eda y de la Red Natura 2000, entre otras.<\/p>\n<p style=\"text-align: justify;\">As\u00ed, para mejorar la capacidad de respuesta ante el decaimiento de la masa forestal se ha previsto una inversi\u00f3n de 8 millones de euros en las ocho provincias andaluzas, a los que hay que sumar otros 3 millones para la restauraci\u00f3n del pinar del Parque Natural de la Sierra de Baza. Tambi\u00e9n se invertir\u00e1n 4,6 millones para la creaci\u00f3n de senderos\u00a0 &#8211; peatonal y ciclista- entre C\u00e1diz y San Fernando, en el Parque Natural Bah\u00eda de C\u00e1diz,\u00a0 1,5 millones para el Parque Metropolitano de Arraijanal en M\u00e1laga y 3,7 millones para la mejora de equipamientos de uso p\u00fablico en los espacios naturales protegidos.<\/p>\n<p style=\"text-align: justify;\">Cabe destacar que la dinamizaci\u00f3n sociecon\u00f3mica de los espacios naturales avanzar\u00e1 durante 2018 con la culminaci\u00f3n de los 7 Planes de Desarrollo Sostenible (PDS) que se est\u00e1n elaborando, adem\u00e1s de iniciar la realizaci\u00f3n de otro nuevos.<\/p>\n<p style=\"text-align: justify;\">De otro lado, hay que resaltar el presupuesto destinado a la prevenci\u00f3n y extinci\u00f3n de incendios forestales de Andaluc\u00eda, el Plan Infoca, que aumenta respecto a 2017 en 10 millones hasta alcanzar la cifra de 167,4 millones de euros. En concreto, se incrementa en 8 millones la parte reservada a prevenci\u00f3n que se eleva a un montante de 82 millones y en 2 millones la de extinci\u00f3n, que llega a los 85,5 millones. En el marco de este plan se destinar\u00e1n 200.000 euros para la creaci\u00f3n en Huelva del Centro Ib\u00e9rico para la Investigaci\u00f3n y Lucha contra los Incendios Forestales, 10,5 millones para la construcci\u00f3n de tres nuevos Centros de Defensa Forestal (Cedefo), en Cazorla (Ja\u00e9n), El Pedroso (Sevilla) y Algodonales (C\u00e1diz) y 4 millones para la renovaci\u00f3n de camiones del dispositivo.<\/p>\n<p style=\"text-align: justify;\">En materia de prevenci\u00f3n y calidad ambiental<strong>, <\/strong>la mayor parte de las inversiones tendr\u00e1n como objetivo mejorar los impactos que pueda generar la actividad humana en el medio ambiente, para lo cual ser\u00e1 prioritaria la construcci\u00f3n de infraestructuras para el tratamiento de residuos. De esta manera, se invertir\u00e1n 3 millones en el sellado de vertederos, otros 3 millones en la construcci\u00f3n de nuevos puntos limpios y 1,2 millones en estaciones de transferencia. Tambi\u00e9n tendr\u00e1 prioridad la redacci\u00f3n de la Estrategia Andaluza de Calidad del Aire (431.000 euros) y la elaboraci\u00f3n del Plan Integral de Residuos de Andaluc\u00eda (326.654 euros).<\/p>\n<p style=\"text-align: justify;\">En el apartado de <strong>ordenaci\u00f3n del territorio y urbanismo, <\/strong>\u00a0se continuar\u00e1 profundizando en la protecci\u00f3n de la legalidad urban\u00edstica y en la mejora de la Ley de Ordenaci\u00f3n Urban\u00edstica de Andaluc\u00eda (LOUA), entre otros aspectos. Tambi\u00e9n se seguir\u00e1 potenciando el equilibrio entre zonas rurales y urbanas y la interconexi\u00f3n territorial. En este programa destacan las inversiones previstas para el Plan de Ordenaci\u00f3n del Territorio de la Costa del Sol (170.368 euros), la recuperaci\u00f3n y puesta en servicio de v\u00edas pecuarias, mediante el programa Puertas Verdes, corredores ecol\u00f3gicos y comunicaciones agrarias (2 millones), la adecuaci\u00f3n de accesos a la cueva \u00c1ngel (Lucena, C\u00f3rdoba) (207.852 euros) y para la elaboraci\u00f3n del Cat\u00e1logo de Paisajes de las provincias de Huelva, C\u00e1diz, C\u00f3rdoba, Ja\u00e9n y Almer\u00eda\u00a0 (137.000 euros).<\/p>\n<p style=\"text-align: justify;\">En otro orden de cosas, se han destinado 3 millones de euros para la puesta en marcha del Lifewatch, una infraestructura cient\u00edfica europea que implicar\u00e1 la internacionalizaci\u00f3n de la Red de Informaci\u00f3n Ambiental de Andaluc\u00eda, relacionando ciencia y medio ambietnal a trav\u00e9s de las nuevas tecnolog\u00edas.<\/p>\n<p style=\"text-align: justify;\">El titular de Medio Ambiente ha concluido su intervenci\u00f3n destacando la apuesta del Gobierno andaluz por potenciar las pol\u00edticas ambientales y por avanzar hacia la sostenibilidad, para mejorar as\u00ed la calidad de vida de los ciudadanos. En este sentido, Fiscal ha destacado la aprobaci\u00f3n del anteproyecto de Ley de Cambio Clim\u00e1tico, una norma\u00a0 de car\u00e1cter transversal que estar\u00e1 presente en todas las actuaciones de la Junta de Andaluc\u00eda.<\/p>\n","protected":false},"excerpt":{"rendered":"<p>Jos\u00e9 Fiscal destaca la partida destinada al Plan Infoca, con 167,4 millones,\u00a0 que aumenta en 10 millones de euros con&hellip;<\/p>\n","protected":false},"author":2,"featured_media":14824,"comment_status":"open","ping_status":"open","sticky":false,"template":"","format":"standard","meta":{"om_disable_all_campaigns":false,"_mi_skip_tracking":false,"_monsterinsights_sitenote_active":false,"_monsterinsights_sitenote_note":"","_monsterinsights_sitenote_category":0,"footnotes":""},"categories":[22],"tags":[],"aioseo_notices":[],"_links":{"self":[{"href":"https:\/\/granadacostaglobal.es\/index.php?rest_route=\/wp\/v2\/posts\/14823"}],"collection":[{"href":"https:\/\/granadacostaglobal.es\/index.php?rest_route=\/wp\/v2\/posts"}],"about":[{"href":"https:\/\/granadacostaglobal.es\/index.php?rest_route=\/wp\/v2\/types\/post"}],"author":[{"embeddable":true,"href":"https:\/\/granadacostaglobal.es\/index.php?rest_route=\/wp\/v2\/users\/2"}],"replies":[{"embeddable":true,"href":"https:\/\/granadacostaglobal.es\/index.php?rest_route=%2Fwp%2Fv2%2Fcomments&post=14823"}],"version-history":[{"count":0,"href":"https:\/\/granadacostaglobal.es\/index.php?rest_route=\/wp\/v2\/posts\/14823\/revisions"}],"wp:featuredmedia":[{"embeddable":true,"href":"https:\/\/granadacostaglobal.es\/index.php?rest_route=\/"}],"wp:attachment":[{"href":"https:\/\/granadacostaglobal.es\/index.php?rest_route=%2Fwp%2Fv2%2Fmedia&parent=14823"}],"wp:term":[{"taxonomy":"category","embeddable":true,"href":"https:\/\/granadacostaglobal.es\/index.php?rest_route=%2Fwp%2Fv2%2Fcategories&post=14823"},{"taxonomy":"post_tag","embeddable":true,"href":"https:\/\/granadacostaglobal.es\/index.php?rest_route=%2Fwp%2Fv2%2Ftags&post=14823"}],"curies":[{"name":"wp","href":"https:\/\/api.w.org\/{rel}","templated":true}]}}