{"id":14818,"date":"2017-10-18T06:35:46","date_gmt":"2017-10-18T06:35:46","guid":{"rendered":"http:\/\/granadacostanacional.es\/?p=14818"},"modified":"2017-10-18T06:35:46","modified_gmt":"2017-10-18T06:35:46","slug":"enlace-matrimonial-de-mi-hijo","status":"publish","type":"post","link":"https:\/\/granadacostaglobal.es\/?p=14818","title":{"rendered":"ENLACE MATRIMONIAL DE MI HIJO"},"content":{"rendered":"<p style=\"text-align: justify;\"><sub>El pasado s\u00e1bado d\u00eda 14 de octubre se celebr\u00f3 el enlace matrimonial de mi hijo, Andr\u00e9s Romeo Pena con Abigail Acu\u00f1a Troiti\u00f1o.\u00a0 La boda se celebr\u00f3 en unos de los enclaves m\u00e1s hermosos de Huelva. La R\u00e1bida, lugar donde se encuentra el Monasterio de la R\u00e1bida. Una boda dirigida por Ebenecer Troiti\u00f1o, la intervenci\u00f3n con un texto b\u00edblico de Diego Vela, diversas lecturas sobre los novios, en especial la de la madre Esther Troiti\u00f1o que en prosa hizo un recorrido por\u00a0 los momentos vividos de los novios desde su nacimiento\u00a0 y de algunos momentos vividos con la familia del novio llena de sentimientos. Una boda evang\u00e9lica con c\u00e1nticos a los novios que emocionaron no solo a los novios sino tambi\u00e9n a los asistentes por los amigos y sobrinos que dio paso a la ceremonia de casamiento, por el padre de la novia y pastor de la Iglesia Jos\u00e9 Acu\u00f1a.\u00a0<\/sub><\/p>\n<p style=\"text-align: justify;\"><a href=\"http:\/\/granadacostanacional.es\/wp-content\/uploads\/2017\/10\/boda-2-1.jpg\"><img decoding=\"async\" loading=\"lazy\" class=\"alignnone  wp-image-14820\" src=\"http:\/\/granadacostanacional.es\/wp-content\/uploads\/2017\/10\/boda-2-1-300x189.jpg\" alt=\"boda 2 (1)\" width=\"497\" height=\"313\" \/><\/a><\/p>\n<p style=\"text-align: justify;\"><sub>Con m\u00e1s de 250 personas despu\u00e9s de la ceremonia se pas\u00f3 a los jardines donde se repartieron unos entrantes y se dio paso al almuerzo y posterior fiesta, donde se disfrut\u00f3 de muchas horas divertidas con los novios.\u00a0Una boda llena de felicidad para la familia Romero. y la familia Acu\u00f1a.<\/sub><\/p>\n<p style=\"text-align: justify;\"><a href=\"http:\/\/granadacostanacional.es\/wp-content\/uploads\/2017\/10\/boda-1-b.jpg\"><img decoding=\"async\" loading=\"lazy\" class=\"alignnone  wp-image-14821\" src=\"http:\/\/granadacostanacional.es\/wp-content\/uploads\/2017\/10\/boda-1-b-300x225.jpg\" alt=\"\" width=\"464\" height=\"348\" \/><\/a><\/p>\n<p style=\"text-align: justify;\">Muchas gracias<\/p>\n<p style=\"text-align: right;\"><strong><em>Jos\u00e9 Romero<\/em><\/strong><\/p>\n","protected":false},"excerpt":{"rendered":"<p>El pasado s\u00e1bado d\u00eda 14 de octubre se celebr\u00f3 el enlace matrimonial de mi hijo, Andr\u00e9s Romeo Pena con Abigail&hellip;<\/p>\n","protected":false},"author":2,"featured_media":14819,"comment_status":"open","ping_status":"open","sticky":false,"template":"","format":"standard","meta":{"om_disable_all_campaigns":false,"_mi_skip_tracking":false,"_monsterinsights_sitenote_active":false,"_monsterinsights_sitenote_note":"","_monsterinsights_sitenote_category":0,"footnotes":""},"categories":[21,22],"tags":[],"aioseo_notices":[],"_links":{"self":[{"href":"https:\/\/granadacostaglobal.es\/index.php?rest_route=\/wp\/v2\/posts\/14818"}],"collection":[{"href":"https:\/\/granadacostaglobal.es\/index.php?rest_route=\/wp\/v2\/posts"}],"about":[{"href":"https:\/\/granadacostaglobal.es\/index.php?rest_route=\/wp\/v2\/types\/post"}],"author":[{"embeddable":true,"href":"https:\/\/granadacostaglobal.es\/index.php?rest_route=\/wp\/v2\/users\/2"}],"replies":[{"embeddable":true,"href":"https:\/\/granadacostaglobal.es\/index.php?rest_route=%2Fwp%2Fv2%2Fcomments&post=14818"}],"version-history":[{"count":0,"href":"https:\/\/granadacostaglobal.es\/index.php?rest_route=\/wp\/v2\/posts\/14818\/revisions"}],"wp:featuredmedia":[{"embeddable":true,"href":"https:\/\/granadacostaglobal.es\/index.php?rest_route=\/"}],"wp:attachment":[{"href":"https:\/\/granadacostaglobal.es\/index.php?rest_route=%2Fwp%2Fv2%2Fmedia&parent=14818"}],"wp:term":[{"taxonomy":"category","embeddable":true,"href":"https:\/\/granadacostaglobal.es\/index.php?rest_route=%2Fwp%2Fv2%2Fcategories&post=14818"},{"taxonomy":"post_tag","embeddable":true,"href":"https:\/\/granadacostaglobal.es\/index.php?rest_route=%2Fwp%2Fv2%2Ftags&post=14818"}],"curies":[{"name":"wp","href":"https:\/\/api.w.org\/{rel}","templated":true}]}}