{"id":14789,"date":"2017-10-16T07:34:49","date_gmt":"2017-10-16T07:34:49","guid":{"rendered":"http:\/\/granadacostanacional.es\/?p=14789"},"modified":"2017-10-16T07:34:49","modified_gmt":"2017-10-16T07:34:49","slug":"presentacion-del-libro-homenaje-a-nuestro-companero-d-jose-maria-gutierrez","status":"publish","type":"post","link":"https:\/\/granadacostaglobal.es\/?p=14789","title":{"rendered":"PRESENTACI\u00d3N DEL LIBRO HOMENAJE A NUESTRO COMPA\u00d1ERO D. JOS\u00c9 MAR\u00cdA GUTI\u00c9RREZ"},"content":{"rendered":"<p style=\"text-align: justify;\">El d\u00eda 4 de octubre, en el Club Sa Banca, se present\u00f3 el libro homenaje a nuestro estimado compa\u00f1ero D. Jos\u00e9 Mar\u00eda Guti\u00e9rrez. Homenaje muy merecido por su trayectoria en favor de la poes\u00eda y dedicaci\u00f3n a ella.<\/p>\n<p style=\"text-align: justify;\">\u00a0\u00a0\u00a0\u00a0\u00a0\u00a0\u00a0\u00a0 En este caso, ha sido un placer y un honor para m\u00ed presentar dicho libro y, como se\u00f1al\u00e9 en la presentaci\u00f3n, muy posiblemente haya sido un error por parte de nuestro amigo\u00a0 elegirme a m\u00ed para este menester. Teniendo en cuenta que, entre nosotros, hay personas mejor preparadas que yo y con m\u00e1s enjundia. Espero y deseo que mi presentaci\u00f3n no sea un motivo de controversia, ya que en mi humilde saber lo hice lo mejor que pude y, sobre todo, con mi mayor sinceridad y afecto hacia nuestro compa\u00f1ero Jos\u00e9 Mar\u00eda Guti\u00e9rrez.<\/p>\n<figure id=\"attachment_14791\" aria-describedby=\"caption-attachment-14791\" style=\"width: 429px\" class=\"wp-caption alignnone\"><a href=\"http:\/\/granadacostanacional.es\/wp-content\/uploads\/2017\/10\/0DS_2027-copia.jpg\"><img decoding=\"async\" loading=\"lazy\" class=\"wp-image-14791\" src=\"http:\/\/granadacostanacional.es\/wp-content\/uploads\/2017\/10\/0DS_2027-copia-300x200.jpg\" alt=\"0DS_2027 copia\" width=\"429\" height=\"286\" \/><\/a><figcaption id=\"caption-attachment-14791\" class=\"wp-caption-text\"><em>Jos\u00e9 Mar\u00eda Guti\u00e9rrez junto a Marcelino Arellano Alabarces<\/em><\/figcaption><\/figure>\n<p style=\"text-align: justify;\">\u00a0\u00a0\u00a0\u00a0\u00a0\u00a0\u00a0\u00a0 Dicho libro se encuadra dentro de la gran labor que la Fundaci\u00f3n Granada Costa realiza en homenajear a todas aquellas personas, pertenecientes al <em>Granada Costa<\/em>, que, por sus m\u00e9ritos, edad y dedicaci\u00f3n en promocionar la cultura en cualquiera de sus facetas, lo merecen.<\/p>\n<figure id=\"attachment_14792\" aria-describedby=\"caption-attachment-14792\" style=\"width: 434px\" class=\"wp-caption alignnone\"><a href=\"http:\/\/granadacostanacional.es\/wp-content\/uploads\/2017\/10\/0DS_2041-copia.jpg\"><img decoding=\"async\" loading=\"lazy\" class=\"wp-image-14792\" src=\"http:\/\/granadacostanacional.es\/wp-content\/uploads\/2017\/10\/0DS_2041-copia-300x200.jpg\" alt=\"0DS_2041 copia\" width=\"434\" height=\"289\" \/><\/a><figcaption id=\"caption-attachment-14792\" class=\"wp-caption-text\"><em>Antonio Bonet San Cler, recitando.<\/em><\/figcaption><\/figure>\n<p style=\"text-align: justify;\">\u00a0\u00a0\u00a0\u00a0\u00a0\u00a0\u00a0\u00a0 Qu\u00e9 duda cabe de que Galicia es tierra de grandes poetas, mencionemos a unos cuantos: la gran Rosal\u00eda de Castro, \u00c1lvaro Cunqueiro, Jos\u00e9 Mar\u00eda D\u00edaz Castro, Lois Pereiro, Luis Pimentel, etc. \u00bfEn qu\u00e9 lugar podemos ubicar a Jos\u00e9 Mar\u00eda Guti\u00e9rrez?, \u00bfen el romanticismo?, \u00bfen los nov\u00edsimos?, \u00bfen el neorromanticismo?, \u00bfen el modernismo? En ninguno, y \u00bfesto es malo?, no. Por la sencilla raz\u00f3n de que, habiendo bebido en todos esos estilos po\u00e9ticos, Jos\u00e9 Mar\u00eda tiene voz propia. Su poes\u00eda es de un estilo sencillo pero aut\u00e9ntico. Su poes\u00eda sale de su coraz\u00f3n como destellos luminosos. Es una poes\u00eda de verdad y sincera, sin malabarismos artificiosos y sin la intenci\u00f3n err\u00f3nea de buscar palabras bellas y met\u00e1foras que solamente sirven como envoltorio de un poema. La poes\u00eda es solamente el grito desgarrador y necesario del poeta, el b\u00e1lsamo remansado del alma y de los sentimientos.<\/p>\n<p style=\"text-align: justify;\">\u00a0\u00a0\u00a0\u00a0\u00a0\u00a0\u00a0\u00a0 (\u2026) Galicia, sin lugar a dudas, es tierra de poetas, quiz\u00e1s, sus brumas matinales y la lluvia persistente sobre los policromados paisajes que Jos\u00e9 Mar\u00eda conoci\u00f3 desde su ni\u00f1ez hicieron que su alma se llenara de esa melancol\u00eda o percepci\u00f3n de las cosas m\u00e1s insignificantes, pero llenas de hermosura, para que se despertara en \u00e9l al poeta.<\/p>\n<p style=\"text-align: justify;\">\u00a0\u00a0\u00a0\u00a0\u00a0\u00a0\u00a0\u00a0 A Jos\u00e9 Mar\u00eda se le ve\u00eda esa tarde doblemente feliz: por la presentaci\u00f3n de su libro homenaje, en el que, adem\u00e1s de plasmar parte de su vida, se incluye el lado m\u00e1s emotivo, que es la participaci\u00f3n de muchos admiradores y amigos (entre los que me encuentro), que le expresan en forma de poes\u00eda y prosa su amistad y cari\u00f1o.<\/p>\n<p style=\"text-align: justify;\">\u00a0\u00a0\u00a0\u00a0\u00a0\u00a0\u00a0\u00a0 Y por la alegr\u00eda de ver esa tarde a su familia: esposa, hijos y nietos, y a infinidad de amigos, que quisieron arroparlo en ese estupendo acto. Emotivas fueron las palabras que Isabel Guti\u00e9rrez Bonet dedic\u00f3 a su padre.<\/p>\n<figure id=\"attachment_14793\" aria-describedby=\"caption-attachment-14793\" style=\"width: 411px\" class=\"wp-caption alignnone\"><a href=\"http:\/\/granadacostanacional.es\/wp-content\/uploads\/2017\/10\/0DS_2048-copia.jpg\"><img decoding=\"async\" loading=\"lazy\" class=\"wp-image-14793\" src=\"http:\/\/granadacostanacional.es\/wp-content\/uploads\/2017\/10\/0DS_2048-copia-300x200.jpg\" alt=\"0DS_2048 copia\" width=\"411\" height=\"274\" \/><\/a><figcaption id=\"caption-attachment-14793\" class=\"wp-caption-text\"><em>La hija de Jos\u00e9 Mar\u00eda Guti\u00e9rrez recitando.<\/em><\/figcaption><\/figure>\n<p>&nbsp;<\/p>\n<p style=\"text-align: justify;\">\u00a0\u00a0\u00a0\u00a0\u00a0\u00a0\u00a0\u00a0 Pudimos comprobar la gran capacidad de convocatoria que tiene nuestro amigo Jos\u00e9 Mar\u00eda, ya que en la sala no cab\u00eda nadie m\u00e1s. Pude advertir desde la presidencia la emoci\u00f3n de su esposa y dem\u00e1s familiares. Un acto magn\u00edfico y de categor\u00eda. Particip\u00f3 nuestro compa\u00f1ero y amigo Antonio Bonet San Cler, con la recitaci\u00f3n de dos bellos poemas que fueron muy aplaudidos. Al final del acto, Jos\u00e9 Mar\u00eda nos ofreci\u00f3 un estupendo \u00e1gape de productos mallorquines.<\/p>\n<figure id=\"attachment_14794\" aria-describedby=\"caption-attachment-14794\" style=\"width: 413px\" class=\"wp-caption alignnone\"><a href=\"http:\/\/granadacostanacional.es\/wp-content\/uploads\/2017\/10\/0DS_2051-copia.jpg\"><img decoding=\"async\" loading=\"lazy\" class=\"wp-image-14794\" src=\"http:\/\/granadacostanacional.es\/wp-content\/uploads\/2017\/10\/0DS_2051-copia-300x200.jpg\" alt=\"0DS_2051 copia\" width=\"413\" height=\"275\" \/><\/a><figcaption id=\"caption-attachment-14794\" class=\"wp-caption-text\"><em>Firma del libro<\/em><\/figcaption><\/figure>\n<p><a href=\"http:\/\/granadacostanacional.es\/wp-content\/uploads\/2017\/10\/0DS_2057-copia.jpg\"><img decoding=\"async\" loading=\"lazy\" class=\"wp-image-14795\" src=\"http:\/\/granadacostanacional.es\/wp-content\/uploads\/2017\/10\/0DS_2057-copia-300x200.jpg\" alt=\"0DS_2057 copia\" width=\"477\" height=\"318\" \/><\/a><\/p>\n<p style=\"text-align: justify;\">\u00a0\u00a0\u00a0\u00a0\u00a0\u00a0\u00a0\u00a0 Una tarde maravillosa que no olvidaremos, porque nada hay m\u00e1s importante que ver a las personas felices y, esa tarde, Jos\u00e9 Mar\u00eda y toda su familia lo fueron y, por qu\u00e9 no, feliz yo tambi\u00e9n de que le gustara la presentaci\u00f3n de su libro homenaje.<\/p>\n<figure id=\"attachment_14796\" aria-describedby=\"caption-attachment-14796\" style=\"width: 437px\" class=\"wp-caption alignnone\"><a href=\"http:\/\/granadacostanacional.es\/wp-content\/uploads\/2017\/10\/0DS_2064-copia.jpg\"><img decoding=\"async\" loading=\"lazy\" class=\"wp-image-14796\" src=\"http:\/\/granadacostanacional.es\/wp-content\/uploads\/2017\/10\/0DS_2064-copia-300x200.jpg\" alt=\"0DS_2064 copia\" width=\"437\" height=\"291\" \/><\/a><figcaption id=\"caption-attachment-14796\" class=\"wp-caption-text\"><em>Jos\u00e9 Mar\u00eda Guti\u00e9rrez, Inocencia Frisuelo y amigos<\/em><\/figcaption><\/figure>\n<p style=\"text-align: right;\"><em><strong>Marcelino Arellano Alabarces<\/strong><\/em><\/p>\n","protected":false},"excerpt":{"rendered":"<p>El d\u00eda 4 de octubre, en el Club Sa Banca, se present\u00f3 el libro homenaje a nuestro estimado compa\u00f1ero D.&hellip;<\/p>\n","protected":false},"author":2,"featured_media":14790,"comment_status":"open","ping_status":"open","sticky":false,"template":"","format":"standard","meta":{"om_disable_all_campaigns":false,"_mi_skip_tracking":false,"_monsterinsights_sitenote_active":false,"_monsterinsights_sitenote_note":"","_monsterinsights_sitenote_category":0,"footnotes":""},"categories":[21],"tags":[],"aioseo_notices":[],"_links":{"self":[{"href":"https:\/\/granadacostaglobal.es\/index.php?rest_route=\/wp\/v2\/posts\/14789"}],"collection":[{"href":"https:\/\/granadacostaglobal.es\/index.php?rest_route=\/wp\/v2\/posts"}],"about":[{"href":"https:\/\/granadacostaglobal.es\/index.php?rest_route=\/wp\/v2\/types\/post"}],"author":[{"embeddable":true,"href":"https:\/\/granadacostaglobal.es\/index.php?rest_route=\/wp\/v2\/users\/2"}],"replies":[{"embeddable":true,"href":"https:\/\/granadacostaglobal.es\/index.php?rest_route=%2Fwp%2Fv2%2Fcomments&post=14789"}],"version-history":[{"count":0,"href":"https:\/\/granadacostaglobal.es\/index.php?rest_route=\/wp\/v2\/posts\/14789\/revisions"}],"wp:featuredmedia":[{"embeddable":true,"href":"https:\/\/granadacostaglobal.es\/index.php?rest_route=\/"}],"wp:attachment":[{"href":"https:\/\/granadacostaglobal.es\/index.php?rest_route=%2Fwp%2Fv2%2Fmedia&parent=14789"}],"wp:term":[{"taxonomy":"category","embeddable":true,"href":"https:\/\/granadacostaglobal.es\/index.php?rest_route=%2Fwp%2Fv2%2Fcategories&post=14789"},{"taxonomy":"post_tag","embeddable":true,"href":"https:\/\/granadacostaglobal.es\/index.php?rest_route=%2Fwp%2Fv2%2Ftags&post=14789"}],"curies":[{"name":"wp","href":"https:\/\/api.w.org\/{rel}","templated":true}]}}