{"id":14785,"date":"2017-10-16T07:15:34","date_gmt":"2017-10-16T07:15:34","guid":{"rendered":"http:\/\/granadacostanacional.es\/?p=14785"},"modified":"2017-10-16T07:15:34","modified_gmt":"2017-10-16T07:15:34","slug":"comida-de-companerismo","status":"publish","type":"post","link":"https:\/\/granadacostaglobal.es\/?p=14785","title":{"rendered":"COMIDA DE COMPA\u00d1ERISMO DE MIEMBROS DE GRANADA COSTA"},"content":{"rendered":"<p style=\"text-align: justify;\">El pasado d\u00eda 8 de octubre, tuvimos una comida de compa\u00f1erismo en la finca de nuestro compa\u00f1ero del <em>Granada Costa<\/em> <strong>Gabriel Mateu<\/strong>, a la que acudimos unas 23 personas. El d\u00eda result\u00f3 espl\u00e9ndido, soleado y con una d\u00e9bil brisa, que era de agradecer por mor de la alta temperatura a estas alturas de octubre. Como se hab\u00eda acordado previamente, a las doce y media de la ma\u00f1ana todos los invitados nos reunimos en el restaurante S\u00b4Hostalot y, desde all\u00ed, marchamos hasta la finca de nuestro anfitri\u00f3n, seguidos de nuestro gu\u00eda, <strong>Pep Ramis.<\/strong><\/p>\n<p style=\"text-align: justify;\">\u00a0\u00a0\u00a0\u00a0\u00a0\u00a0\u00a0\u00a0\u00a0\u00a0\u00a0 No tardamos ni cinco minutos en hacer nuestra entrada en la bonita finca de nuestro amigo Gabriel, que ya nos esperaba all\u00ed con los brazos abiertos para recibirnos. El entorno desde que se entra en dicha finca no puede ser m\u00e1s grato. Las flores y plantas ornamentales lo llenan todo. Tambi\u00e9n abundan los \u00e1rboles frutales, como los naranjos, perales, ciruelos, limoneros, higueras, olivos, membrillos y otras frutas\u2026, que de todo hay. Debo destacar las higueras, cuyo fruto es mi tentaci\u00f3n, y, adem\u00e1s, de muy buena calidad. Gracias a la amabilidad y generosidad de nuestro amigo Gabriel, lo he disfrutado este verano.<\/p>\n<p style=\"text-align: justify;\">\u00a0\u00a0\u00a0\u00a0\u00a0\u00a0\u00a0\u00a0\u00a0\u00a0\u00a0 Los alrededores de la casa son formidables, el verdor est\u00e1 por todas partes, los altos \u00e1rboles tras la casa principal inundan de frescor y dan sombra a multitud de macetas, cuyas plantas brillan de verdor y lozan\u00eda. El verde c\u00e9sped es tambi\u00e9n abundante bajo los olivos, cuyos frutos ya est\u00e1n a punto de recogerse y llevarse a la almazara para extraer el aceite de buena calidad, que he tenido la oportunidad de degustar en algunas meriendas con el amigo Pep Ramis.<\/p>\n<p style=\"text-align: justify;\">\u00a0\u00a0\u00a0\u00a0\u00a0\u00a0\u00a0\u00a0\u00a0\u00a0\u00a0 A nuestra llegada, cada uno por su cuenta, quisieron echar un vistazo por la finca e ir descubriendo por ellos mismos algunas sorpresas en relaci\u00f3n a los distintos animales que hay. No es raro, ya que en la ciudad a algunos de esos animales solamente los ven en el supermercado.\u00a0 Patos, conejos, palomas, gallinas, pavos, gatos y un manso perro que tambi\u00e9n degust\u00f3 un poco de la comida.<\/p>\n<p style=\"text-align: justify;\">\u00a0\u00a0\u00a0\u00a0\u00a0\u00a0\u00a0\u00a0\u00a0\u00a0\u00a0 La comida consisti\u00f3 en unas migas de harina de s\u00e9mola (\u00bf), acompa\u00f1adas de chorizo, morcilla, tocino, pimientos y ensalada de naranjas. Todo muy bueno. Las migas nos dieron un poco de trabajo, pero, al final, se pudieron comer, acompa\u00f1adas de buen vino y otras bebidas refrescantes. A los postres se sirvieron pesti\u00f1os, ensaimadas de diferentes clases, cremadillos, rosquillas y un rosco de nata, y por supuesto caf\u00e9.<\/p>\n<p style=\"text-align: justify;\">\u00a0\u00a0\u00a0\u00a0\u00a0\u00a0\u00a0\u00a0\u00a0\u00a0\u00a0 Se habl\u00f3 de todo, del <em>Granada Costa<\/em>, de los tres actos magn\u00edficos que hab\u00edan tenido lugar los d\u00edas 4, 5, 6 \u2013que contar\u00e9 en otras cr\u00f3nicas\u2013. Se recitaron cuatro poemas: dos a cargo de nuestra compa\u00f1era<strong> Inocencia<\/strong> <strong>Frisuelo<\/strong>, de su autor\u00eda, que fueron muy aplaudidos; nuestro anfitri\u00f3n Gabriel Mateu y un servidor recitamos uno cada uno pertenecientes a Rafael de Le\u00f3n.<\/p>\n<p style=\"text-align: justify;\">\u00a0\u00a0\u00a0\u00a0\u00a0\u00a0\u00a0\u00a0\u00a0\u00a0\u00a0 Un d\u00eda maravilloso entre personas simp\u00e1ticas y agradables. Despu\u00e9s de la comida, otro paseo por la finca y hasta algunos atrevidos \u2013entre los que me cuento yo\u2013, estuvimos balance\u00e1ndonos en un columpio que colgaba de la rama de un pino, con algunas indirectas de los que no se atrevieron.<\/p>\n<p style=\"text-align: justify;\"><a href=\"http:\/\/granadacostanacional.es\/wp-content\/uploads\/2017\/10\/Can-Teula.jpg\"><img decoding=\"async\" loading=\"lazy\" class=\"alignnone wp-image-14786\" src=\"http:\/\/granadacostanacional.es\/wp-content\/uploads\/2017\/10\/Can-Teula-300x200.jpg\" alt=\"Can Teula\" width=\"792\" height=\"528\" \/><\/a><\/p>\n<p style=\"text-align: justify;\">\u00a0\u00a0\u00a0\u00a0\u00a0\u00a0\u00a0\u00a0\u00a0\u00a0\u00a0 Un d\u00eda muy agradable entre personas maravillosas (\u00a1). Asistieron: <strong>Gabriel Mateu<\/strong>, su esposa y su hijo<strong>, Pep Ramis <\/strong>y su esposa, <strong>Diego Sabiote, Mar\u00eda Ignacia, Jos\u00e9 Mar\u00eda Alem\u00e1n, Mercedes Carballar, Paqui Cano<\/strong>, <strong>Luc\u00eda<\/strong> <strong>Caparr\u00f3s<\/strong> y su madre, <strong>Mar\u00eda Picazo, Juan Arellano, Isabel Mart\u00ednez, Miguel \u00c1ngel Arellano, Jos\u00e9 Tamayo, Fernanda Llabr\u00e9s, Mar\u00eda Eugenia Santandreu, Inocencia Frisuelo, Mar\u00eda Dolores Alabarces Villa, Jes\u00fas Lozano<\/strong>, etc.<\/p>\n<p style=\"text-align: justify;\">\u00a0\u00a0\u00a0\u00a0\u00a0\u00a0\u00a0\u00a0\u00a0\u00a0\u00a0 En fin, un d\u00eda estupendo, que recordaremos siempre y que espero se vuelva a repetir alg\u00fan otro d\u00eda en otra parte.<\/p>\n<p>&nbsp;<\/p>\n<p style=\"text-align: right;\"><em><strong>Marcelino Arellano Alabarces<\/strong><\/em><\/p>\n<p>&nbsp;<\/p>\n","protected":false},"excerpt":{"rendered":"<p>El pasado d\u00eda 8 de octubre, tuvimos una comida de compa\u00f1erismo en la finca de nuestro compa\u00f1ero del Granada Costa&hellip;<\/p>\n","protected":false},"author":2,"featured_media":14787,"comment_status":"open","ping_status":"open","sticky":false,"template":"","format":"standard","meta":{"om_disable_all_campaigns":false,"_mi_skip_tracking":false,"_monsterinsights_sitenote_active":false,"_monsterinsights_sitenote_note":"","_monsterinsights_sitenote_category":0,"footnotes":""},"categories":[21,22],"tags":[],"aioseo_notices":[],"_links":{"self":[{"href":"https:\/\/granadacostaglobal.es\/index.php?rest_route=\/wp\/v2\/posts\/14785"}],"collection":[{"href":"https:\/\/granadacostaglobal.es\/index.php?rest_route=\/wp\/v2\/posts"}],"about":[{"href":"https:\/\/granadacostaglobal.es\/index.php?rest_route=\/wp\/v2\/types\/post"}],"author":[{"embeddable":true,"href":"https:\/\/granadacostaglobal.es\/index.php?rest_route=\/wp\/v2\/users\/2"}],"replies":[{"embeddable":true,"href":"https:\/\/granadacostaglobal.es\/index.php?rest_route=%2Fwp%2Fv2%2Fcomments&post=14785"}],"version-history":[{"count":0,"href":"https:\/\/granadacostaglobal.es\/index.php?rest_route=\/wp\/v2\/posts\/14785\/revisions"}],"wp:featuredmedia":[{"embeddable":true,"href":"https:\/\/granadacostaglobal.es\/index.php?rest_route=\/"}],"wp:attachment":[{"href":"https:\/\/granadacostaglobal.es\/index.php?rest_route=%2Fwp%2Fv2%2Fmedia&parent=14785"}],"wp:term":[{"taxonomy":"category","embeddable":true,"href":"https:\/\/granadacostaglobal.es\/index.php?rest_route=%2Fwp%2Fv2%2Fcategories&post=14785"},{"taxonomy":"post_tag","embeddable":true,"href":"https:\/\/granadacostaglobal.es\/index.php?rest_route=%2Fwp%2Fv2%2Ftags&post=14785"}],"curies":[{"name":"wp","href":"https:\/\/api.w.org\/{rel}","templated":true}]}}