{"id":14759,"date":"2017-10-12T11:55:24","date_gmt":"2017-10-12T11:55:24","guid":{"rendered":"http:\/\/granadacostanacional.es\/?p=14759"},"modified":"2017-10-12T11:55:24","modified_gmt":"2017-10-12T11:55:24","slug":"ciudadanos-demanda-al-gobierno-actuaciones-para-minimizar-el-impacto-medioambiental-derivado-de-la-construccion-de-la-autovia-gr-43","status":"publish","type":"post","link":"https:\/\/granadacostaglobal.es\/?p=14759","title":{"rendered":"Ciudadanos demanda al Gobierno actuaciones para minimizar el impacto medioambiental derivado de la construcci\u00f3n de la autov\u00eda GR-43"},"content":{"rendered":"<p style=\"text-align: justify;\"><strong>El diputado granadino Luis Salvador pide celeridad para hacer frente a una situaci\u00f3n que est\u00e1 teniendo consecuencias nefastas para la actividad agr\u00edcola en la provincia.<\/strong><\/p>\n<p style=\"text-align: justify;\">El diputado granadino del Grupo Parlamentario Ciudadanos (GPCs) en el Congreso, Luis Salvador, ha demandado actuaciones al Gobierno para minimizar el impacto medioambiental derivado de la construcci\u00f3n de la autov\u00eda GR-43, especialmente en el entorno de los municipios de Pinos Puente y Atarfe.<\/p>\n<p style=\"text-align: justify;\">Seg\u00fan ha explicado Salvador, <strong>\u201cla autov\u00eda GR-43 es una de las obras de infraestructuras viarias principales que necesita actualmente la provincia de Granada para una mejor comunicaci\u00f3n con la zona oeste de la pen\u00ednsula Ib\u00e9rica y articular todo el sector noroccidental de la provincia y la conexi\u00f3n con la zona central del Valle del Guadalquivir\u201d<\/strong>. No obstante, ha se\u00f1alado el diputado, la construcci\u00f3n de esta relevante infraestructura ha presentado problemas de ejecuci\u00f3n desde sus primeras fases de dise\u00f1o, lo que ha dilatado su construcci\u00f3n durante m\u00e1s de treinta a\u00f1os.<\/p>\n<p style=\"text-align: justify;\"><strong>\u201cEn la actualidad siguen registr\u00e1ndose problemas debido al fuerte impacto ambiental de la intervenci\u00f3n que est\u00e1n teniendo consecuencias nefastas para la actividad agr\u00edcola\u201d<\/strong>, ha aseverado Salvador, quien ha apuntado que fuentes de la Asociaci\u00f3n Agraria de J\u00f3venes Agricultores (ASAJA) cifran en m\u00e1s de 850.000 euros las p\u00e9rdidas econ\u00f3micas derivadas de esta situaci\u00f3n, especialmente por culpa de la no restauraci\u00f3n de acequias y conducciones hidr\u00e1ulicas necesarias para la producci\u00f3n agraria.<\/p>\n<p style=\"text-align: justify;\">El diputado, quien ha elevado a las Cortes una pregunta escrita para conocer las medidas que el Ministerio de Fomento tiene previsto adoptar para paliar estos efectos, ha pedido igualmente celeridad para hacer frente a los problemas que est\u00e1n afectando de forma negativa a la seguridad y la calidad de vida de la poblaci\u00f3n del entorno.<\/p>\n<p>&nbsp;<\/p>\n","protected":false},"excerpt":{"rendered":"<p>El diputado granadino Luis Salvador pide celeridad para hacer frente a una situaci\u00f3n que est\u00e1 teniendo consecuencias nefastas para la&hellip;<\/p>\n","protected":false},"author":2,"featured_media":14760,"comment_status":"open","ping_status":"open","sticky":false,"template":"","format":"standard","meta":{"om_disable_all_campaigns":false,"_mi_skip_tracking":false,"_monsterinsights_sitenote_active":false,"_monsterinsights_sitenote_note":"","_monsterinsights_sitenote_category":0,"footnotes":""},"categories":[22],"tags":[],"aioseo_notices":[],"_links":{"self":[{"href":"https:\/\/granadacostaglobal.es\/index.php?rest_route=\/wp\/v2\/posts\/14759"}],"collection":[{"href":"https:\/\/granadacostaglobal.es\/index.php?rest_route=\/wp\/v2\/posts"}],"about":[{"href":"https:\/\/granadacostaglobal.es\/index.php?rest_route=\/wp\/v2\/types\/post"}],"author":[{"embeddable":true,"href":"https:\/\/granadacostaglobal.es\/index.php?rest_route=\/wp\/v2\/users\/2"}],"replies":[{"embeddable":true,"href":"https:\/\/granadacostaglobal.es\/index.php?rest_route=%2Fwp%2Fv2%2Fcomments&post=14759"}],"version-history":[{"count":0,"href":"https:\/\/granadacostaglobal.es\/index.php?rest_route=\/wp\/v2\/posts\/14759\/revisions"}],"wp:featuredmedia":[{"embeddable":true,"href":"https:\/\/granadacostaglobal.es\/index.php?rest_route=\/"}],"wp:attachment":[{"href":"https:\/\/granadacostaglobal.es\/index.php?rest_route=%2Fwp%2Fv2%2Fmedia&parent=14759"}],"wp:term":[{"taxonomy":"category","embeddable":true,"href":"https:\/\/granadacostaglobal.es\/index.php?rest_route=%2Fwp%2Fv2%2Fcategories&post=14759"},{"taxonomy":"post_tag","embeddable":true,"href":"https:\/\/granadacostaglobal.es\/index.php?rest_route=%2Fwp%2Fv2%2Ftags&post=14759"}],"curies":[{"name":"wp","href":"https:\/\/api.w.org\/{rel}","templated":true}]}}