{"id":14756,"date":"2017-10-11T15:59:07","date_gmt":"2017-10-11T15:59:07","guid":{"rendered":"http:\/\/granadacostanacional.es\/?p=14756"},"modified":"2017-10-11T15:59:07","modified_gmt":"2017-10-11T15:59:07","slug":"el-nuevo-paseo-de-la-ria-de-huelva-y-pablo-arias-ganado-res-de-los-premios-andalucia-de-urbanismo","status":"publish","type":"post","link":"https:\/\/granadacostaglobal.es\/?p=14756","title":{"rendered":"El nuevo Paseo de la R\u00eda de Huelva y Pablo Arias, ganado-res de los Premios Andaluc\u00eda de Urbanismo"},"content":{"rendered":"<p style=\"text-align: justify;\"><strong>Los galardones se entregar\u00e1n el pr\u00f3ximo d\u00eda 8 de noviembre en Sevilla, coincidiendo con el D\u00eda Mundial del Urbanismo<\/strong><\/p>\n<p style=\"text-align: justify;\">La Consejer\u00eda de Medio Ambiente y Ordenaci\u00f3n del Territorio ha dado a conocer a los ganadores de los Premios Andaluc\u00eda de Urbanismo, que en esta edici\u00f3n han reca\u00eddo en el nuevo paseo de la R\u00eda de Huelva y en el arquitecto urbanista, Pablo Arias. Con la concesi\u00f3n de estos galardones se reconoce la labor de quienes han contribuido en hacer de las ciudades espacios de convivencia a trav\u00e9s de la planificaci\u00f3n, la regeneraci\u00f3n de \u00e1reas urbanas y la participaci\u00f3n en el proceso de planeamiento como medio para promover la cohesi\u00f3n social y mejorar la identidad cultural.<\/p>\n<p style=\"text-align: justify;\">Estos galardones incluyen asimismo tres modalidades diferentes: el premio a la actuaci\u00f3n ejecutada, a la trayectoria profesional de una persona, administraci\u00f3n p\u00fablica o instituci\u00f3n que hayan destacado en el fomento o desarrollo de la actividad urban\u00edstica y a la\u00a0 planificaci\u00f3n, que en esta ocasi\u00f3n se ha declarado desierto .<\/p>\n<p style=\"text-align: justify;\">En el apartado de mejor actuaci\u00f3n ejecutada el jurado ha premiado al nuevo paseo de la R\u00eda de Huelva y la regeneraci\u00f3n ambiental de la margen izquierda de la R\u00eda del Odiel, una actuaci\u00f3n promovida por la Autoridad Portuaria de Huelva, seg\u00fan proyecto del estudio Mart\u00ednez Lape\u00f1a-Torres. Con este galard\u00f3n el jurado ha valorado la capacidad de acercar la ciudad a la r\u00eda a trav\u00e9s de espacios p\u00fablicos de calidad, la funci\u00f3n del urbanismo y la arquitectura para conquistar un espacio de gran valor que puede abrir un nuevo tiempo en la ciudad, y la regeneraci\u00f3n ambiental llevada a cabo en la margen izquierda de la R\u00eda, pr\u00f3xima al principal complejo industrial de la ciudad.<\/p>\n<p style=\"text-align: justify;\">En esta misma modalidad, se ha reconocido con un accesit la actuaci\u00f3n &#8216;Parque Metropolitano Olivar de El Zaud\u00edn&#8217; (Tomares, Sevilla), promovida por la Confederaci\u00f3n Hidrogr\u00e1fica del Guadalquivir y\u00a0 proyecto del arquitecto Antonio Barrionuevo, por su acertada integraci\u00f3n paisaj\u00edstica y del cultivo tradicional del olivar en los espacios p\u00fablicos.<\/p>\n<p style=\"text-align: justify;\">Por su parte, el premio a la trayectoria profesional se ha concedido al arquitecto\u00a0 urbanista Pablo Arias por su dilatada carrera profesional y acad\u00e9mica, iniciada en Andaluc\u00eda en 1960 cuando se hizo cargo de la redacci\u00f3n del Plan General de Sevilla. Tambi\u00e9n ha sido introductor en Andaluc\u00eda de las nuevas corrientes urban\u00edsticas y de la concepci\u00f3n del planeamiento tal y como se conoce en la actualidad. Igualmente destaca su labor docente en la formaci\u00f3n de arquitectos urbanistas, desarrollada en la Escuela de Arquitectura de Sevilla, de la que ha sido su director en dos ocasiones.<\/p>\n","protected":false},"excerpt":{"rendered":"<p>Los galardones se entregar\u00e1n el pr\u00f3ximo d\u00eda 8 de noviembre en Sevilla, coincidiendo con el D\u00eda Mundial del Urbanismo La&hellip;<\/p>\n","protected":false},"author":2,"featured_media":14757,"comment_status":"open","ping_status":"open","sticky":false,"template":"","format":"standard","meta":{"om_disable_all_campaigns":false,"_mi_skip_tracking":false,"_monsterinsights_sitenote_active":false,"_monsterinsights_sitenote_note":"","_monsterinsights_sitenote_category":0,"footnotes":""},"categories":[22],"tags":[],"aioseo_notices":[],"_links":{"self":[{"href":"https:\/\/granadacostaglobal.es\/index.php?rest_route=\/wp\/v2\/posts\/14756"}],"collection":[{"href":"https:\/\/granadacostaglobal.es\/index.php?rest_route=\/wp\/v2\/posts"}],"about":[{"href":"https:\/\/granadacostaglobal.es\/index.php?rest_route=\/wp\/v2\/types\/post"}],"author":[{"embeddable":true,"href":"https:\/\/granadacostaglobal.es\/index.php?rest_route=\/wp\/v2\/users\/2"}],"replies":[{"embeddable":true,"href":"https:\/\/granadacostaglobal.es\/index.php?rest_route=%2Fwp%2Fv2%2Fcomments&post=14756"}],"version-history":[{"count":0,"href":"https:\/\/granadacostaglobal.es\/index.php?rest_route=\/wp\/v2\/posts\/14756\/revisions"}],"wp:featuredmedia":[{"embeddable":true,"href":"https:\/\/granadacostaglobal.es\/index.php?rest_route=\/"}],"wp:attachment":[{"href":"https:\/\/granadacostaglobal.es\/index.php?rest_route=%2Fwp%2Fv2%2Fmedia&parent=14756"}],"wp:term":[{"taxonomy":"category","embeddable":true,"href":"https:\/\/granadacostaglobal.es\/index.php?rest_route=%2Fwp%2Fv2%2Fcategories&post=14756"},{"taxonomy":"post_tag","embeddable":true,"href":"https:\/\/granadacostaglobal.es\/index.php?rest_route=%2Fwp%2Fv2%2Ftags&post=14756"}],"curies":[{"name":"wp","href":"https:\/\/api.w.org\/{rel}","templated":true}]}}