{"id":14674,"date":"2017-10-06T15:08:20","date_gmt":"2017-10-06T15:08:20","guid":{"rendered":"http:\/\/granadacostanacional.es\/?p=14674"},"modified":"2017-10-06T15:08:20","modified_gmt":"2017-10-06T15:08:20","slug":"fallo-del-jurado-del-v-certamen-internacional-de-poesia-granada-costa-dedicado-al-soneto-poeta-carlos-benitez-villodres","status":"publish","type":"post","link":"https:\/\/granadacostaglobal.es\/?p=14674","title":{"rendered":"Fallo del jurado del V Certamen Internacional de Poes\u00eda Granada Costa dedicado al Soneto \u201cPoeta Carlos Ben\u00edtez Villodres\u201d"},"content":{"rendered":"<p style=\"text-align: justify;\">Reunido el jurado del V Certamen Internacional de Poes\u00eda Granada Costa dedicado al Soneto \u201cPoeta Carlos Ben\u00edtez Villodres\u201d, presidido por su presidente D. Carlos Ben\u00edtez Villodres, en sesi\u00f3n extraordinaria el 29 de septiembre 2017 a las 10:30 horas en M\u00e1laga Capital, acuerdan por unanimidad, conceder los siguientes premios de dicho certamen:<\/p>\n<p style=\"text-align: justify;\">\u00a0Primer Premio: <strong>D. Manuel Gim\u00e9nez Gonz\u00e1lez<\/strong>, t\u00edtulo del poema: \u201c<em>Al Reloj de arena<\/em>\u201d<\/p>\n<p style=\"text-align: justify;\">Y los siguientes 3 finalistas:<\/p>\n<ul style=\"text-align: justify;\">\n<li>Finalista: <strong>D\u00f1a. Antonia Navarrete Lebrato<\/strong>. T\u00edtulo del poema: \u201c<em>Yo nunca quise hacer este mal viaje<\/em>\u201d.<\/li>\n<li>Finalista: <strong>D<\/strong>.\u00a0<strong>Rafael Camacho Garc\u00eda<\/strong>, t\u00edtulo del poema: \u201c<em>L\u00e1grimas de un ni\u00f1o<\/em>\u201d<\/li>\n<li>Finalista: <strong>D\u00f1a. Marisi Moureau Tamayo<\/strong>, t\u00edtulo del poema: \u201c<em>Eres M\u00e1laga<\/em>\u201d<\/li>\n<\/ul>\n<p style=\"text-align: justify;\">Y para que conste y se cumpla lo aqu\u00ed acordado se firma este documento en M\u00e1laga capital a veintinueve de septiembre de dos mil diecisiete.<\/p>\n<p style=\"text-align: center;\"><strong>\u00a0<\/strong><\/p>\n<p style=\"text-align: center;\"><strong>Gabriel Garc\u00eda Albertus<\/strong><\/p>\n<p style=\"text-align: center;\"><em>Secretario de actas del Proyecto Nacional de Cultura Granada Costa<\/em><\/p>\n","protected":false},"excerpt":{"rendered":"<p>Reunido el jurado del V Certamen Internacional de Poes\u00eda Granada Costa dedicado al Soneto \u201cPoeta Carlos Ben\u00edtez Villodres\u201d, presidido por&hellip;<\/p>\n","protected":false},"author":2,"featured_media":3699,"comment_status":"open","ping_status":"open","sticky":false,"template":"","format":"standard","meta":{"om_disable_all_campaigns":false,"_mi_skip_tracking":false,"_monsterinsights_sitenote_active":false,"_monsterinsights_sitenote_note":"","_monsterinsights_sitenote_category":0,"footnotes":""},"categories":[21,22],"tags":[],"aioseo_notices":[],"_links":{"self":[{"href":"https:\/\/granadacostaglobal.es\/index.php?rest_route=\/wp\/v2\/posts\/14674"}],"collection":[{"href":"https:\/\/granadacostaglobal.es\/index.php?rest_route=\/wp\/v2\/posts"}],"about":[{"href":"https:\/\/granadacostaglobal.es\/index.php?rest_route=\/wp\/v2\/types\/post"}],"author":[{"embeddable":true,"href":"https:\/\/granadacostaglobal.es\/index.php?rest_route=\/wp\/v2\/users\/2"}],"replies":[{"embeddable":true,"href":"https:\/\/granadacostaglobal.es\/index.php?rest_route=%2Fwp%2Fv2%2Fcomments&post=14674"}],"version-history":[{"count":0,"href":"https:\/\/granadacostaglobal.es\/index.php?rest_route=\/wp\/v2\/posts\/14674\/revisions"}],"wp:featuredmedia":[{"embeddable":true,"href":"https:\/\/granadacostaglobal.es\/index.php?rest_route=\/"}],"wp:attachment":[{"href":"https:\/\/granadacostaglobal.es\/index.php?rest_route=%2Fwp%2Fv2%2Fmedia&parent=14674"}],"wp:term":[{"taxonomy":"category","embeddable":true,"href":"https:\/\/granadacostaglobal.es\/index.php?rest_route=%2Fwp%2Fv2%2Fcategories&post=14674"},{"taxonomy":"post_tag","embeddable":true,"href":"https:\/\/granadacostaglobal.es\/index.php?rest_route=%2Fwp%2Fv2%2Ftags&post=14674"}],"curies":[{"name":"wp","href":"https:\/\/api.w.org\/{rel}","templated":true}]}}