{"id":14669,"date":"2017-10-06T14:40:37","date_gmt":"2017-10-06T14:40:37","guid":{"rendered":"http:\/\/granadacostanacional.es\/?p=14669"},"modified":"2017-10-06T14:40:37","modified_gmt":"2017-10-06T14:40:37","slug":"la-edar-de-constantina-con-una-inversion-de-mas-de-64-millones-de-euros-dara-servicio-a-una-poblacion-de-12-mil-personas","status":"publish","type":"post","link":"https:\/\/granadacostaglobal.es\/?p=14669","title":{"rendered":"La EDAR de Constantina, con una inversi\u00f3n de m\u00e1s de 6,4 millones de euros, dar\u00e1 servicio a una poblaci\u00f3n de 12 mil personas"},"content":{"rendered":"<p>&nbsp;<\/p>\n<p style=\"text-align: justify;\"><strong>El consejero de Medio Ambiente visita las obras de agrupaci\u00f3n de vertidos y de la adaptaci\u00f3n de la Edar de este municipio de la Sierra Norte de Sevilla<\/strong><\/p>\n<p style=\"text-align: justify;\">El consejero de Medio Ambiente y Ordenaci\u00f3n del Territorio, Jos\u00e9 Fiscal, ha visitado hoy en Constantina junto a la alcaldesa de la localidad, Eva Mar\u00eda Castillo, las obras de la agrupaci\u00f3n de vertidos y la adaptaci\u00f3n de la Estaci\u00f3n Depuradora de Aguas Residuales (Edar). Cuando dentro de un a\u00f1o hayan finalizado estos trabajos, la Edar dar\u00e1 servicio a una poblaci\u00f3n potencial de 12 mil habitantes.<\/p>\n<p style=\"text-align: justify;\">Jos\u00e9 Fiscal ha valorado la\u00a0 importancia que para la Sierra Norte supondr\u00e1 la entrada en funcionamiento de esta infraestructura, ya que recuperar\u00e1 el arroyo de la Villa. Las obras de depuraci\u00f3n en Constantina superan los seis millones cuatrocientos mil euros de inversi\u00f3n, comenzaron en octubre del pasado a\u00f1o y est\u00e1 previsto que concluyan en octubre de 2018. Hasta el d\u00eda de hoy se ha ejecutado el 28% de los trabajos, que dar\u00e1n empleo a 74 personas en su fase de construcci\u00f3n, y a 6 en la fase de mantenimiento y explotaci\u00f3n de la depuradora.<\/p>\n<p style=\"text-align: justify;\">El titular de Medio Ambiente ha se\u00f1alado que desde la Junta de Andaluc\u00eda se est\u00e1 ayudando a los ayuntamientos, que son quienes tienen las competencias en materia de depuraci\u00f3n, a afrontar\u00a0 las importantes inversiones que hacen falta para garantizar que todas las aguas residuales que se generan en las ciudades y los pueblos vuelvan a su medio libres de contaminaci\u00f3n.<\/p>\n<p style=\"text-align: justify;\">Fiscal ha recalcado que se debe proseguir con los esfuerzos para que Andaluc\u00eda cuente con\u00a0 las instalaciones necesarias para poder cumplir los objetivos de calidad que marca la Ley de Aguas. En este sentido, desde que la Junta de Andaluc\u00eda asumi\u00f3 las competencias en materia de aguas, el 89% de los municipios andaluces depuran sus aguas residuales.<\/p>\n<p style=\"text-align: justify;\">La inversi\u00f3n de la Consejer\u00eda de Medio Ambiente y Ordenaci\u00f3n del Territorio en infraestructuras de depuraci\u00f3n declaradas de Inter\u00e9s de la Comunidad Aut\u00f3noma, a fecha 31 de diciembre de 2016, ascendi\u00f3 a 465,5 millones de euros. De esta cantidad, 204, 65 millones se corresponden con obras finalizadas, mientras que el resto, casi 261 millones, son de actuaciones que se est\u00e1n ejecutando (149 millones) o bien est\u00e1n a punto de iniciarse (112 millones).<\/p>\n<p style=\"text-align: justify;\"><strong>Depuraci\u00f3n en Sevilla<\/strong><\/p>\n<p style=\"text-align: justify;\">La provincia de Sevilla dispone de estaciones depuradoras para el 94,89% de sus aglomeraciones de agua.\u00a0 Actualmente se encuentran en ejecuci\u00f3n un total de 4 instalaciones con obras para la agrupaci\u00f3n de vertidos y la construcci\u00f3n de las Estaciones Depuradoras de Aguas Residuales en las localidades de Roda de Andaluc\u00eda, Saucejo, Villanueva de San Juan y\u00a0 Alg\u00e1mitas. Tambi\u00e9n se est\u00e1 finalizando la Reunificaci\u00f3n de Vertidos y una estaci\u00f3n de bombeo (EBAR) en Lebrija.<\/p>\n<p style=\"text-align: justify;\">Disponen ya de un proyecto redactado las nuevas EDAR de El Rubio-Marinaleda, Villaverde del R\u00edo, La Luisiana, Ca\u00f1ada Rosal, as\u00ed como, la actuaci\u00f3n necesaria para la adecuaci\u00f3n de la EDAR de Pruna.<\/p>\n","protected":false},"excerpt":{"rendered":"<p>&nbsp; El consejero de Medio Ambiente visita las obras de agrupaci\u00f3n de vertidos y de la adaptaci\u00f3n de la Edar&hellip;<\/p>\n","protected":false},"author":2,"featured_media":14670,"comment_status":"open","ping_status":"open","sticky":false,"template":"","format":"standard","meta":{"om_disable_all_campaigns":false,"_mi_skip_tracking":false,"_monsterinsights_sitenote_active":false,"_monsterinsights_sitenote_note":"","_monsterinsights_sitenote_category":0,"footnotes":""},"categories":[22],"tags":[],"aioseo_notices":[],"_links":{"self":[{"href":"https:\/\/granadacostaglobal.es\/index.php?rest_route=\/wp\/v2\/posts\/14669"}],"collection":[{"href":"https:\/\/granadacostaglobal.es\/index.php?rest_route=\/wp\/v2\/posts"}],"about":[{"href":"https:\/\/granadacostaglobal.es\/index.php?rest_route=\/wp\/v2\/types\/post"}],"author":[{"embeddable":true,"href":"https:\/\/granadacostaglobal.es\/index.php?rest_route=\/wp\/v2\/users\/2"}],"replies":[{"embeddable":true,"href":"https:\/\/granadacostaglobal.es\/index.php?rest_route=%2Fwp%2Fv2%2Fcomments&post=14669"}],"version-history":[{"count":0,"href":"https:\/\/granadacostaglobal.es\/index.php?rest_route=\/wp\/v2\/posts\/14669\/revisions"}],"wp:featuredmedia":[{"embeddable":true,"href":"https:\/\/granadacostaglobal.es\/index.php?rest_route=\/"}],"wp:attachment":[{"href":"https:\/\/granadacostaglobal.es\/index.php?rest_route=%2Fwp%2Fv2%2Fmedia&parent=14669"}],"wp:term":[{"taxonomy":"category","embeddable":true,"href":"https:\/\/granadacostaglobal.es\/index.php?rest_route=%2Fwp%2Fv2%2Fcategories&post=14669"},{"taxonomy":"post_tag","embeddable":true,"href":"https:\/\/granadacostaglobal.es\/index.php?rest_route=%2Fwp%2Fv2%2Ftags&post=14669"}],"curies":[{"name":"wp","href":"https:\/\/api.w.org\/{rel}","templated":true}]}}