{"id":14589,"date":"2017-10-05T06:17:51","date_gmt":"2017-10-05T06:17:51","guid":{"rendered":"http:\/\/granadacostanacional.es\/?p=14589"},"modified":"2017-10-05T06:17:51","modified_gmt":"2017-10-05T06:17:51","slug":"medio-ambiente-y-ayuntamiento-de-malaga-abordan-el-proyecto-de-campamento-benitez-y-el-encauzamiento-del-canuelo","status":"publish","type":"post","link":"https:\/\/granadacostaglobal.es\/?p=14589","title":{"rendered":"Medio Ambiente y ayuntamiento de M\u00e1laga abordan el proyecto de Campamento Ben\u00edtez y el encauzamiento del Ca\u00f1uelo"},"content":{"rendered":"<p style=\"text-align: justify;\">Ambas administraciones colaborar\u00e1n para comprometer al Gobierno central a priorizar la obra de ampliaci\u00f3n del encauzamiento del Guadalhorce<\/p>\n<p style=\"text-align: justify;\">La Consejer\u00eda de Medio Ambiente y Ordenaci\u00f3n del Territorio estudia con el ayuntamiento de M\u00e1laga el proyecto de encauzamiento del arroyo Ca\u00f1uelo y el proyecto de urbanizaci\u00f3n de Campamento Ben\u00edtez. Ambas administraciones reiteran la necesidad sacar un compromiso del Gobierno central para la ampliaci\u00f3n del encauzamiento del r\u00edo Guadalhorce, obra de inter\u00e9s general del Estado que ambas administraciones consideran que es imprescindible acometer.<\/p>\n<p style=\"text-align: justify;\">\u00a0\u00a0\u00a0\u00a0\u00a0\u00a0\u00a0\u00a0 El director general de Planificaci\u00f3n\u00a0 y Gesti\u00f3n del Dominio P\u00fablico Hidr\u00e1ulico, Juan Mar\u00eda Serrato, se ha reunido con el teniente alcalde del Ayuntamiento de M\u00e1laga, Francisco Javier Pomares, para dar soluci\u00f3n a situaciones que afectan a la ordenaci\u00f3n de la ciudad de M\u00e1laga relacionadas con los problemas de inundabilidad, En este sentido ambos han destacado el clima de colaboraci\u00f3n entre Junta y Ayuntamiento para alcanzar soluciones.<\/p>\n<p style=\"text-align: justify;\">\u00a0\u00a0\u00a0\u00a0\u00a0\u00a0\u00a0\u00a0 Durante la reuni\u00f3n de trabajo se ha\u00a0 presentado el borrador del proyecto de urbanizaci\u00f3n de campamento Ben\u00edtez y del encauzamiento del arroyo Ca\u00f1uelo en su entorno. Esta reuni\u00f3n se inscribe en el clima de trabajo y de colaboraci\u00f3n institucional en la articulaci\u00f3n de los proyectos importantes para la ciudad de M\u00e1laga en lo que respecta al pronunciamiento de la administraci\u00f3n del agua de la Junta Andaluc\u00eda.<\/p>\n<p style=\"text-align: justify;\">\u00a0\u00a0\u00a0\u00a0\u00a0\u00a0\u00a0\u00a0 El edil malague\u00f1o ha indicado que se tiene previsto que en noviembre se pueda aprobar el proyecto de urbanizaci\u00f3n por parte del ayuntamiento para someterlo a informaci\u00f3n p\u00fablica y para requerir los informes sectoriales, entre los que se encuentra los de la Consejer\u00eda de Medio Ambiente. El proyecto de Campamento Ben\u00edtez prev\u00e9 una actuaci\u00f3n de encauzamiento del arroyo Ca\u00f1uelo que impedir\u00e1 situaciones de inundabilidad en el \u00e1mbito de actuaci\u00f3n y en otros sectores adyacentes.\u00a0 Junto a ello, se ha valorado la colaboraci\u00f3n para sacar adelante proyectos de envergadura c\u00f3mo es la ampliaci\u00f3n de plaza Mayor, que ponen de manifiesto la viabilidad de estos proyectos salvando la inundabilidad.<\/p>\n<p style=\"text-align: justify;\">\u00a0\u00a0\u00a0\u00a0\u00a0\u00a0\u00a0\u00a0 Tambi\u00e9n se ha puesto de manifiesto por el ayuntamiento la redacci\u00f3n de proyectos para mejorar la capacidad de evacuaci\u00f3n de los arroyos Toquero, Mayorazgo y La Caleta, mejorando el drenaje de estas zonas de la cuidad.<\/p>\n<p style=\"text-align: justify;\">\u00a0\u00a0\u00a0\u00a0\u00a0\u00a0\u00a0\u00a0 Los representantes de las dos administraciones se han puesto de acuerdo en la necesidad de colaborar y reunirse con la administraci\u00f3n central para comprometer la ampliaci\u00f3n del encauzamiento del R\u00edo Guadalhorce, que se ha demostrado insuficiente para las avenidas de periodo de retorno de 500 a\u00f1os, y que supone un riesgo identificado que provoca problemas de inundaciones en una parte de la ciudad de M\u00e1laga. Se trata de una obra de inter\u00e9s general del Estado.<\/p>\n<p style=\"text-align: justify;\">\u00a0\u00a0\u00a0\u00a0\u00a0\u00a0\u00a0\u00a0 Por \u00faltimo, tambi\u00e9n se ha hecho un repaso a la iniciativa municipal del proyecto de integraci\u00f3n urbana del r\u00edo Guadalmedina, respetuoso con las directrices de la administraci\u00f3n hidr\u00e1ulica andaluza.<\/p>\n","protected":false},"excerpt":{"rendered":"<p>Ambas administraciones colaborar\u00e1n para comprometer al Gobierno central a priorizar la obra de ampliaci\u00f3n del encauzamiento del Guadalhorce La Consejer\u00eda&hellip;<\/p>\n","protected":false},"author":2,"featured_media":14590,"comment_status":"open","ping_status":"open","sticky":false,"template":"","format":"standard","meta":{"om_disable_all_campaigns":false,"_mi_skip_tracking":false,"_monsterinsights_sitenote_active":false,"_monsterinsights_sitenote_note":"","_monsterinsights_sitenote_category":0,"footnotes":""},"categories":[22],"tags":[],"aioseo_notices":[],"_links":{"self":[{"href":"https:\/\/granadacostaglobal.es\/index.php?rest_route=\/wp\/v2\/posts\/14589"}],"collection":[{"href":"https:\/\/granadacostaglobal.es\/index.php?rest_route=\/wp\/v2\/posts"}],"about":[{"href":"https:\/\/granadacostaglobal.es\/index.php?rest_route=\/wp\/v2\/types\/post"}],"author":[{"embeddable":true,"href":"https:\/\/granadacostaglobal.es\/index.php?rest_route=\/wp\/v2\/users\/2"}],"replies":[{"embeddable":true,"href":"https:\/\/granadacostaglobal.es\/index.php?rest_route=%2Fwp%2Fv2%2Fcomments&post=14589"}],"version-history":[{"count":0,"href":"https:\/\/granadacostaglobal.es\/index.php?rest_route=\/wp\/v2\/posts\/14589\/revisions"}],"wp:featuredmedia":[{"embeddable":true,"href":"https:\/\/granadacostaglobal.es\/index.php?rest_route=\/"}],"wp:attachment":[{"href":"https:\/\/granadacostaglobal.es\/index.php?rest_route=%2Fwp%2Fv2%2Fmedia&parent=14589"}],"wp:term":[{"taxonomy":"category","embeddable":true,"href":"https:\/\/granadacostaglobal.es\/index.php?rest_route=%2Fwp%2Fv2%2Fcategories&post=14589"},{"taxonomy":"post_tag","embeddable":true,"href":"https:\/\/granadacostaglobal.es\/index.php?rest_route=%2Fwp%2Fv2%2Ftags&post=14589"}],"curies":[{"name":"wp","href":"https:\/\/api.w.org\/{rel}","templated":true}]}}