{"id":14558,"date":"2017-10-03T11:55:47","date_gmt":"2017-10-03T11:55:47","guid":{"rendered":"http:\/\/granadacostanacional.es\/?p=14558"},"modified":"2017-10-03T11:55:47","modified_gmt":"2017-10-03T11:55:47","slug":"casa-de-granada-en-madrid-2","status":"publish","type":"post","link":"https:\/\/granadacostaglobal.es\/?p=14558","title":{"rendered":"Casa de Granada en Madrid"},"content":{"rendered":"<h2 style=\"text-align: justify;\"><strong>C\u00e1lido homenaje al\u00a0 Director de orquesta y compositor Granadino<\/strong> <strong>MIGUEL ANGEL\u00a0 G\u00d3MEZ MU\u00d1OZ\u00a0<\/strong><\/h2>\n<p style=\"text-align: justify;\">Le fue entregado el\u00a0 PRIMER <strong>PREMIO DE LA CASA DE GRANADA EN<\/strong> <strong>MADRID<\/strong>, en m\u00e9rito a su trayectoria profesional y a su \u201cgranadinismo\u201d cargado en su mochila de \u00e9xitos por todo el mundo. Hace a\u00f1os que la Entidad granadina en Madrid\u00a0 reconoci\u00f3\u00a0 su brillante carrera y le otorg\u00f3 el Premio \u201cBiB-Rambla\u201d .<\/p>\n<p style=\"text-align: justify;\">\u00a0\u00a0\u00a0\u00a0\u00a0\u00a0\u00a0\u00a0\u00a0\u00a0\u00a0 Ofrecer una panor\u00e1mica de toda la trayectoria profesional\u00a0 de Miguel \u00c1ngel\u00a0 es un gran trabajo pleno de recuerdos\u00a0 satisfactorios y\u00a0 demostraci\u00f3n del trabajo realizado para alcanzar en el d\u00eda de hoy una de las batutas mas importantes del mundo. Dice su biograf\u00eda : <em>\u201c Naci\u00f3 en Granada un 17 de septiembre \u00a0de 1949,\u00a0 est\u00e1 nacionalizado suizo ( <strong>y empec\u00e9 a estudiar m\u00fasica a los cuatro a\u00f1os por propia voluntad y en contra de mis padres) <\/strong>es un director\u00a0 de orquesta\u00a0 y compositor de formaci\u00f3n germana, es conocido\u00a0 por no necesitar partitura\u00a0 para dirigir y por su rigurosidad a la hora de interpretar las obras respetando las intenciones del autor\u201d <\/em><\/p>\n<p style=\"text-align: justify;\">El entorno en que naci\u00f3 no puede ser m\u00e1s propicio para su carrera; su padre era director de la Banda de M\u00fasica de Granada\u00a0 y su madre pianista.<\/p>\n<p style=\"text-align: justify;\">\u00a0\u00a0\u00a0\u00a0\u00a0\u00a0\u00a0\u00a0\u00a0\u00a0\u00a0\u00a0\u00a0\u00a0\u00a0 El acto que presidi\u00f3 la Condesa de Benal\u00faa de las Villa y Duquesa de San Pedro Galatino, do\u00f1a Mar\u00eda Teresa Medinilla Bernales que estaba en la mesa arropada por el Presidente de la Casa se\u00f1or Almendros Alfambra y el Director de Orquesta se\u00f1or. Garc\u00eda Asensio que traz\u00f3 con gran afecto parte de la vida musical del homenajeado colmado, de an\u00e9cdotas y con gran visi\u00f3n del trabajo realizado durante los a\u00f1os dedicados a la m\u00fasica.<\/p>\n<p><a href=\"http:\/\/granadacostanacional.es\/wp-content\/uploads\/2017\/10\/Jose-Luis-Casa-en-AMdrid-3.jpg\"><img decoding=\"async\" loading=\"lazy\" class=\"alignnone  wp-image-14559\" src=\"http:\/\/granadacostanacional.es\/wp-content\/uploads\/2017\/10\/Jose-Luis-Casa-en-AMdrid-3-300x201.jpg\" alt=\"Jose Luis Casa en AMdrid 3\" width=\"611\" height=\"409\" \/><\/a><\/p>\n<p style=\"text-align: justify;\">\u00a0\u00a0\u00a0\u00a0\u00a0\u00a0\u00a0\u00a0\u00a0\u00a0\u00a0 El profesor premiado, pronunci\u00f3 unas palabras de agradecimiento\u00a0 a la Entidad que le otorgaba\u00a0 el Premio\u00a0 sinti\u00e9ndose enormemente satisfecho por encontrarse en esta Casa que es un rinc\u00f3n de nuestra querida Granada, dando las gracias al Se\u00f1or Presidente por la distinci\u00f3n de que era objeto y para \u00e9l inmerecida dedicando un afectuoso saludo a los granadinos all\u00ed presentes junto a las personalidades que asistieron entre la que se encontraban: La Junta Directiva de La Entidad el Director General de TVE Se\u00f1or S\u00e1nchez Rodriguez.\u00a0 El Almirante General (ex JEMAD) Se\u00f1or. Garc\u00eda S\u00e1nchez,\u00a0 Los catedr\u00e1ticos Se\u00f1ores Jim\u00e9nez Blanco y Antonio Alvar Ezquerra. El granadino ex director de la ONCE se\u00f1or Servando S\u00e1nchez Gonz\u00e1lez<\/p>\n<p style=\"text-align: justify;\">\u00a0\u00a0\u00a0\u00a0\u00a0\u00a0\u00a0\u00a0\u00a0\u00a0\u00a0 Cerr\u00f3 este acto granadino el Presidente de la Casa de Granada Don Francisco Almendros Alfambra\u00a0 refiri\u00e9ndose a la personalidad del premiado, agradeci\u00e9ndole la aceptaci\u00f3n del Premio y dirigi\u00e9ndose a todos los asistentes solicitud de colaboraci\u00f3n de todos \u201cporque esta Casa es de todos\u201d y tiene que ser espejo de cultura\u00a0 de nuestra tierra con vuestra presencia\u00a0 se ha visto<\/p>\n<p style=\"text-align: justify;\">A continuaci\u00f3n\u00a0\u00a0 con unos vinos, por Bodegas R. Fernandez, Vinos de Calahorra y Riojas de Dr. Jolumarco unos aperitivos y con el cierre magistral, como no, con la \u201cGranada\u201d de Agust\u00edn Lara interpretada por M\u00f3nica y unos pionono de Santa Fe ofrecidos\u00a0 gentilmente por\u00a0\u00a0 Pasteler\u00eda\u00a0 MICAR\u00a0 de la calle\u00a0 Zafra 27 de Madrid.<\/p>\n<p>&nbsp;<\/p>\n<p style=\"text-align: right;\"><em><strong>Jos\u00e9 Luis Mart\u00edn Correa<\/strong><\/em><\/p>\n","protected":false},"excerpt":{"rendered":"<p>C\u00e1lido homenaje al\u00a0 Director de orquesta y compositor Granadino MIGUEL ANGEL\u00a0 G\u00d3MEZ MU\u00d1OZ\u00a0 Le fue entregado el\u00a0 PRIMER PREMIO DE&hellip;<\/p>\n","protected":false},"author":2,"featured_media":14560,"comment_status":"open","ping_status":"open","sticky":false,"template":"","format":"standard","meta":{"om_disable_all_campaigns":false,"_mi_skip_tracking":false,"_monsterinsights_sitenote_active":false,"_monsterinsights_sitenote_note":"","_monsterinsights_sitenote_category":0,"footnotes":""},"categories":[21,22],"tags":[],"aioseo_notices":[],"_links":{"self":[{"href":"https:\/\/granadacostaglobal.es\/index.php?rest_route=\/wp\/v2\/posts\/14558"}],"collection":[{"href":"https:\/\/granadacostaglobal.es\/index.php?rest_route=\/wp\/v2\/posts"}],"about":[{"href":"https:\/\/granadacostaglobal.es\/index.php?rest_route=\/wp\/v2\/types\/post"}],"author":[{"embeddable":true,"href":"https:\/\/granadacostaglobal.es\/index.php?rest_route=\/wp\/v2\/users\/2"}],"replies":[{"embeddable":true,"href":"https:\/\/granadacostaglobal.es\/index.php?rest_route=%2Fwp%2Fv2%2Fcomments&post=14558"}],"version-history":[{"count":0,"href":"https:\/\/granadacostaglobal.es\/index.php?rest_route=\/wp\/v2\/posts\/14558\/revisions"}],"wp:featuredmedia":[{"embeddable":true,"href":"https:\/\/granadacostaglobal.es\/index.php?rest_route=\/"}],"wp:attachment":[{"href":"https:\/\/granadacostaglobal.es\/index.php?rest_route=%2Fwp%2Fv2%2Fmedia&parent=14558"}],"wp:term":[{"taxonomy":"category","embeddable":true,"href":"https:\/\/granadacostaglobal.es\/index.php?rest_route=%2Fwp%2Fv2%2Fcategories&post=14558"},{"taxonomy":"post_tag","embeddable":true,"href":"https:\/\/granadacostaglobal.es\/index.php?rest_route=%2Fwp%2Fv2%2Ftags&post=14558"}],"curies":[{"name":"wp","href":"https:\/\/api.w.org\/{rel}","templated":true}]}}