{"id":14514,"date":"2017-10-02T06:34:44","date_gmt":"2017-10-02T06:34:44","guid":{"rendered":"http:\/\/granadacostanacional.es\/?p=14514"},"modified":"2017-10-02T06:34:44","modified_gmt":"2017-10-02T06:34:44","slug":"el-plan-de-gestion-integral-de-los-montes-publicos-de-el-mustio-preve-reinvertir-en-la-zona-casi-54-millones-de-euros-en-los-proximos-diez-anos","status":"publish","type":"post","link":"https:\/\/granadacostaglobal.es\/?p=14514","title":{"rendered":"El Plan de Gesti\u00f3n Integral de los Montes P\u00fablicos de El Mustio prev\u00e9 reinvertir en la zona casi 5,4 millones de euros en los pr\u00f3ximos diez a\u00f1os"},"content":{"rendered":"<p style=\"text-align: justify;\"><strong>Fiscal ha presentado esta iniciativa, que contempla la creaci\u00f3n de 108.223 jornales directos en la provincia.<\/strong><\/p>\n<p style=\"text-align: justify;\">\u00a0\u00a0\u00a0\u00a0\u00a0\u00a0\u00a0\u00a0\u00a0\u00a0\u00a0 El consejero de Medio Ambiente y Ordenaci\u00f3n del Territorio, Jos\u00e9 Fiscal, ha presentado en Santa B\u00e1rbara de Casa (Huelva) el Plan de Gesti\u00f3n Integral (PGI) de los Montes P\u00fablicos de El Mustio. En total, catorce montes p\u00fablicos de la provincia se benefician de este plan, que lleva aprobado desde el mes de agosto, y afecta a los t\u00e9rminos municipales de siete municipios: Almonaster, Aroche, Cabezas Rubias, Cortegana, El Campillo, El Cerro del And\u00e9valo y Santa B\u00e1rbara de Casa. En total, se actuar\u00e1 en una superficie de terreno aproximada de 24.000 hect\u00e1reas.<\/p>\n<p style=\"text-align: justify;\">\u00a0\u00a0\u00a0\u00a0\u00a0\u00a0\u00a0\u00a0\u00a0\u00a0\u00a0 Gracias a esta iniciativa, la Consejer\u00eda cuenta con\u00a0 una previsi\u00f3n de ingresos y gastos de casi de 5,4 millones de euros para el pr\u00f3ximo decenio. Para el per\u00edodo 2017-2018, el PGI\u00a0 reinvertir\u00e1 algo m\u00e1s de 594.000 euros. La Junta de Andaluc\u00eda, a trav\u00e9s de estos planes, persigue implantar un nuevo modelo de gesti\u00f3n en los montes p\u00fablicos, con especial incidencia en la econom\u00eda local, generando alternativas sostenibles en la regi\u00f3n e incidiendo en la reinversi\u00f3n de los beneficios econ\u00f3micos de los aprovechamientos forestales en los propios montes de una forma continuada en el tiempo.<\/p>\n<p style=\"text-align: justify;\">\u00a0\u00a0\u00a0\u00a0\u00a0\u00a0\u00a0\u00a0\u00a0\u00a0\u00a0 \u00a0Para Fiscal, \u201cdesde la Junta de Andaluc\u00eda estamos convencidos de que el modelo de gesti\u00f3n p\u00fablica del monte es la manera m\u00e1s eficaz de conciliar la conservaci\u00f3n del entorno natural con el desarrollo sostenible, al tiempo que implicamos plenamente en ellos a la comunidad que vive en la zona\u201d.<\/p>\n<p style=\"text-align: justify;\">\u00a0\u00a0\u00a0\u00a0\u00a0\u00a0\u00a0\u00a0\u00a0\u00a0\u00a0 El Plan de Gesti\u00f3n Integral de los Montes P\u00fablicos de El Mustio se articula a trav\u00e9s de varias estrategias generales, como la destinada a potenciar y valorizar los aprovechamientos existentes y potenciales o la destinada a mejorar el medio natural y potenciar su gesti\u00f3n, a trav\u00e9s de la gesti\u00f3n de la estructura de la vegetaci\u00f3n y la conservaci\u00f3n y mejora de infraestructuras. La primera de estas estrategias contempla entre otras actividades, adem\u00e1s del aprovechamiento de la madera y la biomasa, el del corcho, el micol\u00f3gico, ap\u00edcola, as\u00ed como los aprovechamientos cineg\u00e9ticos y tur\u00edsticos.<\/p>\n<p style=\"text-align: justify;\">\u00a0\u00a0\u00a0\u00a0\u00a0\u00a0\u00a0\u00a0\u00a0\u00a0\u00a0 Respecto al aprovechamiento de la madera y la biomasa, por su tradici\u00f3n en la zona, Jos\u00e9 Fiscal ha sostenido que cuenta con la previsi\u00f3n de ingresos m\u00e1s importante del plan y aportar\u00e1 mayor estabilidad econ\u00f3mica y viabilidad al mismo. La producci\u00f3n estimada total de estos usos de los montes p\u00fablicos de El Mustio es de 363.289 toneladas.<\/p>\n<p style=\"text-align: justify;\"><strong>Planes de Gesti\u00f3n Integral en todas las provincias<\/strong><\/p>\n<p style=\"text-align: justify;\">\u00a0\u00a0\u00a0\u00a0\u00a0\u00a0\u00a0\u00a0\u00a0\u00a0\u00a0 El consejero de Medio Ambiente y Ordenaci\u00f3n del Territorio, Jos\u00e9 Fiscal, ha destacado que, en la actualidad, en todas las provincias de Andaluc\u00eda se est\u00e1 impulsando alg\u00fan Plan de Gesti\u00f3n Integral. Cuatro de ellos est\u00e1n en funcionamiento en estos momentos: el presentado hoy, el de los montes p\u00fablicos de Los Alcornocales, el de la sierra occidental de C\u00f3rdoba y el de la Sierra Norte de Sevilla. Los otros, o bien se encuentran en v\u00edas de aprobaci\u00f3n, como es el caso de Ja\u00e9n, o bien en revisi\u00f3n, que son los de M\u00e1laga, Almer\u00eda y Granada. Se trabaja en un total 71.006 hect\u00e1reas en toda la regi\u00f3n.<\/p>\n<p style=\"text-align: justify;\">\u00a0\u00a0\u00a0\u00a0\u00a0\u00a0\u00a0\u00a0\u00a0\u00a0\u00a0 Seg\u00fan el consejero, \u201cesta experiencia nos confirma que es un modelo de progreso real, diferencial de Andaluc\u00eda, que moderniza la gesti\u00f3n, genera, capta y reparte riqueza y aleja la privatizaci\u00f3n de los montes p\u00fablicos\u201d, ha concluido.<\/p>\n<p>&nbsp;<\/p>\n","protected":false},"excerpt":{"rendered":"<p>Fiscal ha presentado esta iniciativa, que contempla la creaci\u00f3n de 108.223 jornales directos en la provincia. \u00a0\u00a0\u00a0\u00a0\u00a0\u00a0\u00a0\u00a0\u00a0\u00a0\u00a0 El consejero de&hellip;<\/p>\n","protected":false},"author":2,"featured_media":14515,"comment_status":"open","ping_status":"open","sticky":false,"template":"","format":"standard","meta":{"om_disable_all_campaigns":false,"_mi_skip_tracking":false,"_monsterinsights_sitenote_active":false,"_monsterinsights_sitenote_note":"","_monsterinsights_sitenote_category":0,"footnotes":""},"categories":[22],"tags":[],"aioseo_notices":[],"_links":{"self":[{"href":"https:\/\/granadacostaglobal.es\/index.php?rest_route=\/wp\/v2\/posts\/14514"}],"collection":[{"href":"https:\/\/granadacostaglobal.es\/index.php?rest_route=\/wp\/v2\/posts"}],"about":[{"href":"https:\/\/granadacostaglobal.es\/index.php?rest_route=\/wp\/v2\/types\/post"}],"author":[{"embeddable":true,"href":"https:\/\/granadacostaglobal.es\/index.php?rest_route=\/wp\/v2\/users\/2"}],"replies":[{"embeddable":true,"href":"https:\/\/granadacostaglobal.es\/index.php?rest_route=%2Fwp%2Fv2%2Fcomments&post=14514"}],"version-history":[{"count":0,"href":"https:\/\/granadacostaglobal.es\/index.php?rest_route=\/wp\/v2\/posts\/14514\/revisions"}],"wp:featuredmedia":[{"embeddable":true,"href":"https:\/\/granadacostaglobal.es\/index.php?rest_route=\/"}],"wp:attachment":[{"href":"https:\/\/granadacostaglobal.es\/index.php?rest_route=%2Fwp%2Fv2%2Fmedia&parent=14514"}],"wp:term":[{"taxonomy":"category","embeddable":true,"href":"https:\/\/granadacostaglobal.es\/index.php?rest_route=%2Fwp%2Fv2%2Fcategories&post=14514"},{"taxonomy":"post_tag","embeddable":true,"href":"https:\/\/granadacostaglobal.es\/index.php?rest_route=%2Fwp%2Fv2%2Ftags&post=14514"}],"curies":[{"name":"wp","href":"https:\/\/api.w.org\/{rel}","templated":true}]}}