{"id":14510,"date":"2017-10-02T06:28:22","date_gmt":"2017-10-02T06:28:22","guid":{"rendered":"http:\/\/granadacostanacional.es\/?p=14510"},"modified":"2017-10-02T06:28:22","modified_gmt":"2017-10-02T06:28:22","slug":"un-total-de-7-800-alumnos-de-primaria-recibiran-este-curso-clases-de-refuerzo-de-idiomas-en-horario-extraescolar","status":"publish","type":"post","link":"https:\/\/granadacostaglobal.es\/?p=14510","title":{"rendered":"Un total de 7.800 alumnos de Primaria recibir\u00e1n este curso clases de refuerzo de idiomas en horario extraescolar"},"content":{"rendered":"<p style=\"text-align: justify;\"><strong>La Consejer\u00eda de Educaci\u00f3n ha puesto en marcha el programa de acompa\u00f1amiento escolar en lengua extranjera en 526 colegios p\u00fablicos no biling\u00fces.<\/strong><\/p>\n<p style=\"text-align: justify;\">\u00a0\u00a0\u00a0\u00a0\u00a0\u00a0\u00a0\u00a0\u00a0\u00a0\u00a0 Un total de 7.800 alumnos y alumnas de Educaci\u00f3n Primaria recibir\u00e1n este curso 2017\/18 clases de apoyo y refuerzo de idiomas en horario extraescolar. Se trata del programa de acompa\u00f1amiento escolar en lengua extranjera que tiene como finalidad mejorar la competencia ling\u00fc\u00edstica del alumnado de los primeros cursos de esta etapa educativa. Esta iniciativa ha sido puesta en marcha por la Consejer\u00eda de Educaci\u00f3n en colaboraci\u00f3n con el Ministerio de Educaci\u00f3n.<\/p>\n<p style=\"text-align: justify;\">El programa, que se ha implantado en 526 centros p\u00fablicos, tiene como objetivo reforzar el aprendizaje de la primera lengua extranjera incidiendo, sobre todo, en la comprensi\u00f3n auditiva y la pr\u00e1ctica oral desde edades tempranas. As\u00ed, esta iniciativa est\u00e1 dirigida a los alumnos y alumnas de entre 6 y 8 a\u00f1os de edad que no reciben ense\u00f1anza biling\u00fce.<\/p>\n<p style=\"text-align: justify;\">Los estudiantes, que son seleccionados por el profesor especialista y tutor, acudir\u00e1n al centro docente durante cuatro horas semanales en horario extraescolar donde realizar\u00e1n actividades participativas y din\u00e1micas que requieren la colaboraci\u00f3n activa del alumnado, como canciones en lengua extranjera, talleres de teatro o audiovisuales, entre otros.<\/p>\n<p style=\"text-align: justify;\">El alumnado es atendido por profesores externos al centro para resolver dudas y complementar el trabajo que se realiza en las aulas ayudando a los escolares a desarrollar su competencia comunicativa en otro idioma. Adem\u00e1s para facilitar el seguimiento del trabajo, se forman grupos peque\u00f1os de entre 5 y 10 alumnos.<\/p>\n<p style=\"text-align: justify;\"><a href=\"http:\/\/granadacostanacional.es\/wp-content\/uploads\/2017\/10\/Sin-t\u00edtulo-1.jpg\"><img decoding=\"async\" loading=\"lazy\" class=\"alignnone  wp-image-14511\" src=\"http:\/\/granadacostanacional.es\/wp-content\/uploads\/2017\/10\/Sin-t\u00edtulo-1-300x187.jpg\" alt=\"Sin t\u00edtulo-1\" width=\"600\" height=\"374\" \/><\/a><\/p>\n","protected":false},"excerpt":{"rendered":"<p>La Consejer\u00eda de Educaci\u00f3n ha puesto en marcha el programa de acompa\u00f1amiento escolar en lengua extranjera en 526 colegios p\u00fablicos&hellip;<\/p>\n","protected":false},"author":2,"featured_media":14513,"comment_status":"open","ping_status":"open","sticky":false,"template":"","format":"standard","meta":{"om_disable_all_campaigns":false,"_mi_skip_tracking":false,"_monsterinsights_sitenote_active":false,"_monsterinsights_sitenote_note":"","_monsterinsights_sitenote_category":0,"footnotes":""},"categories":[22],"tags":[],"aioseo_notices":[],"_links":{"self":[{"href":"https:\/\/granadacostaglobal.es\/index.php?rest_route=\/wp\/v2\/posts\/14510"}],"collection":[{"href":"https:\/\/granadacostaglobal.es\/index.php?rest_route=\/wp\/v2\/posts"}],"about":[{"href":"https:\/\/granadacostaglobal.es\/index.php?rest_route=\/wp\/v2\/types\/post"}],"author":[{"embeddable":true,"href":"https:\/\/granadacostaglobal.es\/index.php?rest_route=\/wp\/v2\/users\/2"}],"replies":[{"embeddable":true,"href":"https:\/\/granadacostaglobal.es\/index.php?rest_route=%2Fwp%2Fv2%2Fcomments&post=14510"}],"version-history":[{"count":0,"href":"https:\/\/granadacostaglobal.es\/index.php?rest_route=\/wp\/v2\/posts\/14510\/revisions"}],"wp:featuredmedia":[{"embeddable":true,"href":"https:\/\/granadacostaglobal.es\/index.php?rest_route=\/"}],"wp:attachment":[{"href":"https:\/\/granadacostaglobal.es\/index.php?rest_route=%2Fwp%2Fv2%2Fmedia&parent=14510"}],"wp:term":[{"taxonomy":"category","embeddable":true,"href":"https:\/\/granadacostaglobal.es\/index.php?rest_route=%2Fwp%2Fv2%2Fcategories&post=14510"},{"taxonomy":"post_tag","embeddable":true,"href":"https:\/\/granadacostaglobal.es\/index.php?rest_route=%2Fwp%2Fv2%2Ftags&post=14510"}],"curies":[{"name":"wp","href":"https:\/\/api.w.org\/{rel}","templated":true}]}}