{"id":14507,"date":"2017-10-02T06:20:32","date_gmt":"2017-10-02T06:20:32","guid":{"rendered":"http:\/\/granadacostanacional.es\/?p=14507"},"modified":"2017-10-02T06:20:32","modified_gmt":"2017-10-02T06:20:32","slug":"ciudadanos-motril-demanda-iniciativas-para-garantizar-la-accesibilidad-universal-en-los-parques-infantiles-de-la-ciudad","status":"publish","type":"post","link":"https:\/\/granadacostaglobal.es\/?p=14507","title":{"rendered":"Ciudadanos Motril demanda iniciativas para garantizar la accesibilidad universal en los parques infantiles de la ciudad"},"content":{"rendered":"<p style=\"text-align: justify;\"><strong>\u201cSe trata de una demanda social que garantizar\u00eda espacios de juego para ni\u00f1os en un ambiente de igualdad sin generar \u00e1mbitos de exclusi\u00f3n y promoviendo la comunicaci\u00f3n e interrelaci\u00f3n\u201d<\/strong>, se\u00f1ala la portavoz de la agrupaci\u00f3n de Cs Motril, Lola S\u00e1nchez<\/p>\n<p style=\"text-align: justify;\">La agrupaci\u00f3n local de Ciudadanos Motril ha demandado al equipo de gobierno actuaciones que permitan garantizar la accesibilidad universal en los parques infantiles de la ciudad. As\u00ed lo ha asegurado la portavoz de la formaci\u00f3n en Motril, Lola S\u00e1nchez, quien ha registrado una pregunta escrita a la Concejal\u00eda de Asuntos Sociales y Parques y Jardines para conocer sus planes para la instalaci\u00f3n de columpios y la adaptaci\u00f3n de los parques de ocio para ni\u00f1os con diversidad funcional.<\/p>\n<p style=\"text-align: justify;\"><strong>\u201cSe trata de una demanda social de los colectivos afectados con los que hemos contactado y garantizar\u00eda espacios de juego para ni\u00f1os en un ambiente de igualdad sin generar \u00e1mbitos de exclusi\u00f3n y promoviendo en todo momento la comunicaci\u00f3n e interrelaci\u00f3n entre todos los ni\u00f1os\u201d<\/strong>, ha se\u00f1alado S\u00e1nchez.<\/p>\n<p style=\"text-align: justify;\">La iniciativa que ha planteado la agrupaci\u00f3n de Cs Motril propone la adecuaci\u00f3n de los parques municipales de ocio infantil de una forma gradual en tres fases, de una forma similar a la que plante\u00f3 la formaci\u00f3n naranja en la capital. <strong>\u201cLa primera fase se encargar\u00e1 de la incorporaci\u00f3n de elementos de accesibilidad infantil universal en, al menos, el parque m\u00e1s significativo de cada uno de los barrios de la ciudad. La segunda fase llevar\u00e1 a la incorporaci\u00f3n a medio plazo de estos elementos de accesibilidad universal a todos los parques municipales; mientras que la tercera fase incidir\u00e1 en la integraci\u00f3n de estos elementos en los futuros parques que se proyecten en la ciudad\u201d<\/strong>, ha se\u00f1alado la portavoz.<\/p>\n<p style=\"text-align: justify;\">Por su parte, la coordinadora de la agrupaci\u00f3n, Raquel Garc\u00eda, ha puesto de manifiesto que el objetivo de la propuesta es <strong>\u201cconseguir que todos los parques sean inclusivos y accesibles y que no tengan ning\u00fan tipo de barrera arquitect\u00f3nica\u201d<\/strong>, es decir, <strong>\u201cque tengan pasillos que permitan el acceso de sillas de ruedas, que tengan columpios adaptados y toboganes con barandillas de seguridad\u201d<\/strong>.<\/p>\n<p style=\"text-align: justify;\"><strong>\u201cDesde Ciudadanos consideramos que hay que invertir en nuestra infancia, proteger sus derechos, luchar contra la exclusi\u00f3n social y la discriminaci\u00f3n, promover la justicia y la protecci\u00f3n sociales, especialmente en los ni\u00f1os y ni\u00f1as con necesidades especiales\u201d<\/strong>, ha resaltado S\u00e1nchez, quien ha recordado que <strong>\u201cla accesibilidad universal de los parques beneficiar\u00eda a toda la sociedad, ya que el contacto y la interrelaci\u00f3n de los peque\u00f1os ayuda a convivir y familiarizarse con la diversidad funcional\u201d<\/strong>.<\/p>\n<p>&nbsp;<\/p>\n","protected":false},"excerpt":{"rendered":"<p>\u201cSe trata de una demanda social que garantizar\u00eda espacios de juego para ni\u00f1os en un ambiente de igualdad sin generar&hellip;<\/p>\n","protected":false},"author":2,"featured_media":14508,"comment_status":"open","ping_status":"open","sticky":false,"template":"","format":"standard","meta":{"om_disable_all_campaigns":false,"_mi_skip_tracking":false,"_monsterinsights_sitenote_active":false,"_monsterinsights_sitenote_note":"","_monsterinsights_sitenote_category":0,"footnotes":""},"categories":[22],"tags":[],"aioseo_notices":[],"_links":{"self":[{"href":"https:\/\/granadacostaglobal.es\/index.php?rest_route=\/wp\/v2\/posts\/14507"}],"collection":[{"href":"https:\/\/granadacostaglobal.es\/index.php?rest_route=\/wp\/v2\/posts"}],"about":[{"href":"https:\/\/granadacostaglobal.es\/index.php?rest_route=\/wp\/v2\/types\/post"}],"author":[{"embeddable":true,"href":"https:\/\/granadacostaglobal.es\/index.php?rest_route=\/wp\/v2\/users\/2"}],"replies":[{"embeddable":true,"href":"https:\/\/granadacostaglobal.es\/index.php?rest_route=%2Fwp%2Fv2%2Fcomments&post=14507"}],"version-history":[{"count":0,"href":"https:\/\/granadacostaglobal.es\/index.php?rest_route=\/wp\/v2\/posts\/14507\/revisions"}],"wp:featuredmedia":[{"embeddable":true,"href":"https:\/\/granadacostaglobal.es\/index.php?rest_route=\/"}],"wp:attachment":[{"href":"https:\/\/granadacostaglobal.es\/index.php?rest_route=%2Fwp%2Fv2%2Fmedia&parent=14507"}],"wp:term":[{"taxonomy":"category","embeddable":true,"href":"https:\/\/granadacostaglobal.es\/index.php?rest_route=%2Fwp%2Fv2%2Fcategories&post=14507"},{"taxonomy":"post_tag","embeddable":true,"href":"https:\/\/granadacostaglobal.es\/index.php?rest_route=%2Fwp%2Fv2%2Ftags&post=14507"}],"curies":[{"name":"wp","href":"https:\/\/api.w.org\/{rel}","templated":true}]}}