{"id":14502,"date":"2017-09-28T06:46:05","date_gmt":"2017-09-28T06:46:05","guid":{"rendered":"http:\/\/granadacostanacional.es\/?p=14502"},"modified":"2017-09-28T06:46:05","modified_gmt":"2017-09-28T06:46:05","slug":"el-paraisocatalan","status":"publish","type":"post","link":"https:\/\/granadacostaglobal.es\/?p=14502","title":{"rendered":"EL \u201cPARAISO\u201d\u2026CATAL\u00c1N"},"content":{"rendered":"<p style=\"text-align: justify;\">Esper\u00e9 casi a las \u00faltimos d\u00edas \u00a0del llamado Referendo \u00a0para el separatismo imaginario de algunos catalanes, digo bien, algunos , porque es de todos conocidos que la masa anti separatismo obra con precisi\u00f3n en sus apariciones callejeras dejando a un lado las vivencias extremistas de\u00a0 unos catalanes enga\u00f1ados.\u00a0 Cualquier cosa que a\u00f1ada al comportamiento que do el mundo est\u00e1 presenciado por esa masa y esos partidos\u00a0 de\u00a0 los que tenemos que avergonzarnos, no por idealismos, sino por la actuaci\u00f3n antic\u00edvica\u00a0 de los que desean una postura y rompimiento de esta Espa\u00f1a , hoy en orden y centenaria en valores.<\/p>\n<p style=\"text-align: justify;\">Parece inconcebible que ciudadanos que estamos expuestos a mil problemas\u00a0 a diario \u00a0no pensemos\u00a0 en\u00a0 una posibilidad de que los servicios que prestan, tanto la Guardia Civil, la Polic\u00eda Nacional, las polic\u00edas locales y comunitarias ponen en riesgo\u00a0 su propia vida en multitud de ocasiones r resolver problemas con investigaci\u00f3n y fieles a la Autoridad judicial.<\/p>\n<p style=\"text-align: justify;\">Hago un peque\u00f1o recuerdo hist\u00f3rico que viene a confirmar el car\u00e1cter y la idea de sentirse distintos a los dem\u00e1s algunos grupos catalanes.<\/p>\n<p style=\"text-align: justify;\"><strong><em>Repetidas veces\u00a0 ha ocurrido en Catalu\u00f1a, alborotos y levantamientos, especialmente en Barcelona, alborotos y levantamientos en contra del gobierno\u00a0 de la naci\u00f3n: pero los dos m\u00e1s imponentes, m\u00e1s sostenidos\u00a0 y que han ocasionados guerras sangrientas , han sido\u00a0 el de 1447 en tiempo de don Juan de Arag\u00f3n y el de la separaci\u00f3n\u00a0 con Felipe IV.<\/em><\/strong><\/p>\n<p style=\"text-align: justify;\"><strong><em>La causa de la \u00a0\u00a0sublevaci\u00f3n en tiempos de don Juan II de Arag\u00f3n, fue porque mand\u00f3\u00a0 prender a su hijo primog\u00e9nito el Pr\u00edncipe de Viana, a causa de que este, abiertamente y\u00a0 a despecho de su padre, quer\u00eda tomar la\u00a0 soberan\u00eda de Navarra, a la que ten\u00eda derecho por\u00a0 de la reinan do\u00f1a Blanca . Indign\u00e1ndose por esto los catalanes, prendieron al Pr\u00edncipe en las Cortes Generales de la Provincia. Pidieron al Rey que pusiese al pr\u00edncipe en libertad y al no conced\u00e9rselo\u00a0 salieron con armas en la mano al mando de don Juan de cabrera. Al fin les fue entregado el Pr\u00edncipe\u00a0 a quien llevaron a Barcelona, consider\u00e1ndole y aclam\u00e1ndole como se\u00f1or absoluto de Catalu\u00f1a , todo a despecho del rey, su padre .<\/em><\/strong><\/p>\n<p style=\"text-align: justify;\"><strong><em>La muerte del Pr\u00edncipe acaecido poco tiempo despu\u00e9s, lejos de mitigar la insurrecci\u00f3n, contribuy\u00f3 a que m\u00e1s fomentase, hasta el punto de que los catalanes se entregasen a don Enrique IV\u00a0 de Castilla, proclam\u00e1ndole Conde de Barcelona. Como l\u00f1as relaciones de don Enrique con don Juan II de Arag\u00f3n no le permitiese\u00a0 de este modo la guerra, tan tenaces los catalanes\u00a0 llamaron a don Pedro condestable de Portugal, que acudi\u00f3 gustoso a tomar posesi\u00f3n del Principado, al que ten\u00eda alg\u00fan derecho por su madre. Al fin los catalanes y portugueses auxiliares fueron vencidos por las tropas de don Juan II \u00a0en la c\u00e9lebre Batalla de Prats del Rey, en febrero de 1463, siendo\u00a0 preso el conde de Pallas, principal promovedor de aquellos acontecimientos b\u00e9licos. A estos sucesos se sigui\u00f3\u00a0 la rendici\u00f3n de Barcelona y la conclusi\u00f3n de la guerra con el indulto general dado por el Rey.<\/em><\/strong><\/p>\n<p style=\"text-align: justify;\"><strong><em>En cuanto a la sublevaci\u00f3n de Catalu\u00f1a en la \u00e9poca de Felipe IV tuvo principios por el a\u00f1o 1640, siendo las causas las divergencias de los soldado con el pueblo que propiciaron el rompimiento de otras causas que ten\u00edan bien preparado. Los catalanes faltando a la obediencia de su leg\u00edtimo Rey quisieron establecer una rep\u00fablica libre bajo la protecci\u00f3n de Francia, mediando para esto convenios y capitulaciones\u00a0 en virtud de las cuales las tropas francesas entraron a favorecer la insurrecci\u00f3n del Principado. Fueron muy diversos los trances de la guerra, hasta que el a\u00f1o 1652 \u00a0que dur\u00f3 y mu y obstinadas las defensas\u00a0 en Barcelona, L\u00e9rida, Tarragona, Rosas, Perpi\u00f1\u00e1n y Tortosa. Al fin las tropas de Felipe IV, dirigidas por Juan de Austria \u2013hijo ileg\u00edtimo\u2026- consiguieron el triunfo vali\u00e9ndose\u00a0 este pr\u00edncipe de medios conciliadores, siendo el m\u00e1s notable un perd\u00f3n o indulto general , del que\u00a0 s\u00f3lo\u00a0 qued\u00f3 esceptuado don Jos\u00e9 Viure y Mrgarit, que hab\u00eda sido el responsable y promovedor de tantos desastres. Don Juan de Austria entr\u00f3 en Barcelona el\u00a0 15 de octubre de 1652. A la rendici\u00f3n de Barcelona\u00a0 siguieron el mismo camino las restantes plazas importantes de Catalu\u00f1a, a no ser la de Rosas , que sigui\u00f3 defendida por\u00a0 <\/em><\/strong><strong><em>Francia\u00a0\u00a0 <\/em><\/strong><\/p>\n<p style=\"text-align: right;\"><strong><em>\u00a0\u00a0\u00a0 \u00a0Jos\u00e9 Luis Mart\u00edn Correa\u00a0 \u00a0\u00a0\u00a0\u00a0<\/em><\/strong><\/p>\n<p style=\"text-align: justify;\"><strong><em>\u00a0<\/em><\/strong><\/p>\n","protected":false},"excerpt":{"rendered":"<p>Esper\u00e9 casi a las \u00faltimos d\u00edas \u00a0del llamado Referendo \u00a0para el separatismo imaginario de algunos catalanes, digo bien, algunos ,&hellip;<\/p>\n","protected":false},"author":2,"featured_media":14503,"comment_status":"open","ping_status":"open","sticky":false,"template":"","format":"standard","meta":{"om_disable_all_campaigns":false,"_mi_skip_tracking":false,"_monsterinsights_sitenote_active":false,"_monsterinsights_sitenote_note":"","_monsterinsights_sitenote_category":0,"footnotes":""},"categories":[22],"tags":[],"aioseo_notices":[],"_links":{"self":[{"href":"https:\/\/granadacostaglobal.es\/index.php?rest_route=\/wp\/v2\/posts\/14502"}],"collection":[{"href":"https:\/\/granadacostaglobal.es\/index.php?rest_route=\/wp\/v2\/posts"}],"about":[{"href":"https:\/\/granadacostaglobal.es\/index.php?rest_route=\/wp\/v2\/types\/post"}],"author":[{"embeddable":true,"href":"https:\/\/granadacostaglobal.es\/index.php?rest_route=\/wp\/v2\/users\/2"}],"replies":[{"embeddable":true,"href":"https:\/\/granadacostaglobal.es\/index.php?rest_route=%2Fwp%2Fv2%2Fcomments&post=14502"}],"version-history":[{"count":0,"href":"https:\/\/granadacostaglobal.es\/index.php?rest_route=\/wp\/v2\/posts\/14502\/revisions"}],"wp:featuredmedia":[{"embeddable":true,"href":"https:\/\/granadacostaglobal.es\/index.php?rest_route=\/"}],"wp:attachment":[{"href":"https:\/\/granadacostaglobal.es\/index.php?rest_route=%2Fwp%2Fv2%2Fmedia&parent=14502"}],"wp:term":[{"taxonomy":"category","embeddable":true,"href":"https:\/\/granadacostaglobal.es\/index.php?rest_route=%2Fwp%2Fv2%2Fcategories&post=14502"},{"taxonomy":"post_tag","embeddable":true,"href":"https:\/\/granadacostaglobal.es\/index.php?rest_route=%2Fwp%2Fv2%2Ftags&post=14502"}],"curies":[{"name":"wp","href":"https:\/\/api.w.org\/{rel}","templated":true}]}}