{"id":14499,"date":"2017-09-28T06:39:33","date_gmt":"2017-09-28T06:39:33","guid":{"rendered":"http:\/\/granadacostanacional.es\/?p=14499"},"modified":"2017-09-28T06:39:33","modified_gmt":"2017-09-28T06:39:33","slug":"fiscal-avanza-en-el-parlamento-que-la-futura-ley-de-cambio-climatico-establecera-significativas-reducciones-de-emisiones-de-co2","status":"publish","type":"post","link":"https:\/\/granadacostaglobal.es\/?p=14499","title":{"rendered":"Fiscal avanza en el Parlamento que la futura Ley de Cambio Clim\u00e1tico establecer\u00e1 significativas reducciones de emisiones de CO2"},"content":{"rendered":"<p style=\"text-align: justify;\">El consejero destaca el car\u00e1cter pionero de las iniciativas desarrolladas en Andaluc\u00eda para minimizar los efectos del cambio clim\u00e1tico<\/p>\n<p style=\"text-align: justify;\">El consejero de Medio Ambiente y Ordenaci\u00f3n del Territorio, Jos\u00e9 Fiscal, ha destacado el car\u00e1cter pionero de todas las iniciativas adoptadas hasta ahora por el Gobierno andaluz para minimizar los efectos del cambio clim\u00e1tico, una estrategia que se consolidar\u00e1 con la futura Ley de Cambio Clim\u00e1tico, que se convertir\u00e1 en \u201cun eje fundamental de las pol\u00edticas de la Junta de Andaluc\u00eda\u201d. Esta norma, que pretende ser un instrumento de prevenci\u00f3n y correcci\u00f3n de los efectos adversos de este fen\u00f3meno global, promover\u00e1 un modelo de consumo energ\u00e9tico diferente, adem\u00e1s de proponer h\u00e1bitos saludables en \u00e1reas estrat\u00e9gicas como el transporte, alimentaci\u00f3n, servicios e infraestructuras p\u00fablicas, agricultura o turismo.<\/p>\n<p style=\"text-align: justify;\">Durante su intervenci\u00f3n en el Parlamento andaluz, Fiscal ha avanzado que la futura Ley fijar\u00e1 nuevos l\u00edmites a la contaminaci\u00f3n por gases de efecto invernadero y se centrar\u00e1, sobre todo, en las denominadas emisiones difusas,\u00a0 que no est\u00e1n sujetas al R\u00e9gimen Europeo del Comercio de Derechos de Emisi\u00f3n y que suponen un 55% de la contaminaci\u00f3n vinculada al cambio clim\u00e1tico en la regi\u00f3n. Estos l\u00edmites ser\u00e1n revisables por el Consejo de Gobierno en funci\u00f3n de los compromisos que puedan adquirirse en el \u00e1mbito internacional, de las disminuciones logradas o de los impactos econ\u00f3micos y sociales de las medidas previstas.<\/p>\n<p style=\"text-align: justify;\">La futura Ley contempla tambi\u00e9n un Plan Andaluz de Acci\u00f3n por el Clima en el que se abordar\u00e1n los objetivos de mitigaci\u00f3n y adaptaci\u00f3n desde el \u00e1mbito local y auton\u00f3mico, para incorporarlos a todas las planificaciones sectoriales. En este sentido, Fiscal ha avanzado que los objetivos de este plan ser\u00e1n los propuestos por la Uni\u00f3n Europea que para 2030 establece una reducci\u00f3n general de emisiones en r\u00e9gimen de comercio del 43%, sobre la referencia de 2005, y para las difusas del 30%.<\/p>\n<p style=\"text-align: justify;\">En el transcurso de su intervenci\u00f3n, el consejero ha afirmado que para combatir los efectos del cambio clim\u00e1tico hay que desarrollar, por una parte, pol\u00edticas de mitigaci\u00f3n que permitan disminuir las emisiones de efecto invernadero y secuestrar di\u00f3xido de carbono de la atm\u00f3sfera; y por otro, aplicar pol\u00edticas de adaptaci\u00f3n para minimizar las consecuencias negativas de este fen\u00f3meno global en todo el territorio andaluz, una de las zonas m\u00e1s vulnerables de Europa, como todo el Mediterr\u00e1neo occidental.<\/p>\n<p style=\"text-align: justify;\">En esta l\u00ednea, el titular de Medio Ambiente ha destacado las iniciativas llevadas a cabo en los \u00faltimos a\u00f1os por el Gobierno andaluz para frenar la amenaza del calentamiento global. As\u00ed, tras convertirse en 2002 en la primera Comunidad de Espa\u00f1a en aprobar una estrategia ante el cambio clim\u00e1tico, se han llevado a cabo los programas de mitigaci\u00f3n (2007), adaptaci\u00f3n (2010) y comunicaci\u00f3n (2012), y en 2014 el inicio de la tramitaci\u00f3n del anteproyecto de Ley de Cambio Clim\u00e1tico, que actualmente se encuentra en una fase muy avanzada ya que est\u00e1 pendiente del informe del Consejo Consultivo de Andaluc\u00eda. \u201cCon todo ello se ratifica la voluntad de Andaluc\u00eda de dar cumplimiento a los acuerdos internacionales asumidos, adem\u00e1s de contribuir de manera efectiva a paliar los efectos de este grave problema\u201d, ha a\u00f1adido.<\/p>\n<p style=\"text-align: justify;\">Un ejemplo de ello es que gracias al programa de mitigaci\u00f3n se alcanz\u00f3 con un a\u00f1o de adelanto el objetivo inicial planteado para 2012 de disminuir la emisi\u00f3n de gases de efecto invernadero en un 19% respecto a 2004. En concreto, seg\u00fan Fiscal, se ha logrado reducir un 21%.<\/p>\n<p style=\"text-align: justify;\">En esta l\u00ednea el consejero ha resaltado algunas de las medidas que ha desarrollado la Junta para lograr estos objetivos. En concreto, las relacionadas con la concesi\u00f3n de ayudas para la transformaci\u00f3n de la energ\u00eda en procesos industriales, unos incentivos que superaron en el periodo 2008-2012 los 200 millones de euros; el fomento de la sostenibilidad agraria y pesquera, mediante el impulso del ahorro energ\u00e9tico y las energ\u00edas renovables en la industria agroalimentaria; la mejora del transporte p\u00fablico o el impulso de la movilidad no motorizada.<\/p>\n<p style=\"text-align: justify;\">Dentro de las competencias que tiene asignada la Consejer\u00eda de Medio Ambiente y Ordenaci\u00f3n del Territorio, Fiscal ha destacado los tratamientos de restauraci\u00f3n en \u00e1reas con un grado muy alto de desertificaci\u00f3n, los programas de seguimiento de la flora y fauna y el aprovechamiento de los recursos naturales. Respecto a las pol\u00edticas hidr\u00e1ulicas sobresale tambi\u00e9n la elaboraci\u00f3n de planes para la amortiguaci\u00f3n de fen\u00f3menos extremos como la sequ\u00eda o las avenidas e inundaciones, mientras que en tratamiento de los residuos destacan las acciones destinadas al aprovechamiento del biog\u00e1s de vertedero, la recuperaci\u00f3n de materiales o la valorizaci\u00f3n energ\u00e9tica. A todo ello hay que sumar las campa\u00f1as de educaci\u00f3n ambiental dirigidas a todo tipo de p\u00fablico para concienciar sobre los efectos del cambio clim\u00e1tico y promover conductas respetuosas con el medio ambiente.<\/p>\n<p style=\"text-align: justify;\">A estas medidas se suman otras iniciativas como la asistencia t\u00e9cnica a los ayuntamientos adheridos al Pacto de los Gobiernos Locales ante el Cambio Clim\u00e1tico, el programa \u2018Huella de Carbono Municipal\u2019 y los acuerdos voluntarios con empresas del Sistema Andaluz de Compensaci\u00f3n de Emisiones.<\/p>\n","protected":false},"excerpt":{"rendered":"<p>El consejero destaca el car\u00e1cter pionero de las iniciativas desarrolladas en Andaluc\u00eda para minimizar los efectos del cambio clim\u00e1tico El&hellip;<\/p>\n","protected":false},"author":2,"featured_media":14500,"comment_status":"open","ping_status":"open","sticky":false,"template":"","format":"standard","meta":{"om_disable_all_campaigns":false,"_mi_skip_tracking":false,"_monsterinsights_sitenote_active":false,"_monsterinsights_sitenote_note":"","_monsterinsights_sitenote_category":0,"footnotes":""},"categories":[22],"tags":[],"aioseo_notices":[],"_links":{"self":[{"href":"https:\/\/granadacostaglobal.es\/index.php?rest_route=\/wp\/v2\/posts\/14499"}],"collection":[{"href":"https:\/\/granadacostaglobal.es\/index.php?rest_route=\/wp\/v2\/posts"}],"about":[{"href":"https:\/\/granadacostaglobal.es\/index.php?rest_route=\/wp\/v2\/types\/post"}],"author":[{"embeddable":true,"href":"https:\/\/granadacostaglobal.es\/index.php?rest_route=\/wp\/v2\/users\/2"}],"replies":[{"embeddable":true,"href":"https:\/\/granadacostaglobal.es\/index.php?rest_route=%2Fwp%2Fv2%2Fcomments&post=14499"}],"version-history":[{"count":0,"href":"https:\/\/granadacostaglobal.es\/index.php?rest_route=\/wp\/v2\/posts\/14499\/revisions"}],"wp:featuredmedia":[{"embeddable":true,"href":"https:\/\/granadacostaglobal.es\/index.php?rest_route=\/"}],"wp:attachment":[{"href":"https:\/\/granadacostaglobal.es\/index.php?rest_route=%2Fwp%2Fv2%2Fmedia&parent=14499"}],"wp:term":[{"taxonomy":"category","embeddable":true,"href":"https:\/\/granadacostaglobal.es\/index.php?rest_route=%2Fwp%2Fv2%2Fcategories&post=14499"},{"taxonomy":"post_tag","embeddable":true,"href":"https:\/\/granadacostaglobal.es\/index.php?rest_route=%2Fwp%2Fv2%2Ftags&post=14499"}],"curies":[{"name":"wp","href":"https:\/\/api.w.org\/{rel}","templated":true}]}}