{"id":14496,"date":"2017-09-28T06:28:15","date_gmt":"2017-09-28T06:28:15","guid":{"rendered":"http:\/\/granadacostanacional.es\/?p=14496"},"modified":"2017-09-28T06:28:15","modified_gmt":"2017-09-28T06:28:15","slug":"ciudadanos-impulsa-la-celebracion-de-una-feria-para-la-adopcion-de-animales-y-concienciar-contra-el-abandono","status":"publish","type":"post","link":"https:\/\/granadacostaglobal.es\/?p=14496","title":{"rendered":"Ciudadanos impulsa la celebraci\u00f3n de una feria para la adopci\u00f3n de animales y concienciar contra el abandono"},"content":{"rendered":"<p style=\"text-align: justify;\"><strong>\u201cDesde Ciudadanos pensamos que el maltrato y el abandono de animales no son compatibles con una sociedad desarrollada\u201d<\/strong>, asegura la concejal Mar\u00eda del Mar S\u00e1nchez, quien ha reconocido la importante labor que desempe\u00f1an cada d\u00eda asociaciones y protectoras .<\/p>\n<p style=\"text-align: justify;\">Los grupos de Ciudadanos en el Ayuntamiento de la Granada y la Diputaci\u00f3n Provincial de Granada llevar\u00e1n a los pr\u00f3ximos plenos de ambas instituciones una propuesta para la celebraci\u00f3n de una feria para la adopci\u00f3n de animales en colaboraci\u00f3n con el Colegio de Veterinarios y las asociaciones y protectoras de toda la provincia y concienciar con ella a la poblaci\u00f3n contra el abandono animal.<\/p>\n<p style=\"text-align: justify;\"><strong>\u201cDesde Ciudadanos pensamos que el maltrato y el abandono de animales no son compatibles con una sociedad desarrollada\u201d<\/strong>, ha manifestado la concejal Mar\u00eda del Mar S\u00e1nchez, quien ha se\u00f1alado la importancia de concienciar del sufrimiento que supone para un animal ser abandono, no contar con un m\u00ednimo de cuidados y estar expuesto a inclemencias, enfermedades, hambre y malos tratos.<\/p>\n<p style=\"text-align: justify;\">La propuesta de Ciudadanos solicita el desarrollo, al menos una vez al a\u00f1o, de una feria que tenga como objetivo la adopci\u00f3n del m\u00e1ximo n\u00famero posible de animales que hoy est\u00e1n en refugios y concienciar de las medidas que pueden contribuir a disminuir el abandono, adem\u00e1s de dar a conocer el esfuerzo que cada d\u00eda hacen cientos de personas a t\u00edtulo individual en esta provincia por defender a los animales. <strong>\u201cNo podemos olvidarnos de que, adem\u00e1s de los servicios contratados por los ayuntamientos, son much\u00edsimas las asociaciones sin \u00e1nimo de lucro que colaboran por humanidad en esa recogida de animales abandonados que llegan en muchos casos heridos o enfermos y que cuentan con grandes limitaciones f\u00edsicas y econ\u00f3micas para realizar esa importante labor\u201d<\/strong>, ha resaltado S\u00e1nchez.<\/p>\n<p style=\"text-align: justify;\">Por su parte, el concejal y portavoz del grupo de Cs en la Diputaci\u00f3n Provincial, Ra\u00fal Fern\u00e1ndez, ha aseverado que esta iniciativa se suma a las diversas actuaciones pol\u00edticas que Ciudadanos est\u00e1 impulsando desde todas las instituciones para la defensa y protecci\u00f3n de los animales. As\u00ed, el edil ha recordado que desde el Congreso de los Diputados se logr\u00f3 la aprobaci\u00f3n de una modificaci\u00f3n del C\u00f3digo Civil para que los animales de compa\u00f1\u00eda dejen de ser considerados cosas y poder elaborar una ley marco que asegure su protecci\u00f3n y el bienestar, y que desde el Ayuntamiento se plante\u00f3 tambi\u00e9n una propuesta para la identificaci\u00f3n de animales abandonados a trav\u00e9s del ADN.<\/p>\n<p style=\"text-align: justify;\">Asimismo, ha puesto de manifiesto la iniciativa que \u00e9l mismo llev\u00f3 a la Diputaci\u00f3n Provincial buscando el sacrificio cero en los puntos de recogida y custodia de animales de compa\u00f1\u00eda abandonados en los municipios y para la creaci\u00f3n de programas de adopci\u00f3n y concienciaci\u00f3n: <strong>\u201cEn Ciudadanos no consideramos a los animales como un tema menor y creemos que es necesario que las personas entiendan que un animal de compa\u00f1\u00eda no es un capricho temporal, sino una responsabilidad a largo plazo\u201d<\/strong>.<\/p>\n","protected":false},"excerpt":{"rendered":"<p>\u201cDesde Ciudadanos pensamos que el maltrato y el abandono de animales no son compatibles con una sociedad desarrollada\u201d, asegura la&hellip;<\/p>\n","protected":false},"author":2,"featured_media":14497,"comment_status":"open","ping_status":"open","sticky":false,"template":"","format":"standard","meta":{"om_disable_all_campaigns":false,"_mi_skip_tracking":false,"_monsterinsights_sitenote_active":false,"_monsterinsights_sitenote_note":"","_monsterinsights_sitenote_category":0,"footnotes":""},"categories":[22],"tags":[],"aioseo_notices":[],"_links":{"self":[{"href":"https:\/\/granadacostaglobal.es\/index.php?rest_route=\/wp\/v2\/posts\/14496"}],"collection":[{"href":"https:\/\/granadacostaglobal.es\/index.php?rest_route=\/wp\/v2\/posts"}],"about":[{"href":"https:\/\/granadacostaglobal.es\/index.php?rest_route=\/wp\/v2\/types\/post"}],"author":[{"embeddable":true,"href":"https:\/\/granadacostaglobal.es\/index.php?rest_route=\/wp\/v2\/users\/2"}],"replies":[{"embeddable":true,"href":"https:\/\/granadacostaglobal.es\/index.php?rest_route=%2Fwp%2Fv2%2Fcomments&post=14496"}],"version-history":[{"count":0,"href":"https:\/\/granadacostaglobal.es\/index.php?rest_route=\/wp\/v2\/posts\/14496\/revisions"}],"wp:featuredmedia":[{"embeddable":true,"href":"https:\/\/granadacostaglobal.es\/index.php?rest_route=\/"}],"wp:attachment":[{"href":"https:\/\/granadacostaglobal.es\/index.php?rest_route=%2Fwp%2Fv2%2Fmedia&parent=14496"}],"wp:term":[{"taxonomy":"category","embeddable":true,"href":"https:\/\/granadacostaglobal.es\/index.php?rest_route=%2Fwp%2Fv2%2Fcategories&post=14496"},{"taxonomy":"post_tag","embeddable":true,"href":"https:\/\/granadacostaglobal.es\/index.php?rest_route=%2Fwp%2Fv2%2Ftags&post=14496"}],"curies":[{"name":"wp","href":"https:\/\/api.w.org\/{rel}","templated":true}]}}