{"id":14490,"date":"2017-09-28T06:25:18","date_gmt":"2017-09-28T06:25:18","guid":{"rendered":"http:\/\/granadacostanacional.es\/?p=14490"},"modified":"2017-09-28T06:25:18","modified_gmt":"2017-09-28T06:25:18","slug":"lisboa-se-prepara-para-dar-el-pistoletazo-de-salida-al-rocknroll-maraton","status":"publish","type":"post","link":"https:\/\/granadacostaglobal.es\/?p=14490","title":{"rendered":"LISBOA SE PREPARA PARA DAR EL PISTOLETAZO DE SALIDA AL ROCK\u2019N\u2019ROLL MARAT\u00d3N"},"content":{"rendered":"<h3 class=\"ecxmsonormal\" style=\"background: white; text-align: justify;\" align=\"center\"><span style=\"font-size: 10.0pt; font-family: 'Arial',sans-serif;\">Los participantes partir\u00e1n el 15 de octubre desde Cascais hasta la Plaza del Comercio<\/span><\/h3>\n<p style=\"text-align: justify;\">Los amantes del <em>running<\/em> tienen un nuevo desaf\u00edo en el horizonte para el que empezar a prepararse: el \u201cRock &#8216;n&#8217; Roll Marat\u00f3n de Lisboa EDP\u201917\u201d. El domingo 15 de octubre tendr\u00e1 lugar una nueva edici\u00f3n de esta popular carrera, caracter\u00edstica por estar acompa\u00f1ada de m\u00fasica rock en directo a lo largo de todo el recorrido.<\/p>\n<p style=\"text-align: justify;\">Se trata de un evento de gran envergadura internacional creado por Rock\u2018n\u2019Roll Marathon Series, entidad que organiza carreras de atletismo en numerosas ciudades del mundo aunando deporte y m\u00fasica rock en bellos paisajes urbanos, como la capital lusa. En esta ocasi\u00f3n, se han programado doce escenarios a lo largo del itinerario en el que actuar\u00e1n un total de 18 bandas.<\/p>\n<p style=\"text-align: justify;\">El Hip\u00f3dromo de la localidad costera de Cascais ser\u00e1 el punto de partida del \u201cEDP Marat\u00f3n de Lisboa\u201d, de 42,2 kil\u00f3metros, que se podr\u00e1n realizar en un margen de seis horas a partir de las 8.00 horas. A diferencia del a\u00f1o pasado, la meta estar\u00e1 ubicada en la Plaza del Comercio, lugar emblem\u00e1tico de Lisboa en el que congregar a los participantes.<\/p>\n<p style=\"text-align: justify;\">Para quienes deseen presentarse a la competici\u00f3n, pero con menor esfuerzo f\u00edsico, el \u201cMedio Marat\u00f3n Santander Totta RTP\u201d situar\u00e1 su l\u00ednea de salida a las 10.30 hrs en el Puente Vasco da Gama. En un l\u00edmite de tiempo de tres horas se podr\u00e1n realizar los 21,1 kil\u00f3metros de trayecto, que culminar\u00e1n igualmente en la Plaza del Comercio.<\/p>\n<p style=\"text-align: justify;\"><a href=\"http:\/\/granadacostanacional.es\/wp-content\/uploads\/2017\/09\/RocknRoll-Lisbon-Marathon17.jpg\"><img decoding=\"async\" loading=\"lazy\" class=\"alignnone  wp-image-14492\" src=\"http:\/\/granadacostanacional.es\/wp-content\/uploads\/2017\/09\/RocknRoll-Lisbon-Marathon17-300x261.jpg\" alt=\"Rock'n'Roll Lisbon Marathon'17\" width=\"553\" height=\"481\" \/><\/a><\/p>\n<p style=\"text-align: justify;\">En paralelo al campeonato principal, se celebrar\u00e1n otras pruebas aptas para distintos tipos de atletas: desde los m\u00e1s mayores hasta los m\u00e1s peque\u00f1os. El \u201cEDP Mini Marat\u00f3n\u201d est\u00e1 pensada para que toda la familia pueda participar haciendo un itinerario de seis kil\u00f3metros que comienza a las 10.30 hrs. en el Puente Vasco da Gama y finaliza en el Parque de las Naciones.<\/p>\n<p style=\"text-align: justify;\">Asimismo, las personas con movilidad reducida tambi\u00e9n tienen cabida en este evento con una carrera de silla de ruedas \u2013\u201cCTT Wheelchair Racing\u201d\u2013 que se disputar\u00e1 el mismo d\u00eda a las 10.25 hrs.<\/p>\n<p style=\"text-align: justify;\">Para calentar motores, el \u00e1nimo deportivo se situar\u00e1 los d\u00edas 12, 13 y 14 de octubre en el\u00a0Parque de las Naciones,\u00a0concretamente en el Pabell\u00f3n de Portugal, donde tendr\u00e1 lugar la Sport Expo \u2013 Feria de Deportes y Ocio, punto de recogida del kit de participaci\u00f3n de las personas inscritas.<\/p>\n<p style=\"text-align: justify;\">Adem\u00e1s, el programa para el d\u00eda 14 de octubre incluye, a las 11.00 hrs., el \u201cPaseo Mimosa nietos y abuelos\u201d, de cuatro kil\u00f3metros de trayecto; y a las 16.00 hrs., la carrera \u201cMini Campeones EDP\u201d, en la que los ni\u00f1os podr\u00e1n competir en distintas categor\u00edas: entre seis y ocho a\u00f1os (600 m); nueve y 10 a\u00f1os (900 m); y de 11 a 13 a\u00f1os (1.500 m). Todos los recorridos se desarrollar\u00e1n en el Parque de las Naciones de Lisboa, junto a la v\u00eda Rossio dos Olivais.<\/p>\n<p>&nbsp;<\/p>\n","protected":false},"excerpt":{"rendered":"<p>Los participantes partir\u00e1n el 15 de octubre desde Cascais hasta la Plaza del Comercio Los amantes del running tienen un&hellip;<\/p>\n","protected":false},"author":2,"featured_media":14491,"comment_status":"open","ping_status":"open","sticky":false,"template":"","format":"standard","meta":{"om_disable_all_campaigns":false,"_mi_skip_tracking":false,"_monsterinsights_sitenote_active":false,"_monsterinsights_sitenote_note":"","_monsterinsights_sitenote_category":0,"footnotes":""},"categories":[22],"tags":[],"aioseo_notices":[],"_links":{"self":[{"href":"https:\/\/granadacostaglobal.es\/index.php?rest_route=\/wp\/v2\/posts\/14490"}],"collection":[{"href":"https:\/\/granadacostaglobal.es\/index.php?rest_route=\/wp\/v2\/posts"}],"about":[{"href":"https:\/\/granadacostaglobal.es\/index.php?rest_route=\/wp\/v2\/types\/post"}],"author":[{"embeddable":true,"href":"https:\/\/granadacostaglobal.es\/index.php?rest_route=\/wp\/v2\/users\/2"}],"replies":[{"embeddable":true,"href":"https:\/\/granadacostaglobal.es\/index.php?rest_route=%2Fwp%2Fv2%2Fcomments&post=14490"}],"version-history":[{"count":0,"href":"https:\/\/granadacostaglobal.es\/index.php?rest_route=\/wp\/v2\/posts\/14490\/revisions"}],"wp:featuredmedia":[{"embeddable":true,"href":"https:\/\/granadacostaglobal.es\/index.php?rest_route=\/"}],"wp:attachment":[{"href":"https:\/\/granadacostaglobal.es\/index.php?rest_route=%2Fwp%2Fv2%2Fmedia&parent=14490"}],"wp:term":[{"taxonomy":"category","embeddable":true,"href":"https:\/\/granadacostaglobal.es\/index.php?rest_route=%2Fwp%2Fv2%2Fcategories&post=14490"},{"taxonomy":"post_tag","embeddable":true,"href":"https:\/\/granadacostaglobal.es\/index.php?rest_route=%2Fwp%2Fv2%2Ftags&post=14490"}],"curies":[{"name":"wp","href":"https:\/\/api.w.org\/{rel}","templated":true}]}}