{"id":14487,"date":"2017-09-27T06:41:04","date_gmt":"2017-09-27T06:41:04","guid":{"rendered":"http:\/\/granadacostanacional.es\/?p=14487"},"modified":"2017-09-27T06:41:04","modified_gmt":"2017-09-27T06:41:04","slug":"ciudadanos-motril-solicita-que-los-plenos-municipales-sean-retransmitidos-en-directo-a-traves-de-internet","status":"publish","type":"post","link":"https:\/\/granadacostaglobal.es\/?p=14487","title":{"rendered":"Ciudadanos Motril solicita que los plenos municipales sean retransmitidos en directo a trav\u00e9s de internet"},"content":{"rendered":"<ul>\n<li style=\"text-align: justify;\">La portavoz de la agrupaci\u00f3n, Lola S\u00e1nchez, considera que se trata de una iniciativa que permitir\u00e1 <strong>\u201cdar una mayor transparencia\u201d <\/strong>a la actividad municipal y <strong>\u201cprestar un servicio a los ciudadanos\u201d<\/strong><\/li>\n<\/ul>\n<p style=\"text-align: justify;\"><strong>\u00a0<\/strong>La agrupaci\u00f3n de Ciudadanos Motril ha registrado en la Concejal\u00eda responsable de la Radio Televisi\u00f3n Motrile\u00f1a (RTVM) una petici\u00f3n para que los plenos del Ayuntamiento de Motril sean retransmitidos en directo v\u00eda <em>streaming<\/em> a trav\u00e9s del canal de YouTube de la RTVM como un <strong>\u201cejercicio de transparencia y servicio a los ciudadanos\u201d<\/strong>.<\/p>\n<p style=\"text-align: justify;\">Seg\u00fan ha valorado la coordinadora de la agrupaci\u00f3n, Raquel Garc\u00eda, <strong>\u201cson muchos los municipios en toda Espa\u00f1a donde, desde hace bastante tiempo, se emiten los plenos municipales en directo a trav\u00e9s de internet para que sus vecinos puedan seguir los acuerdos plenarios c\u00f3modamente y con la inmediatez que permiten las tecnolog\u00edas de comunicaci\u00f3n\u201d<\/strong>. En este mismo sentido, Garc\u00eda ha a\u00f1adido que en ciudades como Granada la emisi\u00f3n del pleno de la televisi\u00f3n municipal TG7 cuenta incluso con int\u00e9rpretes de lengua de signos, que<strong> \u201cpermiten hacer accesible el contenido del pleno para las personas sordas\u201d<\/strong>.<\/p>\n<p style=\"text-align: justify;\">Por su parte, la portavoz de Cs en Motril, Lola S\u00e1nchez, ha explicado que su agrupaci\u00f3n ya ha podido comprobar que las c\u00e1maras de alta definici\u00f3n adquiridas por la RTVM disponen de los mecanismos necesarios para la emisi\u00f3n en directo a trav\u00e9s de<em> streaming<\/em>. <strong>\u201cPara llevar a cabo la emisi\u00f3n se puede utilizar la conexi\u00f3n a internet de fibra \u00f3ptica de que dispone el Ayuntamiento de Motril y el canal de Youtube de la RTVM, realizando los ajustes necesarios en las c\u00e1maras\u201d<\/strong>, ha resaltado S\u00e1nchez, quien ha insistido en que <strong>\u201cno existe ning\u00fan impedimento para que se pueda cumplir con el fin p\u00fablico de informar sobre los acuerdos plenarios\u201d<\/strong>.<\/p>\n<p style=\"text-align: justify;\">La portavoz ha solicitado en el escrito que ya ha remitido al Ayuntamiento motrile\u00f1o que la televisi\u00f3n comience a emitir en directo los plenos a partir del mes de octubre con el objetivo de que pueda ser seguido f\u00e1cilmente desde cualquier lugar tan solo contando con un dispositivo audiovisual con conexi\u00f3n a internet.<\/p>\n","protected":false},"excerpt":{"rendered":"<p>La portavoz de la agrupaci\u00f3n, Lola S\u00e1nchez, considera que se trata de una iniciativa que permitir\u00e1 \u201cdar una mayor transparencia\u201d&hellip;<\/p>\n","protected":false},"author":2,"featured_media":14488,"comment_status":"open","ping_status":"open","sticky":false,"template":"","format":"standard","meta":{"om_disable_all_campaigns":false,"_mi_skip_tracking":false,"_monsterinsights_sitenote_active":false,"_monsterinsights_sitenote_note":"","_monsterinsights_sitenote_category":0,"footnotes":""},"categories":[22],"tags":[],"aioseo_notices":[],"_links":{"self":[{"href":"https:\/\/granadacostaglobal.es\/index.php?rest_route=\/wp\/v2\/posts\/14487"}],"collection":[{"href":"https:\/\/granadacostaglobal.es\/index.php?rest_route=\/wp\/v2\/posts"}],"about":[{"href":"https:\/\/granadacostaglobal.es\/index.php?rest_route=\/wp\/v2\/types\/post"}],"author":[{"embeddable":true,"href":"https:\/\/granadacostaglobal.es\/index.php?rest_route=\/wp\/v2\/users\/2"}],"replies":[{"embeddable":true,"href":"https:\/\/granadacostaglobal.es\/index.php?rest_route=%2Fwp%2Fv2%2Fcomments&post=14487"}],"version-history":[{"count":0,"href":"https:\/\/granadacostaglobal.es\/index.php?rest_route=\/wp\/v2\/posts\/14487\/revisions"}],"wp:featuredmedia":[{"embeddable":true,"href":"https:\/\/granadacostaglobal.es\/index.php?rest_route=\/"}],"wp:attachment":[{"href":"https:\/\/granadacostaglobal.es\/index.php?rest_route=%2Fwp%2Fv2%2Fmedia&parent=14487"}],"wp:term":[{"taxonomy":"category","embeddable":true,"href":"https:\/\/granadacostaglobal.es\/index.php?rest_route=%2Fwp%2Fv2%2Fcategories&post=14487"},{"taxonomy":"post_tag","embeddable":true,"href":"https:\/\/granadacostaglobal.es\/index.php?rest_route=%2Fwp%2Fv2%2Ftags&post=14487"}],"curies":[{"name":"wp","href":"https:\/\/api.w.org\/{rel}","templated":true}]}}